{"id":7130,"date":"2025-07-29T10:43:05","date_gmt":"2025-07-29T13:43:05","guid":{"rendered":"https:\/\/noticiarioregional.com.br\/?p=7130"},"modified":"2025-07-25T10:44:22","modified_gmt":"2025-07-25T13:44:22","slug":"unidade-de-saude-recebe-novas-poltronas-ergonomicas-para-atendimento-ambulatorial","status":"publish","type":"post","link":"https:\/\/noticiarioregional.com.br\/?p=7130","title":{"rendered":"Unidade de Sa\u00fade recebe novas poltronas ergon\u00f4micas para atendimento ambulatorial"},"content":{"rendered":"\n<p><strong>Riqueza \u2013 <\/strong>Na tarde de segunda-feira, 14, a Unidade B\u00e1sica de Sa\u00fade do munic\u00edpio recebeu um refor\u00e7o para a qualifica\u00e7\u00e3o do atendimento ambulatorial: cinco poltronas hospitalares ergon\u00f4micas foram entregues e j\u00e1 est\u00e3o dispon\u00edveis na sala de observa\u00e7\u00e3o. A aquisi\u00e7\u00e3o dos equipamentos foi viabilizada por meio do Fundo de Desenvolvimento da cooperativa Sicredi, em parceria com o Fundo Municipal de Sa\u00fade e a Administra\u00e7\u00e3o Municipal. O projeto que garantiu a doa\u00e7\u00e3o foi desenvolvido pela pr\u00f3pria gest\u00e3o municipal e aprovado pela cooperativa, sem gerar custos ao munic\u00edpio.<\/p>\n\n\n\n<p>De acordo com a secret\u00e1ria municipal de Sa\u00fade, Raquel de Moura, a iniciativa atende a uma necessidade urgente da Unidade. \u201c<em>A sala ambulatorial de observa\u00e7\u00e3o \u00e9 essencial para acolher pacientes que precisam de repouso tempor\u00e1rio, especialmente para administra\u00e7\u00e3o de medica\u00e7\u00f5es intravenosas. Ressaltamos que a unidade contava com algumas camas antigas, que n\u00e3o ofereciam ergonomia, comprometendo o conforto, a seguran\u00e7a e a higiene dos atendimentos<\/em>\u201d, destaca.<\/p>\n\n\n\n<p>Com as novas poltronas, a Secretaria projeta uma melhora significativa na qualidade do atendimento, especialmente considerando que o munic\u00edpio n\u00e3o conta com hospital pr\u00f3prio. \u201c<em>Essa aquisi\u00e7\u00e3o representa um avan\u00e7o importante para garantir atendimento digno e humanizado. Al\u00e9m de oferecer mais conforto aos pacientes, tamb\u00e9m reduz os riscos de contamina\u00e7\u00e3o e facilita o trabalho da equipe de sa\u00fade<\/em>\u201d.<\/p>\n\n\n\n<p><strong>BOX<\/strong><strong>: A estrutura da Unidade de Sa\u00fade<\/strong><\/p>\n\n\n\n<p>A Unidade B\u00e1sica de Sa\u00fade do munic\u00edpio realiza, em m\u00e9dia, 233 atendimentos por dia, incluindo consultas m\u00e9dicas, eletrocardiogramas, curativos, suturas e visitas domiciliares. A equipe \u00e9 composta por quatro m\u00e9dicos, al\u00e9m de enfermeiros, farmac\u00eauticos e psic\u00f3logos. Diante da aus\u00eancia de hospital no munic\u00edpio, casos mais graves s\u00e3o transferidos para cidades vizinhas.<\/p>\n","protected":false},"excerpt":{"rendered":"<p>Riqueza \u2013 Na tarde de segunda-feira, 14, a Unidade B\u00e1sica de Sa\u00fade do munic\u00edpio recebeu um refor\u00e7o para a qualifica\u00e7\u00e3o do atendimento ambulatorial: cinco poltronas hospitalares ergon\u00f4micas foram entregues e j\u00e1 est\u00e3o dispon\u00edveis na sala de observa\u00e7\u00e3o. A aquisi\u00e7\u00e3o dos equipamentos foi viabilizada por meio do Fundo de Desenvolvimento da cooperativa Sicredi, em parceria com<\/p>\n","protected":false},"author":1,"featured_media":7131,"comment_status":"open","ping_status":"open","sticky":false,"template":"","format":"standard","meta":{"footnotes":""},"categories":[41],"tags":[],"class_list":{"0":"post-7130","1":"post","2":"type-post","3":"status-publish","4":"format-standard","5":"has-post-thumbnail","7":"category-noticias"},"_links":{"self":[{"href":"https:\/\/noticiarioregional.com.br\/index.php?rest_route=\/wp\/v2\/posts\/7130","targetHints":{"allow":["GET"]}}],"collection":[{"href":"https:\/\/noticiarioregional.com.br\/index.php?rest_route=\/wp\/v2\/posts"}],"about":[{"href":"https:\/\/noticiarioregional.com.br\/index.php?rest_route=\/wp\/v2\/types\/post"}],"author":[{"embeddable":true,"href":"https:\/\/noticiarioregional.com.br\/index.php?rest_route=\/wp\/v2\/users\/1"}],"replies":[{"embeddable":true,"href":"https:\/\/noticiarioregional.com.br\/index.php?rest_route=%2Fwp%2Fv2%2Fcomments&post=7130"}],"version-history":[{"count":1,"href":"https:\/\/noticiarioregional.com.br\/index.php?rest_route=\/wp\/v2\/posts\/7130\/revisions"}],"predecessor-version":[{"id":7132,"href":"https:\/\/noticiarioregional.com.br\/index.php?rest_route=\/wp\/v2\/posts\/7130\/revisions\/7132"}],"wp:featuredmedia":[{"embeddable":true,"href":"https:\/\/noticiarioregional.com.br\/index.php?rest_route=\/wp\/v2\/media\/7131"}],"wp:attachment":[{"href":"https:\/\/noticiarioregional.com.br\/index.php?rest_route=%2Fwp%2Fv2%2Fmedia&parent=7130"}],"wp:term":[{"taxonomy":"category","embeddable":true,"href":"https:\/\/noticiarioregional.com.br\/index.php?rest_route=%2Fwp%2Fv2%2Fcategories&post=7130"},{"taxonomy":"post_tag","embeddable":true,"href":"https:\/\/noticiarioregional.com.br\/index.php?rest_route=%2Fwp%2Fv2%2Ftags&post=7130"}],"curies":[{"name":"wp","href":"https:\/\/api.w.org\/{rel}","templated":true}]}}