{"id":7133,"date":"2025-07-25T10:46:48","date_gmt":"2025-07-25T13:46:48","guid":{"rendered":"https:\/\/noticiarioregional.com.br\/?p=7133"},"modified":"2025-07-25T10:49:32","modified_gmt":"2025-07-25T13:49:32","slug":"piquenique-de-ferias-na-praca-promete-diversao-gratuita-para-criancas-em-mondai","status":"publish","type":"post","link":"https:\/\/noticiarioregional.com.br\/?p=7133","title":{"rendered":"Piquenique de F\u00e9rias na Pra\u00e7a promete divers\u00e3o gratuita para crian\u00e7as em Monda\u00ed"},"content":{"rendered":"\n<div class=\"wp-block-buttons is-layout-flex wp-block-buttons-is-layout-flex\">\n<div class=\"wp-block-button\"><a class=\"wp-block-button__link wp-element-button\">Por Jocel\u00e2yne Bauer <\/a><\/div>\n<\/div>\n\n\n\n<p><strong>Monda\u00ed &#8211;<\/strong> A Administra\u00e7\u00e3o Municipal, por meio da Secretaria de Educa\u00e7\u00e3o e do Departamento de Cultura, prepara um evento especial para animar as f\u00e9rias escolares das crian\u00e7as do munic\u00edpio. Trata-se do \u201cPiquenique de F\u00e9rias na Pra\u00e7a\u201d, uma iniciativa que acontecer\u00e1 em quatro datas: 22, 23, 29 e 30 de julho, sempre no per\u00edodo da tarde, das 13h30 \u00e0s 17h, na Rua Coberta.<\/p>\n\n\n\n<p>Voltado para o p\u00fablico infantil de 4 a 12 anos, o evento contar\u00e1 com uma programa\u00e7\u00e3o recheada de atividades recreativas ao ar livre, com brincadeiras organizadas, brinquedos infl\u00e1veis e momentos de integra\u00e7\u00e3o que estimulam a conviv\u00eancia e o lazer coletivo.<\/p>\n\n\n\n<p>Segundo o secret\u00e1rio municipal de Educa\u00e7\u00e3o, Julio Dotto, o objetivo da a\u00e7\u00e3o \u00e9 oferecer uma alternativa saud\u00e1vel e acess\u00edvel de divers\u00e3o para as crian\u00e7as durante o recesso escolar. \u201c<em>Queremos proporcionar momentos especiais de alegria e intera\u00e7\u00e3o para nossas crian\u00e7as, aproveitando um espa\u00e7o p\u00fablico de forma segura e divertida. A ideia \u00e9 estimular o conv\u00edvio, o movimento e o brincar coletivo \u2014 elementos t\u00e3o importantes para o desenvolvimento infantil<\/em>\u201d, destacou.<\/p>\n\n\n\n<p>Al\u00e9m das brincadeiras, a alimenta\u00e7\u00e3o tamb\u00e9m faz parte da proposta: nos dias 22 e 23, a Administra\u00e7\u00e3o Municipal ir\u00e1 fornecer o lanche para todos os participantes. J\u00e1 nos dias 29 e 30, ser\u00e1 realizado o formato de lanche compartilhado, onde cada crian\u00e7a poder\u00e1 trazer algo de casa, promovendo um momento de partilha entre os pequenos.<\/p>\n\n\n\n<p>O evento \u00e9 gratuito e n\u00e3o exige inscri\u00e7\u00e3o pr\u00e9via. As fam\u00edlias devem apenas acompanhar os filhos at\u00e9 o local e garantir que estejam com roupas confort\u00e1veis e, de prefer\u00eancia, chap\u00e9u ou bon\u00e9 e protetor solar.&nbsp;&nbsp;&nbsp;&nbsp;&nbsp;&nbsp;&nbsp;&nbsp;&nbsp; A expectativa da Secretaria de Educa\u00e7\u00e3o \u00e9 de reunir um bom n\u00famero de crian\u00e7as em cada uma das tardes, refor\u00e7ando a import\u00e2ncia do lazer p\u00fablico e do uso criativo dos espa\u00e7os urbanos.<\/p>\n","protected":false},"excerpt":{"rendered":"<p>Monda\u00ed &#8211; A Administra\u00e7\u00e3o Municipal, por meio da Secretaria de Educa\u00e7\u00e3o e do Departamento de Cultura, prepara um evento especial para animar as f\u00e9rias escolares das crian\u00e7as do munic\u00edpio. Trata-se do \u201cPiquenique de F\u00e9rias na Pra\u00e7a\u201d, uma iniciativa que acontecer\u00e1 em quatro datas: 22, 23, 29 e 30 de julho, sempre no per\u00edodo da tarde,<\/p>\n","protected":false},"author":1,"featured_media":7134,"comment_status":"open","ping_status":"open","sticky":false,"template":"","format":"standard","meta":{"footnotes":""},"categories":[41],"tags":[],"class_list":{"0":"post-7133","1":"post","2":"type-post","3":"status-publish","4":"format-standard","5":"has-post-thumbnail","7":"category-noticias"},"_links":{"self":[{"href":"https:\/\/noticiarioregional.com.br\/index.php?rest_route=\/wp\/v2\/posts\/7133","targetHints":{"allow":["GET"]}}],"collection":[{"href":"https:\/\/noticiarioregional.com.br\/index.php?rest_route=\/wp\/v2\/posts"}],"about":[{"href":"https:\/\/noticiarioregional.com.br\/index.php?rest_route=\/wp\/v2\/types\/post"}],"author":[{"embeddable":true,"href":"https:\/\/noticiarioregional.com.br\/index.php?rest_route=\/wp\/v2\/users\/1"}],"replies":[{"embeddable":true,"href":"https:\/\/noticiarioregional.com.br\/index.php?rest_route=%2Fwp%2Fv2%2Fcomments&post=7133"}],"version-history":[{"count":1,"href":"https:\/\/noticiarioregional.com.br\/index.php?rest_route=\/wp\/v2\/posts\/7133\/revisions"}],"predecessor-version":[{"id":7135,"href":"https:\/\/noticiarioregional.com.br\/index.php?rest_route=\/wp\/v2\/posts\/7133\/revisions\/7135"}],"wp:featuredmedia":[{"embeddable":true,"href":"https:\/\/noticiarioregional.com.br\/index.php?rest_route=\/wp\/v2\/media\/7134"}],"wp:attachment":[{"href":"https:\/\/noticiarioregional.com.br\/index.php?rest_route=%2Fwp%2Fv2%2Fmedia&parent=7133"}],"wp:term":[{"taxonomy":"category","embeddable":true,"href":"https:\/\/noticiarioregional.com.br\/index.php?rest_route=%2Fwp%2Fv2%2Fcategories&post=7133"},{"taxonomy":"post_tag","embeddable":true,"href":"https:\/\/noticiarioregional.com.br\/index.php?rest_route=%2Fwp%2Fv2%2Ftags&post=7133"}],"curies":[{"name":"wp","href":"https:\/\/api.w.org\/{rel}","templated":true}]}}