{"id":7136,"date":"2025-07-30T10:47:03","date_gmt":"2025-07-30T13:47:03","guid":{"rendered":"https:\/\/noticiarioregional.com.br\/?p=7136"},"modified":"2025-07-25T10:48:17","modified_gmt":"2025-07-25T13:48:17","slug":"de-pequena-horta-a-referencia-em-producao-organica","status":"publish","type":"post","link":"https:\/\/noticiarioregional.com.br\/?p=7136","title":{"rendered":"De pequena horta \u00e0 refer\u00eancia em produ\u00e7\u00e3o org\u00e2nica"},"content":{"rendered":"\n<p><strong>Caibi &#8211;<\/strong> Na linha Gl\u00f3ria, a propriedade do casal Ilse e Jorge Borges dos Santos se transformou, ao longo dos \u00faltimos 17 anos, em um exemplo de produ\u00e7\u00e3o sustent\u00e1vel, perseveran\u00e7a e empreendedorismo familiar. O que come\u00e7ou como uma pequena horta, hoje \u00e9 uma fonte de renda s\u00f3lida e refer\u00eancia em cultivo org\u00e2nico na regi\u00e3o, tendo plantado agora em uma \u00e1rea de aproximadamente 3 hectares.<\/p>\n\n\n\n<p>A produ\u00e7\u00e3o \u00e9 diversificada e impressiona pela variedade: s\u00e3o mais de 20 tipos de hortali\u00e7as e verduras, entre elas alfaces, r\u00faculas, beterraba, agri\u00e3o, temperos, pimenta, rabanete, br\u00f3colis, alho, radite e repolho. Al\u00e9m disso, a propriedade cultiva atualmente cerca de 25 mil p\u00e9s de mandioca. Todo o cultivo \u00e9 realizado de forma 100% org\u00e2nica, sem a utiliza\u00e7\u00e3o de produtos qu\u00edmicos. Ilse \u00e9 a grande protagonista dessa hist\u00f3ria. \u00c9 ela quem coordena todo o processo de plantio, colheita e organiza\u00e7\u00e3o da produ\u00e7\u00e3o. Conta com o aux\u00edlio do marido Jorge, do filho e de um trabalhador contratado. Uma das novidades mais recentes \u00e9 o cultivo de coentro, uma aposta promissora que tem agradado os consumidores.<\/p>\n\n\n\n<p>A rotina \u00e9 intensa. Para manter o ciclo de produ\u00e7\u00e3o constante, Ilse planta cerca de 3 mil mudas por semana, garantindo que haja saladas frescas para entrega cont\u00ednua. No caso dos br\u00f3colis, por exemplo, s\u00e3o cerca de 200 p\u00e9s plantados semanalmente, obedecendo um cronograma rigoroso para que n\u00e3o falte produto na hora da colheita. Al\u00e9m da produ\u00e7\u00e3o no solo, a propriedade tamb\u00e9m abriga uma estufa com sistema hidrop\u00f4nico, onde as hortali\u00e7as s\u00e3o cultivadas diretamente na \u00e1gua, sem uso de terra. A experi\u00eancia com a hidroponia tem dado t\u00e3o certo que j\u00e1 h\u00e1 planos para expandir a estrutura com novas estufas.<\/p>\n\n\n\n<p>A comercializa\u00e7\u00e3o \u00e9 feita diretamente com mercados e tamb\u00e9m com as escolas dos munic\u00edpios de Caibi, Riqueza e Cunha Por\u00e3, para abastecimento das merendas escolares. &nbsp;A hist\u00f3ria da horta come\u00e7ou de forma simples e solid\u00e1ria: Ilse decidiu plantar ap\u00f3s ver sua prima enfrentando problemas de sa\u00fade e sem poder trabalhar. A prima trazia mudas e revendia as saladas que Ilse produzia. O que era um pequeno quadrado de terra foi ganhando espa\u00e7o e import\u00e2ncia.<\/p>\n\n\n\n<p>Com os primeiros lucros, Ilse conseguiu comprar um fusca, que serviu como transporte para as entregas. Mais tarde, com apoio de uma cooperativa, o ve\u00edculo foi trocado por uma Fiorino, o que facilitou o escoamento da produ\u00e7\u00e3o para os mercados locais. Ilse tamb\u00e9m enfrentou seus pr\u00f3prios desafios de sa\u00fade. Passou por uma cirurgia na coluna, e, segundo ela, a horta se tornou uma forma de recupera\u00e7\u00e3o emocional e f\u00edsica. \u201c<em>\u00c9 uma atividade que consigo fazer com calma, no meu tempo, e que me d\u00e1 muita satisfa\u00e7\u00e3o<\/em>\u201d, comenta.<\/p>\n\n\n\n<p>O olhar da fam\u00edlia agora tamb\u00e9m se volta para o turismo rural. A propriedade, que est\u00e1 h\u00e1 79 anos na mesma fam\u00edlia, possui uma \u00e1rvore centen\u00e1ria, \u00e1reas verdes amplas e tranquilas, ideais para o desenvolvimento de trilhas ecol\u00f3gicas e espa\u00e7os de lazer. A ideia \u00e9 aliar produ\u00e7\u00e3o sustent\u00e1vel \u00e0 viv\u00eancia rural, criando um novo atrativo para visitantes que buscam contato com a natureza e alimentos saud\u00e1veis direto da fonte.<\/p>\n","protected":false},"excerpt":{"rendered":"<p>Caibi &#8211; Na linha Gl\u00f3ria, a propriedade do casal Ilse e Jorge Borges dos Santos se transformou, ao longo dos \u00faltimos 17 anos, em um exemplo de produ\u00e7\u00e3o sustent\u00e1vel, perseveran\u00e7a e empreendedorismo familiar. O que come\u00e7ou como uma pequena horta, hoje \u00e9 uma fonte de renda s\u00f3lida e refer\u00eancia em cultivo org\u00e2nico na regi\u00e3o, tendo<\/p>\n","protected":false},"author":1,"featured_media":7137,"comment_status":"open","ping_status":"open","sticky":false,"template":"","format":"standard","meta":{"footnotes":""},"categories":[41],"tags":[],"class_list":{"0":"post-7136","1":"post","2":"type-post","3":"status-publish","4":"format-standard","5":"has-post-thumbnail","7":"category-noticias"},"_links":{"self":[{"href":"https:\/\/noticiarioregional.com.br\/index.php?rest_route=\/wp\/v2\/posts\/7136","targetHints":{"allow":["GET"]}}],"collection":[{"href":"https:\/\/noticiarioregional.com.br\/index.php?rest_route=\/wp\/v2\/posts"}],"about":[{"href":"https:\/\/noticiarioregional.com.br\/index.php?rest_route=\/wp\/v2\/types\/post"}],"author":[{"embeddable":true,"href":"https:\/\/noticiarioregional.com.br\/index.php?rest_route=\/wp\/v2\/users\/1"}],"replies":[{"embeddable":true,"href":"https:\/\/noticiarioregional.com.br\/index.php?rest_route=%2Fwp%2Fv2%2Fcomments&post=7136"}],"version-history":[{"count":1,"href":"https:\/\/noticiarioregional.com.br\/index.php?rest_route=\/wp\/v2\/posts\/7136\/revisions"}],"predecessor-version":[{"id":7138,"href":"https:\/\/noticiarioregional.com.br\/index.php?rest_route=\/wp\/v2\/posts\/7136\/revisions\/7138"}],"wp:featuredmedia":[{"embeddable":true,"href":"https:\/\/noticiarioregional.com.br\/index.php?rest_route=\/wp\/v2\/media\/7137"}],"wp:attachment":[{"href":"https:\/\/noticiarioregional.com.br\/index.php?rest_route=%2Fwp%2Fv2%2Fmedia&parent=7136"}],"wp:term":[{"taxonomy":"category","embeddable":true,"href":"https:\/\/noticiarioregional.com.br\/index.php?rest_route=%2Fwp%2Fv2%2Fcategories&post=7136"},{"taxonomy":"post_tag","embeddable":true,"href":"https:\/\/noticiarioregional.com.br\/index.php?rest_route=%2Fwp%2Fv2%2Ftags&post=7136"}],"curies":[{"name":"wp","href":"https:\/\/api.w.org\/{rel}","templated":true}]}}