{"id":7143,"date":"2025-07-29T14:20:50","date_gmt":"2025-07-29T17:20:50","guid":{"rendered":"https:\/\/noticiarioregional.com.br\/?p=7143"},"modified":"2025-07-29T14:23:11","modified_gmt":"2025-07-29T17:23:11","slug":"secretaria-da-saude-de-descanso-amplia-servicos-de-coleta-de-sangue","status":"publish","type":"post","link":"https:\/\/noticiarioregional.com.br\/?p=7143","title":{"rendered":"Secretaria da Sa\u00fade de Descanso amplia servi\u00e7os de coleta de sangue"},"content":{"rendered":"\n<p>A Unidade de Sa\u00fade do Distrito de Itajub\u00e1 iniciou no dia 15 de julho a coleta de sangue com o objetivo de atender a um antigo pedido e ampliar e melhorar o atendimento aos moradores das comunidades pr\u00f3ximas.<\/p>\n\n\n\n<p>Os atendimentos ocorrem duas vezes por semana, \u00e0s ter\u00e7as e sextas-feiras, sempre das 06h45min \u00e0s 8h. A medida busca facilitar o acesso aos servi\u00e7os de coleta de sangue, proporcionando maior comodidade e agilidade para os cidad\u00e3os que necessitam realizar esse procedimento para os exames cl\u00ednicos.<\/p>\n\n\n\n<p>Para a secretaria de Sa\u00fade, a iniciativa \u00e9 essencial para garantir que os moradores tenham acesso r\u00e1pido e facilitado aos exames de sangue, o que contribui para um diagn\u00f3stico mais \u00e1gil e preciso. O prefeito, Juliano Kasper, celebrou a not\u00edcia. \u201cSabemos da demanda di\u00e1ria das coletas de sangue para a realiza\u00e7\u00e3o dos mais diversos exames. E poder oferecer o servi\u00e7o de maneira descentralizada contribui para a diminui\u00e7\u00e3o da espera e a celeridade dos encaminhamentos m\u00e9dicos. Agradecemos aos profissionais dos Laborat\u00f3rios Biomed e S\u00e3o Gabriel que estar\u00e3o se deslocando duas vezes na semana para trazer mais essa comodidade para os nossos mun\u00edcipes\u201d, finaliza.<\/p>\n","protected":false},"excerpt":{"rendered":"<p>A Unidade de Sa\u00fade do Distrito de Itajub\u00e1 iniciou no dia 15 de julho a coleta de sangue com o objetivo de atender a um antigo pedido e ampliar e melhorar o atendimento aos moradores das comunidades pr\u00f3ximas. Os atendimentos ocorrem duas vezes por semana, \u00e0s ter\u00e7as e sextas-feiras, sempre das 06h45min \u00e0s 8h. A<\/p>\n","protected":false},"author":1,"featured_media":7144,"comment_status":"open","ping_status":"open","sticky":false,"template":"","format":"standard","meta":{"footnotes":""},"categories":[41],"tags":[],"class_list":{"0":"post-7143","1":"post","2":"type-post","3":"status-publish","4":"format-standard","5":"has-post-thumbnail","7":"category-noticias"},"_links":{"self":[{"href":"https:\/\/noticiarioregional.com.br\/index.php?rest_route=\/wp\/v2\/posts\/7143","targetHints":{"allow":["GET"]}}],"collection":[{"href":"https:\/\/noticiarioregional.com.br\/index.php?rest_route=\/wp\/v2\/posts"}],"about":[{"href":"https:\/\/noticiarioregional.com.br\/index.php?rest_route=\/wp\/v2\/types\/post"}],"author":[{"embeddable":true,"href":"https:\/\/noticiarioregional.com.br\/index.php?rest_route=\/wp\/v2\/users\/1"}],"replies":[{"embeddable":true,"href":"https:\/\/noticiarioregional.com.br\/index.php?rest_route=%2Fwp%2Fv2%2Fcomments&post=7143"}],"version-history":[{"count":2,"href":"https:\/\/noticiarioregional.com.br\/index.php?rest_route=\/wp\/v2\/posts\/7143\/revisions"}],"predecessor-version":[{"id":7146,"href":"https:\/\/noticiarioregional.com.br\/index.php?rest_route=\/wp\/v2\/posts\/7143\/revisions\/7146"}],"wp:featuredmedia":[{"embeddable":true,"href":"https:\/\/noticiarioregional.com.br\/index.php?rest_route=\/wp\/v2\/media\/7144"}],"wp:attachment":[{"href":"https:\/\/noticiarioregional.com.br\/index.php?rest_route=%2Fwp%2Fv2%2Fmedia&parent=7143"}],"wp:term":[{"taxonomy":"category","embeddable":true,"href":"https:\/\/noticiarioregional.com.br\/index.php?rest_route=%2Fwp%2Fv2%2Fcategories&post=7143"},{"taxonomy":"post_tag","embeddable":true,"href":"https:\/\/noticiarioregional.com.br\/index.php?rest_route=%2Fwp%2Fv2%2Ftags&post=7143"}],"curies":[{"name":"wp","href":"https:\/\/api.w.org\/{rel}","templated":true}]}}