{"id":7150,"date":"2025-07-29T14:46:07","date_gmt":"2025-07-29T17:46:07","guid":{"rendered":"https:\/\/noticiarioregional.com.br\/?p=7150"},"modified":"2025-07-29T14:46:08","modified_gmt":"2025-07-29T17:46:08","slug":"santa-helena-abre-inscricoes-para-o-programa-bolsa-atleta","status":"publish","type":"post","link":"https:\/\/noticiarioregional.com.br\/?p=7150","title":{"rendered":"Santa Helena abre inscri\u00e7\u00f5es para o programa Bolsa Atleta"},"content":{"rendered":"\n<p><em>Programa fornece incentivo de vale transporte para os competidores<\/em><\/p>\n\n\n\n<p>Com o objetivo de incentivar a pr\u00e1tica esportiva e apoiar talentos locais, o munic\u00edpio lan\u00e7ou o programa Bolsa Atleta que ter\u00e1 como incentivo o vale-transporte para todos os atletas beneficiados pela lei municipal. A medida pretende facilitar o deslocamento dos esportistas, considerados de alto rendimento, para eventos e campeonatos.<\/p>\n\n\n\n<p>De acordo com o secret\u00e1rio de Educa\u00e7\u00e3o, Desporto e Lazer do munic\u00edpio, Sadi Coletto, o vale-transporte atende a uma antiga reivindica\u00e7\u00e3o dos atletas, por estes muitas vezes enfrentarem dificuldades para custear o transporte at\u00e9 os locais de competi\u00e7\u00e3o, especialmente em modalidades que exigem deslocamentos frequentes fora do munic\u00edpio.<\/p>\n\n\n\n<p>Os atletas que tem direito ao benef\u00edcio s\u00e3o os de alto rendimento das categorias atleta de base: destinada aos atletas que participem com destaque das categorias iniciantes, a serem determinadas pela respectiva organiza\u00e7\u00e3o que administra e regula a modalidade esportiva;<br>estudantil: destinada aos atletas que tenham participado de eventos municipais\/estaduais ou nacionais estudantis reconhecidos pelo Minist\u00e9rio do Esporte; e atleta nacional: destinada aos atletas que tenham participado de competi\u00e7\u00e3o esportiva em \u00e2mbito nacional, indicada pela respectiva organiza\u00e7\u00e3o nacional que administra e regula a modalidade esportiva e que atende aos crit\u00e9rios fixados pelo Minist\u00e9rio do Esporte.<\/p>\n\n\n\n<p><em>\u201cQueremos garantir que nenhum talento de Santa Helena deixe de competir ou treinar por falta de meios para se locomover. Com o vale-transporte, ampliamos as oportunidades e fortalecemos o desenvolvimento esportivo local\u201d,<\/em> afirma o secret\u00e1rio.<\/p>\n\n\n\n<p>O benef\u00edcio estar\u00e1 dispon\u00edvel j\u00e1 a partir deste m\u00eas para os atletas contemplados pelo programa. Os interessados em participar do Bolsa Atleta devem se cadastrar no site da prefeitura, no \u00edcone \u201cservi\u00e7os ao cidad\u00e3o\u201d e depois em \u201cemitir protocolo\u201d e criar seu cadastro. Feito o login, o solicitante deve preencher o campo \u201cAssunto\u201d com \u201cSolicita\u00e7\u00f5es\u201d e, posteriormente \u201cBolsa Atleta &#8211; Vale Transporte\u201d e anexar todos os documentos exigidos pela lei. Em caso de dificuldades para o acesso ou d\u00favidas o interessado poder\u00e1 entrar em contato com a secretaria de Educa\u00e7\u00e3o, Desporte e Lazer.<\/p>\n","protected":false},"excerpt":{"rendered":"<p>Programa fornece incentivo de vale transporte para os competidores Com o objetivo de incentivar a pr\u00e1tica esportiva e apoiar talentos locais, o munic\u00edpio lan\u00e7ou o programa Bolsa Atleta que ter\u00e1 como incentivo o vale-transporte para todos os atletas beneficiados pela lei municipal. A medida pretende facilitar o deslocamento dos esportistas, considerados de alto rendimento, para<\/p>\n","protected":false},"author":1,"featured_media":7151,"comment_status":"open","ping_status":"open","sticky":false,"template":"","format":"standard","meta":{"footnotes":""},"categories":[41],"tags":[],"class_list":{"0":"post-7150","1":"post","2":"type-post","3":"status-publish","4":"format-standard","5":"has-post-thumbnail","7":"category-noticias"},"_links":{"self":[{"href":"https:\/\/noticiarioregional.com.br\/index.php?rest_route=\/wp\/v2\/posts\/7150","targetHints":{"allow":["GET"]}}],"collection":[{"href":"https:\/\/noticiarioregional.com.br\/index.php?rest_route=\/wp\/v2\/posts"}],"about":[{"href":"https:\/\/noticiarioregional.com.br\/index.php?rest_route=\/wp\/v2\/types\/post"}],"author":[{"embeddable":true,"href":"https:\/\/noticiarioregional.com.br\/index.php?rest_route=\/wp\/v2\/users\/1"}],"replies":[{"embeddable":true,"href":"https:\/\/noticiarioregional.com.br\/index.php?rest_route=%2Fwp%2Fv2%2Fcomments&post=7150"}],"version-history":[{"count":1,"href":"https:\/\/noticiarioregional.com.br\/index.php?rest_route=\/wp\/v2\/posts\/7150\/revisions"}],"predecessor-version":[{"id":7152,"href":"https:\/\/noticiarioregional.com.br\/index.php?rest_route=\/wp\/v2\/posts\/7150\/revisions\/7152"}],"wp:featuredmedia":[{"embeddable":true,"href":"https:\/\/noticiarioregional.com.br\/index.php?rest_route=\/wp\/v2\/media\/7151"}],"wp:attachment":[{"href":"https:\/\/noticiarioregional.com.br\/index.php?rest_route=%2Fwp%2Fv2%2Fmedia&parent=7150"}],"wp:term":[{"taxonomy":"category","embeddable":true,"href":"https:\/\/noticiarioregional.com.br\/index.php?rest_route=%2Fwp%2Fv2%2Fcategories&post=7150"},{"taxonomy":"post_tag","embeddable":true,"href":"https:\/\/noticiarioregional.com.br\/index.php?rest_route=%2Fwp%2Fv2%2Ftags&post=7150"}],"curies":[{"name":"wp","href":"https:\/\/api.w.org\/{rel}","templated":true}]}}