{"id":7153,"date":"2025-07-30T09:47:00","date_gmt":"2025-07-30T12:47:00","guid":{"rendered":"https:\/\/noticiarioregional.com.br\/?p=7153"},"modified":"2025-08-05T09:59:07","modified_gmt":"2025-08-05T12:59:07","slug":"mobilizacao-de-maes-resulta-na-criacao-de-associacao-pro-autismo-em-belmonte","status":"publish","type":"post","link":"https:\/\/noticiarioregional.com.br\/?p=7153","title":{"rendered":"Mobiliza\u00e7\u00e3o de m\u00e3es resulta na cria\u00e7\u00e3o de Associa\u00e7\u00e3o Pr\u00f3 Autismo em Belmonte"},"content":{"rendered":"\n<p><em>Entidade j\u00e1 tem garantia de recursos e ced\u00eancia de terreno para a constru\u00e7\u00e3o da sede pr\u00f3pria<\/em><\/p>\n\n\n\n<p>Duas m\u00e3es, movidas pelo amor e pela vontade de oferecer um futuro melhor para seus filhos autistas, iniciaram uma mobiliza\u00e7\u00e3o no munic\u00edpio para a funda\u00e7\u00e3o da Associa\u00e7\u00e3o Pr\u00f3 Autismo de Belmonte. Daniela Mallmann e Michele Pancotte, m\u00e3es de Pedro Henrique e Breno respectivamente, compartilham da mesma dificuldade em rela\u00e7\u00e3o a falta de pol\u00edticas p\u00fablicas e rede de apoio para atender as crian\u00e7as com autismo, bem como, suas respectivas fam\u00edlias.<\/p>\n\n\n\n<p>A cria\u00e7\u00e3o da Associa\u00e7\u00e3o j\u00e1 vinha sendo discutida e pensada h\u00e1 praticamente dois anos, logo ap\u00f3s os filhos de Daniela e Michele serem diagnosticados com o Transtorno do Espectro Autista, TEA. As m\u00e3es relembram que foram muitas conversas e planejamento para que, de fato, em janeiro de 2025 iniciassem os tr\u00e2mites para dar in\u00edcio a funda\u00e7\u00e3o da associa\u00e7\u00e3o. Inicialmente foram necess\u00e1rios nomes do munic\u00edpio para compor a entidade, e a partir disso, foi realizada a assembleia com escolha da diretoria e a funda\u00e7\u00e3o oficial da associa\u00e7\u00e3o, no dia 13 de mar\u00e7o de 2025. Como presidente foi eleita Michele Pancotte.<\/p>\n\n\n\n<p>Daniela e Michele n\u00e3o pensavam apenas na cria\u00e7\u00e3o e funda\u00e7\u00e3o da associa\u00e7\u00e3o, mas tamb\u00e9m, na constru\u00e7\u00e3o de um espa\u00e7o para atender as crian\u00e7as e suas fam\u00edlias, dando todo o suporte necess\u00e1rio nesse processo. E assim, com a associa\u00e7\u00e3o devidamente institu\u00edda, as m\u00e3es e a diretoria passaram a planejar uma forma de obter os recursos para a constru\u00e7\u00e3o do espa\u00e7o.<\/p>\n\n\n\n<p>Em viagem \u00e0 Bras\u00edlia a presidente do Legislativo de Belmonte, vereadora H\u00e9rica Dalmonte, visitou o gabinete do presidente do Marco da Crian\u00e7a e do Adolescente, Evandro Dal Moro, buscando viabilizar recursos para a constru\u00e7\u00e3o da entidade. E na \u00faltima semana, foi anunciada a garantia de R$ 850 mil para esta finalidade. Junto ao an\u00fancio dos recursos articulados pela vereadora, o munic\u00edpio confirmou como contrapartida a cess\u00e3o de um terreno p\u00fablico para construir a sede da associa\u00e7\u00e3o. Ainda antes da viagem a Bras\u00edlia, a vereadora e a presidente da associa\u00e7\u00e3o participaram de uma reuni\u00e3o online com o presidente do Marco da Crian\u00e7a e Adolescente em que ele j\u00e1 havia assegurado o recurso.<\/p>\n\n\n\n<p>Conforme Daniela, o objetivo da associa\u00e7\u00e3o \u00e9 oferecer apoio as crian\u00e7as autistas, bem como, aos seus familiares. <em>\u201cNosso prop\u00f3sito \u00e9 lutar por direitos e inclus\u00e3o, al\u00e9m de criar uma rede de apoio para o desenvolvimento e bem-estar de pessoas com TEA, transformando uma sociedade mais inclusiva e igualit\u00e1ria para todos\u201d.<\/em><\/p>\n\n\n\n<p>Michele, presidente da Associa\u00e7\u00e3o Pr\u00f3 Autismo, complementa que: <em>\u201ca viv\u00eancia e os desafios enfrentados diariamente por n\u00f3s m\u00e3es v\u00e3o al\u00e9m dos cuidados com nossos filhos autistas. Esses desafios envolvem aspectos emocionais, sociais, financeiros e f\u00edsicos enquanto m\u00e3es, por isso sentimos a necessidade de um espa\u00e7o acolhedor, sendo a associa\u00e7\u00e3o uma rede de afeto, empatia e for\u00e7a, onde cada m\u00e3e encontra apoio, troca de experi\u00eancias e esperan\u00e7a. A nossa uni\u00e3o mostra que, juntas, \u00e9 poss\u00edvel transformar realidades e construir um mundo mais inclusivo para todas as crian\u00e7as\u201d.<\/em><\/p>\n\n\n\n<p>No dia 09 de agosto a Associa\u00e7\u00e3o promove seu primeiro evento, um jantar que objetiva apresentar a entidade a comunidade. O evento ser\u00e1 realizado no gin\u00e1sio da comunidade de Belmonte, com in\u00edcio \u00e0s 19h. O card\u00e1pio ser\u00e1 macarr\u00e3o com galeto, saladas, p\u00e3o e cuca. As fichas est\u00e3o sendo vendidas pelos integrantes da associa\u00e7\u00e3o ao valor de R$ 30,00 adulto e de R$ 15,00 para crian\u00e7as de 10 a 12 anos. Menores de 10 anos n\u00e3o pagam. Fichas de janta podem ser adquiridas com Michele pelo (49) 991433973, com Sandra pelo (49) 991282322 ou com Graci pelo (49) 999559001.<\/p>\n","protected":false},"excerpt":{"rendered":"<p>Entidade j\u00e1 tem garantia de recursos e ced\u00eancia de terreno para a constru\u00e7\u00e3o da sede pr\u00f3pria Duas m\u00e3es, movidas pelo amor e pela vontade de oferecer um futuro melhor para seus filhos autistas, iniciaram uma mobiliza\u00e7\u00e3o no munic\u00edpio para a funda\u00e7\u00e3o da Associa\u00e7\u00e3o Pr\u00f3 Autismo de Belmonte. Daniela Mallmann e Michele Pancotte, m\u00e3es de Pedro<\/p>\n","protected":false},"author":1,"featured_media":7154,"comment_status":"open","ping_status":"open","sticky":false,"template":"","format":"standard","meta":{"footnotes":""},"categories":[41],"tags":[],"class_list":{"0":"post-7153","1":"post","2":"type-post","3":"status-publish","4":"format-standard","5":"has-post-thumbnail","7":"category-noticias"},"_links":{"self":[{"href":"https:\/\/noticiarioregional.com.br\/index.php?rest_route=\/wp\/v2\/posts\/7153","targetHints":{"allow":["GET"]}}],"collection":[{"href":"https:\/\/noticiarioregional.com.br\/index.php?rest_route=\/wp\/v2\/posts"}],"about":[{"href":"https:\/\/noticiarioregional.com.br\/index.php?rest_route=\/wp\/v2\/types\/post"}],"author":[{"embeddable":true,"href":"https:\/\/noticiarioregional.com.br\/index.php?rest_route=\/wp\/v2\/users\/1"}],"replies":[{"embeddable":true,"href":"https:\/\/noticiarioregional.com.br\/index.php?rest_route=%2Fwp%2Fv2%2Fcomments&post=7153"}],"version-history":[{"count":3,"href":"https:\/\/noticiarioregional.com.br\/index.php?rest_route=\/wp\/v2\/posts\/7153\/revisions"}],"predecessor-version":[{"id":7186,"href":"https:\/\/noticiarioregional.com.br\/index.php?rest_route=\/wp\/v2\/posts\/7153\/revisions\/7186"}],"wp:featuredmedia":[{"embeddable":true,"href":"https:\/\/noticiarioregional.com.br\/index.php?rest_route=\/wp\/v2\/media\/7154"}],"wp:attachment":[{"href":"https:\/\/noticiarioregional.com.br\/index.php?rest_route=%2Fwp%2Fv2%2Fmedia&parent=7153"}],"wp:term":[{"taxonomy":"category","embeddable":true,"href":"https:\/\/noticiarioregional.com.br\/index.php?rest_route=%2Fwp%2Fv2%2Fcategories&post=7153"},{"taxonomy":"post_tag","embeddable":true,"href":"https:\/\/noticiarioregional.com.br\/index.php?rest_route=%2Fwp%2Fv2%2Ftags&post=7153"}],"curies":[{"name":"wp","href":"https:\/\/api.w.org\/{rel}","templated":true}]}}