{"id":7156,"date":"2025-07-30T14:50:11","date_gmt":"2025-07-30T17:50:11","guid":{"rendered":"https:\/\/noticiarioregional.com.br\/?p=7156"},"modified":"2025-07-29T14:52:42","modified_gmt":"2025-07-29T17:52:42","slug":"museu-padre-guido-roque-lawisch-realiza-exposicao-de-casa-tematica","status":"publish","type":"post","link":"https:\/\/noticiarioregional.com.br\/?p=7156","title":{"rendered":"Museu Padre Guido Roque Lawisch realiza exposi\u00e7\u00e3o de casa tem\u00e1tica"},"content":{"rendered":"\n<p><em>Exposi\u00e7\u00e3o representa c\u00f4modos das casas de antigamente<\/em><\/p>\n\n\n\n<p>Iniciou no dia 18 de julho uma nova exposi\u00e7\u00e3o no Museu Padre Guido Roque Lawisch. Conforme a coordenadora, Rejane Ertel Welter, a exposi\u00e7\u00e3o denominada \u201cAconchego Antigo: O lar da v\u00f3 na col\u00f4nia alem\u00e3\u201d, retrata uma casa de antigamente, com fog\u00e3o a lenha, o arm\u00e1rio, paneleiro, quarto e sala. Lembra que a casa tem\u00e1tica tamb\u00e9m foi montada para ser visitada no per\u00edodo em que acontece a Semana Alem\u00e3, evento que remete a hist\u00f3ria e a cultura do munic\u00edpio.<\/p>\n\n\n\n<p>Rejane destaca que as pessoas de mais idade gostam de recordar o passado ao visitarem a exposi\u00e7\u00e3o, j\u00e1 entre os mais novos, muitos n\u00e3o conhecem como eram as casas antigamente. Os objetos expostos foram todos doados. A exposi\u00e7\u00e3o se estende durante o m\u00eas de agosto.<\/p>\n\n\n\n<p>Para contemplar o p\u00fablico que prestigiou a Semana Alem\u00e3, a coordenadora acrescenta que a exposi\u00e7\u00e3o tamb\u00e9m pode ser visitada durante a programa\u00e7\u00e3o, de 19 a 26 de julho. <\/p>\n\n\n\n<p>Diariamente o atendimento no museu ocorre no mesmo hor\u00e1rio dos demais \u00f3rg\u00e3os p\u00fablicos, das 7h30 \u00e0s 11h30, e das 13h15 \u00e0s 17h15. Para visitas ap\u00f3s esse hor\u00e1rio, ou at\u00e9 em finais de semana, o agendamento pr\u00e9vio pode ser feito pelo telefone de contato da coordenadora, o (49) 9902-8106.<\/p>\n","protected":false},"excerpt":{"rendered":"<p>Exposi\u00e7\u00e3o representa c\u00f4modos das casas de antigamente Iniciou no dia 18 de julho uma nova exposi\u00e7\u00e3o no Museu Padre Guido Roque Lawisch. Conforme a coordenadora, Rejane Ertel Welter, a exposi\u00e7\u00e3o denominada \u201cAconchego Antigo: O lar da v\u00f3 na col\u00f4nia alem\u00e3\u201d, retrata uma casa de antigamente, com fog\u00e3o a lenha, o arm\u00e1rio, paneleiro, quarto e sala.<\/p>\n","protected":false},"author":1,"featured_media":7157,"comment_status":"open","ping_status":"open","sticky":false,"template":"","format":"standard","meta":{"footnotes":""},"categories":[41],"tags":[],"class_list":{"0":"post-7156","1":"post","2":"type-post","3":"status-publish","4":"format-standard","5":"has-post-thumbnail","7":"category-noticias"},"_links":{"self":[{"href":"https:\/\/noticiarioregional.com.br\/index.php?rest_route=\/wp\/v2\/posts\/7156","targetHints":{"allow":["GET"]}}],"collection":[{"href":"https:\/\/noticiarioregional.com.br\/index.php?rest_route=\/wp\/v2\/posts"}],"about":[{"href":"https:\/\/noticiarioregional.com.br\/index.php?rest_route=\/wp\/v2\/types\/post"}],"author":[{"embeddable":true,"href":"https:\/\/noticiarioregional.com.br\/index.php?rest_route=\/wp\/v2\/users\/1"}],"replies":[{"embeddable":true,"href":"https:\/\/noticiarioregional.com.br\/index.php?rest_route=%2Fwp%2Fv2%2Fcomments&post=7156"}],"version-history":[{"count":1,"href":"https:\/\/noticiarioregional.com.br\/index.php?rest_route=\/wp\/v2\/posts\/7156\/revisions"}],"predecessor-version":[{"id":7158,"href":"https:\/\/noticiarioregional.com.br\/index.php?rest_route=\/wp\/v2\/posts\/7156\/revisions\/7158"}],"wp:featuredmedia":[{"embeddable":true,"href":"https:\/\/noticiarioregional.com.br\/index.php?rest_route=\/wp\/v2\/media\/7157"}],"wp:attachment":[{"href":"https:\/\/noticiarioregional.com.br\/index.php?rest_route=%2Fwp%2Fv2%2Fmedia&parent=7156"}],"wp:term":[{"taxonomy":"category","embeddable":true,"href":"https:\/\/noticiarioregional.com.br\/index.php?rest_route=%2Fwp%2Fv2%2Fcategories&post=7156"},{"taxonomy":"post_tag","embeddable":true,"href":"https:\/\/noticiarioregional.com.br\/index.php?rest_route=%2Fwp%2Fv2%2Ftags&post=7156"}],"curies":[{"name":"wp","href":"https:\/\/api.w.org\/{rel}","templated":true}]}}