{"id":7159,"date":"2025-07-31T07:53:00","date_gmt":"2025-07-31T10:53:00","guid":{"rendered":"https:\/\/noticiarioregional.com.br\/?p=7159"},"modified":"2025-07-29T14:54:56","modified_gmt":"2025-07-29T17:54:56","slug":"agencia-da-cresol-de-ipora-do-oeste-possui-novo-gerente","status":"publish","type":"post","link":"https:\/\/noticiarioregional.com.br\/?p=7159","title":{"rendered":"Ag\u00eancia da Cresol de Ipor\u00e3 do Oeste possui novo gerente"},"content":{"rendered":"\n<p>Em julho iniciou oficialmente o atendimento na ag\u00eancia da Cresol do munic\u00edpio o novo gerente, Daniel Eduardo Dotto. J\u00e1 conhecido da comunidade local, Daniel \u00e9 natural de Ipor\u00e3 do Oeste, onde j\u00e1 atuou em cooperativa anteriormente e onde tamb\u00e9m residem seus familiares.<\/p>\n\n\n\n<p>No in\u00edcio de 2020 Daniel se mudou com a esposa, Francieli Wolf, para a cidade de Planalto, Rio Grande do Sul, para atuar em ag\u00eancia de outra cooperativa. Ap\u00f3s, foi transferido para ag\u00eancia de Alpestre, tamb\u00e9m no RS, onde assumiu a ger\u00eancia. Por mais um per\u00edodo atuou depois na ag\u00eancia de S\u00e3o Luiz Gonzaga, onde ficou at\u00e9 agosto de 2024. No final do ano passado iniciou a sua aten\u00e7\u00e3o na cooperativa Cresol, na ag\u00eancia da cidade de Dezesseis de Novembro, RS. E este ano, surgiu a oportunidade de Daniel retornar para casa, e assumir a ger\u00eancia da Cresol de Ipor\u00e3 do Oeste.<\/p>\n\n\n\n<p><em>\u201cEstou bem feliz com o novo desafio e feliz por voltar a Ipor\u00e3. Muitas pessoas me conhecem, e tamb\u00e9m ao meu pai, Gilberto, pela lideran\u00e7a que foi na cidade e seu envolvimento na comunidade. Tudo isso vai agregar para o meu trabalho na ag\u00eancia, pois mesmo estando em outras cidades, nunca perdi minha liga\u00e7\u00e3o com o munic\u00edpio onde nasci e me criei\u201d.<\/em><\/p>\n\n\n\n<p>Atuando em cooperativas desde o ano de 2010, Daniel ressalta que o foco dos seus trabalhos ser\u00e1 o bom atendimento aos associados. Comenta que essa proximidade com os s\u00f3cios ser\u00e1 atrav\u00e9s de visitas, o atendimento presencial na ag\u00eancia e pelos canais de comunica\u00e7\u00e3o, na forma que for melhor e que o associado preferir. O gerente considera que a ag\u00eancia do munic\u00edpio cresceu muito, e a equipe evoluiu junto, com colaboradores preparados e capacitados para atender as diferentes demandas dos s\u00f3cios, sejam agricultores, empres\u00e1rios, prestadores de servi\u00e7os ou pessoas f\u00edsicas.<\/p>\n","protected":false},"excerpt":{"rendered":"<p>Em julho iniciou oficialmente o atendimento na ag\u00eancia da Cresol do munic\u00edpio o novo gerente, Daniel Eduardo Dotto. J\u00e1 conhecido da comunidade local, Daniel \u00e9 natural de Ipor\u00e3 do Oeste, onde j\u00e1 atuou em cooperativa anteriormente e onde tamb\u00e9m residem seus familiares. No in\u00edcio de 2020 Daniel se mudou com a esposa, Francieli Wolf, para<\/p>\n","protected":false},"author":1,"featured_media":7160,"comment_status":"open","ping_status":"open","sticky":false,"template":"","format":"standard","meta":{"footnotes":""},"categories":[41],"tags":[],"class_list":{"0":"post-7159","1":"post","2":"type-post","3":"status-publish","4":"format-standard","5":"has-post-thumbnail","7":"category-noticias"},"_links":{"self":[{"href":"https:\/\/noticiarioregional.com.br\/index.php?rest_route=\/wp\/v2\/posts\/7159","targetHints":{"allow":["GET"]}}],"collection":[{"href":"https:\/\/noticiarioregional.com.br\/index.php?rest_route=\/wp\/v2\/posts"}],"about":[{"href":"https:\/\/noticiarioregional.com.br\/index.php?rest_route=\/wp\/v2\/types\/post"}],"author":[{"embeddable":true,"href":"https:\/\/noticiarioregional.com.br\/index.php?rest_route=\/wp\/v2\/users\/1"}],"replies":[{"embeddable":true,"href":"https:\/\/noticiarioregional.com.br\/index.php?rest_route=%2Fwp%2Fv2%2Fcomments&post=7159"}],"version-history":[{"count":1,"href":"https:\/\/noticiarioregional.com.br\/index.php?rest_route=\/wp\/v2\/posts\/7159\/revisions"}],"predecessor-version":[{"id":7161,"href":"https:\/\/noticiarioregional.com.br\/index.php?rest_route=\/wp\/v2\/posts\/7159\/revisions\/7161"}],"wp:featuredmedia":[{"embeddable":true,"href":"https:\/\/noticiarioregional.com.br\/index.php?rest_route=\/wp\/v2\/media\/7160"}],"wp:attachment":[{"href":"https:\/\/noticiarioregional.com.br\/index.php?rest_route=%2Fwp%2Fv2%2Fmedia&parent=7159"}],"wp:term":[{"taxonomy":"category","embeddable":true,"href":"https:\/\/noticiarioregional.com.br\/index.php?rest_route=%2Fwp%2Fv2%2Fcategories&post=7159"},{"taxonomy":"post_tag","embeddable":true,"href":"https:\/\/noticiarioregional.com.br\/index.php?rest_route=%2Fwp%2Fv2%2Ftags&post=7159"}],"curies":[{"name":"wp","href":"https:\/\/api.w.org\/{rel}","templated":true}]}}