{"id":7162,"date":"2025-07-31T14:55:19","date_gmt":"2025-07-31T17:55:19","guid":{"rendered":"https:\/\/noticiarioregional.com.br\/?p=7162"},"modified":"2025-08-05T10:01:24","modified_gmt":"2025-08-05T13:01:24","slug":"professor-leandro-kist-e-convocado-para-a-comissao-tecnica-da-selecao-catarinense-de-handebol-infantil-feminina","status":"publish","type":"post","link":"https:\/\/noticiarioregional.com.br\/?p=7162","title":{"rendered":"Professor Leandro Kist \u00e9 convocado para a Comiss\u00e3o T\u00e9cnica da Sele\u00e7\u00e3o Catarinense de Handebol Infantil Feminina"},"content":{"rendered":"\n<p>No dia 06 de julho, quando retornava para casa ap\u00f3s participar de jogos da liga catarinense juvenil do sub-18, o professor de educa\u00e7\u00e3o f\u00edsica, Leandro Kist, recebeu uma mensagem do ex-t\u00e9cnico da sele\u00e7\u00e3o brasileira feminina de handebol e atual vice-presidente da Federa\u00e7\u00e3o Catarinense de Handebol, Alexandre Schneider. Na mensagem, o convite para uma reuni\u00e3o online no dia seguinte, segunda-feira, 07 de julho.<\/p>\n\n\n\n<p>Para a surpresa de Leandro e de toda a fam\u00edlia, durante a reuni\u00e3o, que teve a presen\u00e7a do presidente da Federa\u00e7\u00e3o e outros professores, foi feito o convite para que ele integrasse a Comiss\u00e3o T\u00e9cnica da Sele\u00e7\u00e3o Catarinense de Handebol Infantil Feminina, sele\u00e7\u00e3o esta que vai participar do campeonato Brasileiro de sele\u00e7\u00f5es organizado pela&nbsp; Confedera\u00e7\u00e3o Brasileira de Handebol, a CBHbl, de 11 a 16 de agosto em Guarapuava, no Paran\u00e1.<\/p>\n\n\n\n<p>Leandro explica que a comiss\u00e3o \u00e9 composta por quatro pessoas que ter\u00e3o a fun\u00e7\u00e3o de selecionar atletas de todo o estado, com idade at\u00e9 14 anos. Destas, as atletas selecionadas ir\u00e3o para a segunda fase e para a competi\u00e7\u00e3o. A comiss\u00e3o tamb\u00e9m ter\u00e1 a fun\u00e7\u00e3o de treinar a equipe que ir\u00e1 disputar o campeonato brasileiro de Handebol em agosto.<\/p>\n\n\n\n<p>Segundo Leandro, trata-se de uma convoca\u00e7\u00e3o in\u00e9dita, pois \u00e9 a primeira vez que \u00e9 convidado para participar de um evento deste porte. Define que isso \u00e9 resultado de muitos anos de dedica\u00e7\u00e3o no treinamento dos atletas de Ipor\u00e3 do Oeste. Comenta ainda que nos \u00faltimos dois anos os resultados desse trabalho ficaram mais vis\u00edveis com a conquista do 4\u00ba lugar no estadual do JESC em 2023 e o 2\u00ba lugar em 2024 com as equipes masculina e feminina de Handebol.<\/p>\n\n\n\n<figure class=\"wp-block-image size-large\"><img fetchpriority=\"high\" decoding=\"async\" width=\"1024\" height=\"768\" src=\"http:\/\/noticiarioregional.com.br\/wp-content\/uploads\/2025\/07\/Equipes-masculina-e-feminina-de-Handebol-que-no-ano-passado-conquistaram-o-2o-lugar-no-JESC-1024x768.jpg\" alt=\"\" class=\"wp-image-7164\" srcset=\"https:\/\/noticiarioregional.com.br\/wp-content\/uploads\/2025\/07\/Equipes-masculina-e-feminina-de-Handebol-que-no-ano-passado-conquistaram-o-2o-lugar-no-JESC-1024x768.jpg 1024w, https:\/\/noticiarioregional.com.br\/wp-content\/uploads\/2025\/07\/Equipes-masculina-e-feminina-de-Handebol-que-no-ano-passado-conquistaram-o-2o-lugar-no-JESC-300x225.jpg 300w, https:\/\/noticiarioregional.com.br\/wp-content\/uploads\/2025\/07\/Equipes-masculina-e-feminina-de-Handebol-que-no-ano-passado-conquistaram-o-2o-lugar-no-JESC-768x576.jpg 768w, https:\/\/noticiarioregional.com.br\/wp-content\/uploads\/2025\/07\/Equipes-masculina-e-feminina-de-Handebol-que-no-ano-passado-conquistaram-o-2o-lugar-no-JESC-150x113.jpg 150w, https:\/\/noticiarioregional.com.br\/wp-content\/uploads\/2025\/07\/Equipes-masculina-e-feminina-de-Handebol-que-no-ano-passado-conquistaram-o-2o-lugar-no-JESC-450x338.jpg 450w, https:\/\/noticiarioregional.com.br\/wp-content\/uploads\/2025\/07\/Equipes-masculina-e-feminina-de-Handebol-que-no-ano-passado-conquistaram-o-2o-lugar-no-JESC-1200x900.jpg 1200w, https:\/\/noticiarioregional.com.br\/wp-content\/uploads\/2025\/07\/Equipes-masculina-e-feminina-de-Handebol-que-no-ano-passado-conquistaram-o-2o-lugar-no-JESC.jpg 1440w\" sizes=\"(max-width: 1024px) 100vw, 1024px\" \/><figcaption class=\"wp-element-caption\">Equipes masculina e feminina de Handebol que no ano passado conquistaram o 2\u00ba lugar no JESC<\/figcaption><\/figure>\n","protected":false},"excerpt":{"rendered":"<p>No dia 06 de julho, quando retornava para casa ap\u00f3s participar de jogos da liga catarinense juvenil do sub-18, o professor de educa\u00e7\u00e3o f\u00edsica, Leandro Kist, recebeu uma mensagem do ex-t\u00e9cnico da sele\u00e7\u00e3o brasileira feminina de handebol e atual vice-presidente da Federa\u00e7\u00e3o Catarinense de Handebol, Alexandre Schneider. Na mensagem, o convite para uma reuni\u00e3o online<\/p>\n","protected":false},"author":1,"featured_media":7163,"comment_status":"open","ping_status":"open","sticky":false,"template":"","format":"standard","meta":{"footnotes":""},"categories":[41],"tags":[],"class_list":{"0":"post-7162","1":"post","2":"type-post","3":"status-publish","4":"format-standard","5":"has-post-thumbnail","7":"category-noticias"},"_links":{"self":[{"href":"https:\/\/noticiarioregional.com.br\/index.php?rest_route=\/wp\/v2\/posts\/7162","targetHints":{"allow":["GET"]}}],"collection":[{"href":"https:\/\/noticiarioregional.com.br\/index.php?rest_route=\/wp\/v2\/posts"}],"about":[{"href":"https:\/\/noticiarioregional.com.br\/index.php?rest_route=\/wp\/v2\/types\/post"}],"author":[{"embeddable":true,"href":"https:\/\/noticiarioregional.com.br\/index.php?rest_route=\/wp\/v2\/users\/1"}],"replies":[{"embeddable":true,"href":"https:\/\/noticiarioregional.com.br\/index.php?rest_route=%2Fwp%2Fv2%2Fcomments&post=7162"}],"version-history":[{"count":2,"href":"https:\/\/noticiarioregional.com.br\/index.php?rest_route=\/wp\/v2\/posts\/7162\/revisions"}],"predecessor-version":[{"id":7187,"href":"https:\/\/noticiarioregional.com.br\/index.php?rest_route=\/wp\/v2\/posts\/7162\/revisions\/7187"}],"wp:featuredmedia":[{"embeddable":true,"href":"https:\/\/noticiarioregional.com.br\/index.php?rest_route=\/wp\/v2\/media\/7163"}],"wp:attachment":[{"href":"https:\/\/noticiarioregional.com.br\/index.php?rest_route=%2Fwp%2Fv2%2Fmedia&parent=7162"}],"wp:term":[{"taxonomy":"category","embeddable":true,"href":"https:\/\/noticiarioregional.com.br\/index.php?rest_route=%2Fwp%2Fv2%2Fcategories&post=7162"},{"taxonomy":"post_tag","embeddable":true,"href":"https:\/\/noticiarioregional.com.br\/index.php?rest_route=%2Fwp%2Fv2%2Ftags&post=7162"}],"curies":[{"name":"wp","href":"https:\/\/api.w.org\/{rel}","templated":true}]}}