{"id":7166,"date":"2025-08-01T07:59:00","date_gmt":"2025-08-01T10:59:00","guid":{"rendered":"https:\/\/noticiarioregional.com.br\/?p=7166"},"modified":"2025-07-29T15:00:32","modified_gmt":"2025-07-29T18:00:32","slug":"alcool-e-drogas-continuam-representando-grande-parcela-dos-vicios-e-dependencias-na-sociedade","status":"publish","type":"post","link":"https:\/\/noticiarioregional.com.br\/?p=7166","title":{"rendered":"\u00c1lcool e drogas continuam representando grande parcela dos v\u00edcios e depend\u00eancias na sociedade"},"content":{"rendered":"\n<p><em>Psic\u00f3loga aponta fatores que levam aos v\u00edcios e depend\u00eancias e a import\u00e2ncia da preven\u00e7\u00e3o<\/em><\/p>\n\n\n\n<p>Os v\u00edcios e depend\u00eancias est\u00e3o presentes atualmente de v\u00e1rias formas na sociedade. Com a evolu\u00e7\u00e3o das tecnologias, grandes aliadas em diversos setores e na vida das pessoas, tamb\u00e9m surgiram \u201cv\u00edcios e depend\u00eancias modernas\u201d, como do celular ou outras telas. Mas, mesmo diante destes novos problemas, um problema bastante antigo continua representando uma grande demanda na sa\u00fade p\u00fablica e ocupando muitos leitos em hospitais e unidades de sa\u00fade, que s\u00e3o relacionados ao \u00e1lcool e drogas em geral.<\/p>\n\n\n\n<p>Sobre este assunto, conversamos com a psic\u00f3loga Daniela Brugnerotto, com ampla experi\u00eancia na \u00e1rea e que atua na ala psiqui\u00e1trica do hospital de Descanso. Aliado ao trabalho psicol\u00f3gico, a ala contempla uma equipe multiprofissional para atendimento a dependentes qu\u00edmicos, pacientes com doen\u00e7as como depress\u00e3o, ansiedade, transtornos mentais e de personalidade. Segundo a psic\u00f3loga, os principais fatores que contribuem para o v\u00edcio e a depend\u00eancia envolvem aspectos biol\u00f3gicos, psicol\u00f3gicos e sociais. Cita que a predisposi\u00e7\u00e3o gen\u00e9tica, experi\u00eancias traum\u00e1ticas, transtornos mentais associados \u00e0 vulnerabilidade social e a influ\u00eancia do ambiente social e familiar, tamb\u00e9m s\u00e3o alguns dos elementos que podem aumentar o risco.<\/p>\n\n\n\n<p>Daniela lembra que \u00e9 importante diferenciar vicio e depend\u00eancia. <em>\u201cO v\u00edcio \u00e9 algo que a pessoa adquire, mas ainda consegue controlar. E a depend\u00eancia vem depois do v\u00edcio em que a pessoa n\u00e3o tem mais controle, n\u00e3o vive mais sem depender seja de \u00e1lcool ou drogas, e j\u00e1 foi criada uma independ\u00eancia emocional da subst\u00e2ncia\u201d.<\/em><\/p>\n\n\n\n<p>Sobre motivos que levam uma pessoa a buscar e criar este v\u00edcio ou depend\u00eancia, Daniela exemplifica que muitos justificam a busca por mais prazer, outros pela curiosidade, ou para se sentirem pertencentes a um grupo onde outras pessoas j\u00e1 fazem uso. H\u00e1 ainda aqueles que, para se adaptar a uma determinada situa\u00e7\u00e3o que n\u00e3o conseguem lidar, seja por frustra\u00e7\u00f5es, tristeza ou ansiedade, fazem uso de subst\u00e2ncias como forma de relaxar ou \u201ccriar coragem\u201d para alcan\u00e7ar um determinado objetivo. A psic\u00f3loga comenta que esta \u00faltima \u00e9 uma caracter\u00edstica predominante em adolescentes, que na tentativa de relaxar ou se sentirem parte de um grupo come\u00e7am a usar uma droga, sem saber que esta subst\u00e2ncia vai \u201cabrir portas\u201d para outras ainda piores. Afirma que se faz muito importante o di\u00e1logo dos pais\/familiares com os filhos, para que estes entendam e saibam como lidar com as frusta\u00e7\u00f5es da vida, e que n\u00e3o s\u00e3o as drogas que v\u00e3o tornar isso mais f\u00e1cil, bem ao contr\u00e1rio, v\u00e3o trazer ainda mais dificuldades.<\/p>\n\n\n\n<p>A psic\u00f3loga explica que quando a droga \u00e9 ingerida atua no sistema nervoso central, e causa uma altera\u00e7\u00e3o da fun\u00e7\u00e3o cerebral, modificando a percep\u00e7\u00e3o, o humor e o comportamento do indiv\u00edduo. Isso ocorre em fun\u00e7\u00e3o do desequil\u00edbrio do funcionamento de uma \u00e1rea do c\u00e9rebro denominada de sistema de recompensa, ligado ao prazer e a parte mais primitiva da mente humana que se ativa em situa\u00e7\u00f5es associadas ao prazer, como dormir, comer e usar determinadas subst\u00e2ncias. O v\u00edcio, e depois a depend\u00eancia, causam danos ao c\u00e9rebro, prejudicando principalmente atividades de planejamento, tomada de decis\u00e3o, ju\u00edzo cr\u00edtico e autopercep\u00e7\u00e3o. O uso de drogas tamb\u00e9m pode causar alucina\u00e7\u00f5es, que s\u00e3o altera\u00e7\u00f5es que acontecem no sistema nervoso.<\/p>\n\n\n\n<p>&nbsp;O conv\u00edvio social de quem usa drogas, comenta a psic\u00f3loga, deixa de ser saud\u00e1vel pela vergonha que a pessoa carrega consigo, ela perde o v\u00ednculo com a fam\u00edlia e a credibilidade das pessoas. Com as mentiras e a manipula\u00e7\u00e3o do dependente, a profissional ressalta que quem estava por perto acaba desistindo porque j\u00e1 tentou de tudo. Cita que a manipula\u00e7\u00e3o \u00e9 um dos principais pontos da depend\u00eancia, pois o usu\u00e1rio faz de tudo para conseguir a droga, deixando de lado trabalho, filhos, fam\u00edlia e amigos.<\/p>\n\n\n\n<p>Quando se fala em tratamento para se libertar da depend\u00eancia, uma das primeiras quest\u00f5es \u00e9 o uso de medica\u00e7\u00e3o. Daniela esclarece que a t\u00e9cnica da desintoxica\u00e7\u00e3o \u00e9 utilizada em interna\u00e7\u00f5es nas institui\u00e7\u00f5es ou a domic\u00edlio, e tem como objetivo combater a depend\u00eancia com uso de medicamentos chamados de f\u00e1rmacos. Essa medica\u00e7\u00e3o vai aliviar os sintomas de abstin\u00eancia. Al\u00e9m dos f\u00e1rmacos, o tratamento contempla tamb\u00e9m as terapias e psicoterapias importantes para trabalhar tr\u00eas principais dificuldades da vida do usu\u00e1rio, que segundo a psic\u00f3loga, s\u00e3o: lidar com ele mesmo, ver o mundo ao seu redor e fazer planos para o futuro.&nbsp;<\/p>\n\n\n\n<p><em>\u201cTerapias integrativas tamb\u00e9m s\u00e3o muito importantes, como yoga, constela\u00e7\u00e3o familiar, acupuntura. Na psicologia trabalhamos muito as distor\u00e7\u00f5es cognitivas, que \u00e9 a forma do paciente pensar a partir de eventos que ele teve na vida, como traumas que passou na inf\u00e2ncia e que podem ter acarretado muito sofrimento. Nessa parte do tratamento a gente sempre refor\u00e7a que a fam\u00edlia tamb\u00e9m precisa buscar ajuda dos profissionais para saber lidar\u201d.<\/em><\/p>\n\n\n\n<p>Daniela enfatiza que infelizmente houve um aumento significativo nos casos de v\u00edcios e depend\u00eancias, e para atender esta demanda, os servi\u00e7os p\u00fablicos oferecidos para o tratamento tamb\u00e9m tem melhorado. Mas, como deve partir do usu\u00e1rio o interesse em se curar, a psic\u00f3loga aponta a necessidade de maiores investimentos na preven\u00e7\u00e3o, conscientizando as pessoas sobre os malef\u00edcios do \u00e1lcool e das drogas, com orienta\u00e7\u00e3o direta aos adolescentes e fam\u00edlias em geral.<strong><\/strong><\/p>\n","protected":false},"excerpt":{"rendered":"<p>Psic\u00f3loga aponta fatores que levam aos v\u00edcios e depend\u00eancias e a import\u00e2ncia da preven\u00e7\u00e3o Os v\u00edcios e depend\u00eancias est\u00e3o presentes atualmente de v\u00e1rias formas na sociedade. Com a evolu\u00e7\u00e3o das tecnologias, grandes aliadas em diversos setores e na vida das pessoas, tamb\u00e9m surgiram \u201cv\u00edcios e depend\u00eancias modernas\u201d, como do celular ou outras telas. Mas, mesmo<\/p>\n","protected":false},"author":1,"featured_media":7167,"comment_status":"open","ping_status":"open","sticky":false,"template":"","format":"standard","meta":{"footnotes":""},"categories":[41],"tags":[],"class_list":{"0":"post-7166","1":"post","2":"type-post","3":"status-publish","4":"format-standard","5":"has-post-thumbnail","7":"category-noticias"},"_links":{"self":[{"href":"https:\/\/noticiarioregional.com.br\/index.php?rest_route=\/wp\/v2\/posts\/7166","targetHints":{"allow":["GET"]}}],"collection":[{"href":"https:\/\/noticiarioregional.com.br\/index.php?rest_route=\/wp\/v2\/posts"}],"about":[{"href":"https:\/\/noticiarioregional.com.br\/index.php?rest_route=\/wp\/v2\/types\/post"}],"author":[{"embeddable":true,"href":"https:\/\/noticiarioregional.com.br\/index.php?rest_route=\/wp\/v2\/users\/1"}],"replies":[{"embeddable":true,"href":"https:\/\/noticiarioregional.com.br\/index.php?rest_route=%2Fwp%2Fv2%2Fcomments&post=7166"}],"version-history":[{"count":1,"href":"https:\/\/noticiarioregional.com.br\/index.php?rest_route=\/wp\/v2\/posts\/7166\/revisions"}],"predecessor-version":[{"id":7168,"href":"https:\/\/noticiarioregional.com.br\/index.php?rest_route=\/wp\/v2\/posts\/7166\/revisions\/7168"}],"wp:featuredmedia":[{"embeddable":true,"href":"https:\/\/noticiarioregional.com.br\/index.php?rest_route=\/wp\/v2\/media\/7167"}],"wp:attachment":[{"href":"https:\/\/noticiarioregional.com.br\/index.php?rest_route=%2Fwp%2Fv2%2Fmedia&parent=7166"}],"wp:term":[{"taxonomy":"category","embeddable":true,"href":"https:\/\/noticiarioregional.com.br\/index.php?rest_route=%2Fwp%2Fv2%2Fcategories&post=7166"},{"taxonomy":"post_tag","embeddable":true,"href":"https:\/\/noticiarioregional.com.br\/index.php?rest_route=%2Fwp%2Fv2%2Ftags&post=7166"}],"curies":[{"name":"wp","href":"https:\/\/api.w.org\/{rel}","templated":true}]}}