{"id":7169,"date":"2025-08-01T15:01:00","date_gmt":"2025-08-01T18:01:00","guid":{"rendered":"https:\/\/noticiarioregional.com.br\/?p=7169"},"modified":"2025-07-29T15:03:21","modified_gmt":"2025-07-29T18:03:21","slug":"sao-joao-do-oeste-estrutura-novo-centro-de-atendimento-ao-turista","status":"publish","type":"post","link":"https:\/\/noticiarioregional.com.br\/?p=7169","title":{"rendered":"S\u00e3o Jo\u00e3o do Oeste estrutura novo Centro de Atendimento ao Turista"},"content":{"rendered":"\n<p><em>CAT est\u00e1 localizado na Rua Santa Cruz, em frente a pra\u00e7a matriz<\/em><\/p>\n\n\n\n<p>Anteriormente localizado junto ao Museu Municipal, o Centro de Atendimento ao Turista, CAT, atende em novo endere\u00e7o, na rua Santa Cruz, bem em frente a pra\u00e7a matriz. O hor\u00e1rio \u00e9 o mesmo da prefeitura, das 7h30 \u00e0s 11h30, e das 13h15 \u00e0s 17h15, de segunda a sexta-feira. O telefone de contato \u00e9 o (49) 3195-2035.<\/p>\n\n\n\n<p>O atendimento no CAT \u00e9 prestado pelo chefe de secretaria de Ind\u00fastria, Com\u00e9rcio e Turismo, Nilo Wirth, que durante muitos anos atuou de forma particular nas \u00e1reas de cultura e turismo por meio de ag\u00eancia localizada no Termas S\u00e3o Jo\u00e3o. Nilo explica que o ponto de atendimento do CAT foi definido porque em torno de 90% das pessoas que vem ao munic\u00edpio passam pelo centro da cidade, e dessa forma, quando precisam de alguma informa\u00e7\u00e3o ter\u00e3o acesso facilitado ao local.<\/p>\n\n\n\n<p>O chefe de secretaria comenta que no CAT o turista e visitante obt\u00e9m informa\u00e7\u00f5es e orienta\u00e7\u00f5es sobre os atrativos do munic\u00edpio, com a disponibilidade de folders e materiais impressos, al\u00e9m tamb\u00e9m de orienta\u00e7\u00f5es sobre atrativos de cidades vizinhas. S\u00e3o Jo\u00e3o do Oeste integra a regi\u00e3o tur\u00edstica do Vale das \u00c1guas, da qual Nilo participa das reuni\u00f5es peri\u00f3dicas e da troca de visitas entre as cidades participantes desta rota, sendo poss\u00edvel dessa forma indicar ao turista\/visitante atrativos de outros munic\u00edpios pr\u00f3ximos e na divisa com outros estados.<\/p>\n\n\n\n<p>Nilo comenta que geralmente o turista n\u00e3o vem apenas para conhecer uma cidade, pois devido \u00e0 proximidade, aproveita para visitar atrativos pr\u00f3ximos. O chefe de secretaria acrescenta que o maior n\u00famero de visitantes ainda \u00e9 de pessoas da pr\u00f3pria regi\u00e3o, como de Chapec\u00f3 para c\u00e1, e cidades ga\u00fachas e paranaenses em que h\u00e1 descendentes da origem alem\u00e3 residentes em S\u00e3o Jo\u00e3o do Oeste. Tamb\u00e9m \u00e9 significativa a movimenta\u00e7\u00e3o de turistas Argentinos, que h\u00e1 cada ano tem vindo em n\u00famero maior para prestigiar eventos tanto da cidade como os tradicionais eventos nas comunidades, entre elas a festa do leit\u00e3o na Linha Jabuticaba.<\/p>\n\n\n\n<p><strong>Sala do Empreendedor junto ao CAT<\/strong><\/p>\n\n\n\n<p>Recentemente S\u00e3o Jo\u00e3o do Oeste firmou conv\u00eanio com o SEBRAE para desenvolver o programa Cidade Empreendedora, que contempla entre v\u00e1rias a\u00e7\u00f5es, a instala\u00e7\u00e3o da Sala do Empreendedor. Como chefe de secretaria, Nilo tamb\u00e9m ser\u00e1 respons\u00e1vel pelo atendimento da Sala do Empreendedor, para o qual, est\u00e1 realizando capacita\u00e7\u00f5es. O local ir\u00e1 oferecer atendimento voltado ao MEI, as micro e pequenas empresas. O funcionamento efetivo da Sala est\u00e1 previsto para iniciar em breve.<\/p>\n\n\n\n<figure class=\"wp-block-image size-large\"><img fetchpriority=\"high\" decoding=\"async\" width=\"1024\" height=\"683\" src=\"https:\/\/noticiarioregional.com.br\/wp-content\/uploads\/2025\/07\/IMG_8424-1024x683.jpg\" alt=\"\" class=\"wp-image-7171\" srcset=\"https:\/\/noticiarioregional.com.br\/wp-content\/uploads\/2025\/07\/IMG_8424-1024x683.jpg 1024w, https:\/\/noticiarioregional.com.br\/wp-content\/uploads\/2025\/07\/IMG_8424-300x200.jpg 300w, https:\/\/noticiarioregional.com.br\/wp-content\/uploads\/2025\/07\/IMG_8424-768x512.jpg 768w, https:\/\/noticiarioregional.com.br\/wp-content\/uploads\/2025\/07\/IMG_8424-1536x1024.jpg 1536w, https:\/\/noticiarioregional.com.br\/wp-content\/uploads\/2025\/07\/IMG_8424-2048x1365.jpg 2048w, https:\/\/noticiarioregional.com.br\/wp-content\/uploads\/2025\/07\/IMG_8424-150x100.jpg 150w, https:\/\/noticiarioregional.com.br\/wp-content\/uploads\/2025\/07\/IMG_8424-450x300.jpg 450w, https:\/\/noticiarioregional.com.br\/wp-content\/uploads\/2025\/07\/IMG_8424-1200x800.jpg 1200w\" sizes=\"(max-width: 1024px) 100vw, 1024px\" \/><\/figure>\n","protected":false},"excerpt":{"rendered":"<p>CAT est\u00e1 localizado na Rua Santa Cruz, em frente a pra\u00e7a matriz Anteriormente localizado junto ao Museu Municipal, o Centro de Atendimento ao Turista, CAT, atende em novo endere\u00e7o, na rua Santa Cruz, bem em frente a pra\u00e7a matriz. O hor\u00e1rio \u00e9 o mesmo da prefeitura, das 7h30 \u00e0s 11h30, e das 13h15 \u00e0s 17h15,<\/p>\n","protected":false},"author":1,"featured_media":7170,"comment_status":"open","ping_status":"open","sticky":false,"template":"","format":"standard","meta":{"footnotes":""},"categories":[41],"tags":[],"class_list":{"0":"post-7169","1":"post","2":"type-post","3":"status-publish","4":"format-standard","5":"has-post-thumbnail","7":"category-noticias"},"_links":{"self":[{"href":"https:\/\/noticiarioregional.com.br\/index.php?rest_route=\/wp\/v2\/posts\/7169","targetHints":{"allow":["GET"]}}],"collection":[{"href":"https:\/\/noticiarioregional.com.br\/index.php?rest_route=\/wp\/v2\/posts"}],"about":[{"href":"https:\/\/noticiarioregional.com.br\/index.php?rest_route=\/wp\/v2\/types\/post"}],"author":[{"embeddable":true,"href":"https:\/\/noticiarioregional.com.br\/index.php?rest_route=\/wp\/v2\/users\/1"}],"replies":[{"embeddable":true,"href":"https:\/\/noticiarioregional.com.br\/index.php?rest_route=%2Fwp%2Fv2%2Fcomments&post=7169"}],"version-history":[{"count":1,"href":"https:\/\/noticiarioregional.com.br\/index.php?rest_route=\/wp\/v2\/posts\/7169\/revisions"}],"predecessor-version":[{"id":7172,"href":"https:\/\/noticiarioregional.com.br\/index.php?rest_route=\/wp\/v2\/posts\/7169\/revisions\/7172"}],"wp:featuredmedia":[{"embeddable":true,"href":"https:\/\/noticiarioregional.com.br\/index.php?rest_route=\/wp\/v2\/media\/7170"}],"wp:attachment":[{"href":"https:\/\/noticiarioregional.com.br\/index.php?rest_route=%2Fwp%2Fv2%2Fmedia&parent=7169"}],"wp:term":[{"taxonomy":"category","embeddable":true,"href":"https:\/\/noticiarioregional.com.br\/index.php?rest_route=%2Fwp%2Fv2%2Fcategories&post=7169"},{"taxonomy":"post_tag","embeddable":true,"href":"https:\/\/noticiarioregional.com.br\/index.php?rest_route=%2Fwp%2Fv2%2Ftags&post=7169"}],"curies":[{"name":"wp","href":"https:\/\/api.w.org\/{rel}","templated":true}]}}