{"id":7188,"date":"2025-08-05T10:31:50","date_gmt":"2025-08-05T13:31:50","guid":{"rendered":"https:\/\/noticiarioregional.com.br\/?p=7188"},"modified":"2025-08-05T10:35:23","modified_gmt":"2025-08-05T13:35:23","slug":"atleta-de-ipora-do-oeste-e-convocada-para-a-selecao-catarinense-de-handebol-infantil-feminina","status":"publish","type":"post","link":"https:\/\/noticiarioregional.com.br\/?p=7188","title":{"rendered":"Atleta de Ipor\u00e3 do Oeste \u00e9 convocada para a Sele\u00e7\u00e3o Catarinense de Handebol Infantil Feminina"},"content":{"rendered":"\n<p>Na edi\u00e7\u00e3o n\u00famero 1076 divulgamos mat\u00e9ria sobre a convoca\u00e7\u00e3o do professor de educa\u00e7\u00e3o f\u00edsica Leandro Kist para a Comiss\u00e3o T\u00e9cnica da Sele\u00e7\u00e3o Catarinense de Handebol Infantil Feminina, sele\u00e7\u00e3o esta que vai participar do campeonato Brasileiro de sele\u00e7\u00f5es organizado pela CBHbl, Confedera\u00e7\u00e3o Brasileira de Handebol, de 11 a 16 de agosto em Guarapuava, no Paran\u00e1.<\/p>\n\n\n\n<p>Leandro, junto com outros integrantes desta comiss\u00e3o, tiveram a fun\u00e7\u00e3o de selecionar atletas de todo o estado para integrar a Sele\u00e7\u00e3o Catarinense. No dia 22 de julho foi divulgada a lista das 41 atletas convocadas para a primeira fase de treinos, realizados nos dias 29, 30 e 31 de julho em Massaranduba. Entre as 41 selecionadas, est\u00e1 a atleta Larissa Tuni Knapp, de Ipor\u00e3 do Oeste. Destas 41 atletas, 18 foram selecionadas para uma segunda etapa de treinamentos, nos dias 08, 09 e 10 de agosto, em Joa\u00e7aba. Ser\u00e3o estas 18 que efetivamente ir\u00e3o representar a sele\u00e7\u00e3o catarinense nos jogos, de 11 a 16 de agosto. Larissa est\u00e1 entre as 18 atletas, e ir\u00e1 participar da competi\u00e7\u00e3o.<\/p>\n\n\n\n<p>Larissa Tuni Knapp, de 14 anos, come\u00e7ou a jogar handebol em 2022, quando tinha 11 anos, a convite do professor Leandro para participar de uma copinha. Desde ent\u00e3o, j\u00e1 jogou diversos campeonatos, mas os principais foram a Copa Odonto Top, Estadual do JESC 12 a 14 anos em 2023, 2024 e 2025, a Liga SC Infantil, Liga SC Cadete, Campeonato Brasileiro de Clubes Infantil e a Ta\u00e7a Sul Cadete.<\/p>\n\n\n\n<p>Larissa conta que sempre teve o apoio e o incentivo do professor Leandro, para seus treinamentos e evolu\u00e7\u00e3o no esporte. <em>\u201cMinha convoca\u00e7\u00e3o para a Sele\u00e7\u00e3o Catarinense aconteceu quando o professor Leandro me chamou durante a estadual do JESC e falou que queria me levar com ele para a competi\u00e7\u00e3o. Ele pediu para que eu desse o meu m\u00e1ximo e mostrasse tudo que eu sabia. Depois, quando voltamos para Ipor\u00e3, ele pediu a soma dos meus gols para usar como argumento para minha convoca\u00e7\u00e3o. No dia seguinte na escola, ele me contou que eu tinha sido uma das escolhidas, e eu fiquei muito feliz com a not\u00edcia\u201d.<\/em><\/p>\n\n\n\n<p>Desde a convoca\u00e7\u00e3o para a seletiva, a atleta comenta que est\u00e1 se preparando bastante para os treinamentos, dando seu m\u00e1ximo para estar pronta para a competi\u00e7\u00e3o de agosto. <em>\u201cEssa convoca\u00e7\u00e3o representa um sonho realizado para mim. Desde que comecei a jogar handebol, sempre quis me tornar uma grande atleta e levar orgulho para a minha cidade\u201d.<\/em><\/p>\n","protected":false},"excerpt":{"rendered":"<p>Na edi\u00e7\u00e3o n\u00famero 1076 divulgamos mat\u00e9ria sobre a convoca\u00e7\u00e3o do professor de educa\u00e7\u00e3o f\u00edsica Leandro Kist para a Comiss\u00e3o T\u00e9cnica da Sele\u00e7\u00e3o Catarinense de Handebol Infantil Feminina, sele\u00e7\u00e3o esta que vai participar do campeonato Brasileiro de sele\u00e7\u00f5es organizado pela CBHbl, Confedera\u00e7\u00e3o Brasileira de Handebol, de 11 a 16 de agosto em Guarapuava, no Paran\u00e1. Leandro,<\/p>\n","protected":false},"author":1,"featured_media":7191,"comment_status":"open","ping_status":"open","sticky":false,"template":"","format":"standard","meta":{"footnotes":""},"categories":[53,41],"tags":[],"class_list":{"0":"post-7188","1":"post","2":"type-post","3":"status-publish","4":"format-standard","5":"has-post-thumbnail","7":"category-esporte","8":"category-noticias"},"_links":{"self":[{"href":"https:\/\/noticiarioregional.com.br\/index.php?rest_route=\/wp\/v2\/posts\/7188","targetHints":{"allow":["GET"]}}],"collection":[{"href":"https:\/\/noticiarioregional.com.br\/index.php?rest_route=\/wp\/v2\/posts"}],"about":[{"href":"https:\/\/noticiarioregional.com.br\/index.php?rest_route=\/wp\/v2\/types\/post"}],"author":[{"embeddable":true,"href":"https:\/\/noticiarioregional.com.br\/index.php?rest_route=\/wp\/v2\/users\/1"}],"replies":[{"embeddable":true,"href":"https:\/\/noticiarioregional.com.br\/index.php?rest_route=%2Fwp%2Fv2%2Fcomments&post=7188"}],"version-history":[{"count":1,"href":"https:\/\/noticiarioregional.com.br\/index.php?rest_route=\/wp\/v2\/posts\/7188\/revisions"}],"predecessor-version":[{"id":7190,"href":"https:\/\/noticiarioregional.com.br\/index.php?rest_route=\/wp\/v2\/posts\/7188\/revisions\/7190"}],"wp:featuredmedia":[{"embeddable":true,"href":"https:\/\/noticiarioregional.com.br\/index.php?rest_route=\/wp\/v2\/media\/7191"}],"wp:attachment":[{"href":"https:\/\/noticiarioregional.com.br\/index.php?rest_route=%2Fwp%2Fv2%2Fmedia&parent=7188"}],"wp:term":[{"taxonomy":"category","embeddable":true,"href":"https:\/\/noticiarioregional.com.br\/index.php?rest_route=%2Fwp%2Fv2%2Fcategories&post=7188"},{"taxonomy":"post_tag","embeddable":true,"href":"https:\/\/noticiarioregional.com.br\/index.php?rest_route=%2Fwp%2Fv2%2Ftags&post=7188"}],"curies":[{"name":"wp","href":"https:\/\/api.w.org\/{rel}","templated":true}]}}