{"id":7207,"date":"2025-08-08T10:07:10","date_gmt":"2025-08-08T13:07:10","guid":{"rendered":"https:\/\/noticiarioregional.com.br\/?p=7207"},"modified":"2025-08-08T10:21:41","modified_gmt":"2025-08-08T13:21:41","slug":"governo-de-mondai-entrega-cartoes-do-vale-alimentacao","status":"publish","type":"post","link":"https:\/\/noticiarioregional.com.br\/?p=7207","title":{"rendered":"Governo de Monda\u00ed entrega cart\u00f5es do vale-alimenta\u00e7\u00e3o"},"content":{"rendered":"\n<h2 class=\"wp-block-heading has-regular-font-size\">Por Adriano Bortoluzzi<\/h2>\n\n\n\n<p>Nesta semana o Governo de Monda\u00ed realizou a entrega do cart\u00e3o do Vale Alimenta\u00e7\u00e3o para os servidores municipais, em todos os setores. A iniciativa \u00e9 realizada, conforme a Lei Municipal n\u00ba 3.900 de 15 de maio de 2025. Cada servidor passa a receber, mensalmente na provis\u00e3o mensal, em car\u00e1ter indenizat\u00f3rio, de aux\u00edlio-alimenta\u00e7\u00e3o, um valor de R$ 250,00, correspondente \u00e0 carga hor\u00e1ria semanal de quarenta horas, destinado \u00e0 compra de alimentos em estabelecimentos credenciados no munic\u00edpio ou ao pagamento de refei\u00e7\u00f5es em restaurantes e similares.<\/p>\n\n\n\n<p>Com a iniciativa, a Administra\u00e7\u00e3o Municipal passa a injetar aproximadamente R$ 112 mil mensais na economia local, o que deve somar cerca de R$ 1.350.000,00 no per\u00edodo de um ano, utilizando recursos do or\u00e7amento pr\u00f3prio. Vele dizer, que o benef\u00edcio ser\u00e1 concedido exclusivamente por meio de cart\u00e3o magn\u00e9tico de alimenta\u00e7\u00e3o, espec\u00edfico para este fim, e se os cr\u00e9ditos n\u00e3o forem utilizados em determinado m\u00eas ser\u00e3o acumulados para os meses subsequentes, sem prazo de validade.&nbsp;<\/p>\n\n\n\n<p>O prefeito Elizandro Mainardi destacou que o vale-alimenta\u00e7\u00e3o representa mais que um incentivo financeiro, sendo tamb\u00e9m um gesto de valoriza\u00e7\u00e3o do funcionalismo p\u00fablico. <em>\u201cCom esta medida, estamos valorizando os nossos servidores, as pessoas que ajudam a tocar a m\u00e1quina e, consequentemente, estimulando o com\u00e9rcio local, especialmente, do setor de alimenta\u00e7\u00e3o. Ent\u00e3o vejo com bons olhos a iniciativa que a partir de agora poder\u00e1 ir sendo aprimorada cada vez mais\u201d,<\/em> destacou.<\/p>\n\n\n\n<p>Devido ao tempo necess\u00e1rio para os ajustes da empresa administradora, o primeiro dep\u00f3sito ser\u00e1 em dobro, compensando os meses retroativos desde maio. Al\u00e9m disso, a partir da pr\u00f3xima semana, a Casa da Cultura ser\u00e1 palco da entrega dos cart\u00f5es magn\u00e9ticos dos programas B\u00f4nus Agr\u00edcola e Hora-M\u00e1quinas, que dever\u00e3o injetar aproximadamente R$ 1,5 milh\u00e3o em incentivos ao setor rural.<\/p>\n","protected":false},"excerpt":{"rendered":"<p>Por Adriano Bortoluzzi Nesta semana o Governo de Monda\u00ed realizou a entrega do cart\u00e3o do Vale Alimenta\u00e7\u00e3o para os servidores municipais, em todos os setores. A iniciativa \u00e9 realizada, conforme a Lei Municipal n\u00ba 3.900 de 15 de maio de 2025. Cada servidor passa a receber, mensalmente na provis\u00e3o mensal, em car\u00e1ter indenizat\u00f3rio, de aux\u00edlio-alimenta\u00e7\u00e3o,<\/p>\n","protected":false},"author":1,"featured_media":7208,"comment_status":"open","ping_status":"open","sticky":false,"template":"","format":"standard","meta":{"footnotes":""},"categories":[41],"tags":[],"class_list":{"0":"post-7207","1":"post","2":"type-post","3":"status-publish","4":"format-standard","5":"has-post-thumbnail","7":"category-noticias"},"_links":{"self":[{"href":"https:\/\/noticiarioregional.com.br\/index.php?rest_route=\/wp\/v2\/posts\/7207","targetHints":{"allow":["GET"]}}],"collection":[{"href":"https:\/\/noticiarioregional.com.br\/index.php?rest_route=\/wp\/v2\/posts"}],"about":[{"href":"https:\/\/noticiarioregional.com.br\/index.php?rest_route=\/wp\/v2\/types\/post"}],"author":[{"embeddable":true,"href":"https:\/\/noticiarioregional.com.br\/index.php?rest_route=\/wp\/v2\/users\/1"}],"replies":[{"embeddable":true,"href":"https:\/\/noticiarioregional.com.br\/index.php?rest_route=%2Fwp%2Fv2%2Fcomments&post=7207"}],"version-history":[{"count":1,"href":"https:\/\/noticiarioregional.com.br\/index.php?rest_route=\/wp\/v2\/posts\/7207\/revisions"}],"predecessor-version":[{"id":7209,"href":"https:\/\/noticiarioregional.com.br\/index.php?rest_route=\/wp\/v2\/posts\/7207\/revisions\/7209"}],"wp:featuredmedia":[{"embeddable":true,"href":"https:\/\/noticiarioregional.com.br\/index.php?rest_route=\/wp\/v2\/media\/7208"}],"wp:attachment":[{"href":"https:\/\/noticiarioregional.com.br\/index.php?rest_route=%2Fwp%2Fv2%2Fmedia&parent=7207"}],"wp:term":[{"taxonomy":"category","embeddable":true,"href":"https:\/\/noticiarioregional.com.br\/index.php?rest_route=%2Fwp%2Fv2%2Fcategories&post=7207"},{"taxonomy":"post_tag","embeddable":true,"href":"https:\/\/noticiarioregional.com.br\/index.php?rest_route=%2Fwp%2Fv2%2Ftags&post=7207"}],"curies":[{"name":"wp","href":"https:\/\/api.w.org\/{rel}","templated":true}]}}