{"id":7218,"date":"2025-08-08T10:45:36","date_gmt":"2025-08-08T13:45:36","guid":{"rendered":"https:\/\/noticiarioregional.com.br\/?p=7218"},"modified":"2025-08-08T10:45:37","modified_gmt":"2025-08-08T13:45:37","slug":"governo-de-riqueza-intensifica-melhorias-nas-estradas-do-interior","status":"publish","type":"post","link":"https:\/\/noticiarioregional.com.br\/?p=7218","title":{"rendered":"Governo de Riqueza intensifica melhorias nas estradas do interior"},"content":{"rendered":"\n<p>A Administra\u00e7\u00e3o Municipal est\u00e1 empenhada em promover significativas melhorias nas estradas do interior do munic\u00edpio. Segundo o vice-prefeito Liandro Jaezinski, o trabalho tem sido constante e visa garantir melhores condi\u00e7\u00f5es de tr\u00e1fego, seguran\u00e7a e acesso \u00e0s propriedades rurais.<\/p>\n\n\n\n<p>Entre as principais a\u00e7\u00f5es destacam-se o alargamento das estradas, instala\u00e7\u00e3o e manuten\u00e7\u00e3o de tubula\u00e7\u00f5es, cascalhamento de vias e a melhoria nos acessos \u00e0s propriedades. De acordo com o vice-prefeito, h\u00e1 trechos em que se torna imposs\u00edvel o tr\u00e1fego simult\u00e2neo de dois ve\u00edculos, o que motivou as interven\u00e7\u00f5es. \u201c<em>Estamos ajeitando as tubula\u00e7\u00f5es e alargando as estradas. Em v\u00e1rios pontos, dois carros nem conseguiam se cruzar. Agora, al\u00e9m disso, estamos melhorando o acesso \u00e0s propriedades dos moradores<\/em>\u201d, destaca.<\/p>\n\n\n\n<p>A comunidade de Jata\u00ed est\u00e1 com as obras em fase avan\u00e7ada. O local estava h\u00e1 mais de uma d\u00e9cada sem receber melhorias expressivas. \u201c<em>Tudo estava abandonado. Agora estamos fazendo um servi\u00e7o de qualidade. Cascalhamos, limpamos as valetas e reabrimos trechos essenciais na comunidade de Jata\u00ed. Faz anos que os moradores daqui n\u00e3o recebiam esse tipo de aten\u00e7\u00e3o<\/em>\u201d, observa.<\/p>\n\n\n\n<p>Mesmo com desafios relacionados \u00e0 frota de m\u00e1quinas, a Administra\u00e7\u00e3o Municipal tem buscado solu\u00e7\u00f5es para dar andamento aos servi\u00e7os. \u201c<em>Nossa frota \u00e9 antiga. Uma das patrolas do munic\u00edpio ficou parada por um ano, mas conseguimos arrum\u00e1-la. Hoje estamos trabalhando com tr\u00eas patrolas: duas pr\u00f3prias e uma terceirizada. Isso tem acelerado muito o processo<\/em>\u201d, avalia. Ele tamb\u00e9m revelou que est\u00e1 prevista a manuten\u00e7\u00e3o geral em uma das m\u00e1quinas, que s\u00f3 poder\u00e1 ser feita agora, com o refor\u00e7o das demais. \u201c<em>Antes eu n\u00e3o podia parar ela, pois era a \u00fanica em funcionamento. Agora que temos refor\u00e7o, conseguimos cuidar da manuten\u00e7\u00e3o preventiva<\/em>\u201d, explicou.<\/p>\n\n\n\n<p>Al\u00e9m disso, o munic\u00edpio aguarda a chegada de novos equipamentos por meio de pedidos junto ao Governo do Estado. \u201c<em>Temos uma motoniveladora, uma ca\u00e7amba e uma esteira j\u00e1 encaminhadas. Nossas atuais ca\u00e7ambas t\u00eam 11 ou 12 anos. H\u00e1 muito tempo n\u00e3o se adquire novas m\u00e1quinas<\/em>\u201d, destaca Jaezinski.<\/p>\n\n\n\n<figure class=\"wp-block-image size-large\"><img fetchpriority=\"high\" decoding=\"async\" width=\"1024\" height=\"683\" src=\"https:\/\/noticiarioregional.com.br\/wp-content\/uploads\/2025\/08\/Melhoria-sendo-realizada-na-estrada-geral-de-La.-Jatai-1024x683.jpg\" alt=\"\" class=\"wp-image-7220\" srcset=\"https:\/\/noticiarioregional.com.br\/wp-content\/uploads\/2025\/08\/Melhoria-sendo-realizada-na-estrada-geral-de-La.-Jatai-1024x683.jpg 1024w, https:\/\/noticiarioregional.com.br\/wp-content\/uploads\/2025\/08\/Melhoria-sendo-realizada-na-estrada-geral-de-La.-Jatai-300x200.jpg 300w, https:\/\/noticiarioregional.com.br\/wp-content\/uploads\/2025\/08\/Melhoria-sendo-realizada-na-estrada-geral-de-La.-Jatai-768x512.jpg 768w, https:\/\/noticiarioregional.com.br\/wp-content\/uploads\/2025\/08\/Melhoria-sendo-realizada-na-estrada-geral-de-La.-Jatai-1536x1024.jpg 1536w, https:\/\/noticiarioregional.com.br\/wp-content\/uploads\/2025\/08\/Melhoria-sendo-realizada-na-estrada-geral-de-La.-Jatai-2048x1365.jpg 2048w, https:\/\/noticiarioregional.com.br\/wp-content\/uploads\/2025\/08\/Melhoria-sendo-realizada-na-estrada-geral-de-La.-Jatai-150x100.jpg 150w, https:\/\/noticiarioregional.com.br\/wp-content\/uploads\/2025\/08\/Melhoria-sendo-realizada-na-estrada-geral-de-La.-Jatai-450x300.jpg 450w, https:\/\/noticiarioregional.com.br\/wp-content\/uploads\/2025\/08\/Melhoria-sendo-realizada-na-estrada-geral-de-La.-Jatai-1200x800.jpg 1200w\" sizes=\"(max-width: 1024px) 100vw, 1024px\" \/><figcaption class=\"wp-element-caption\">Melhoria sendo realizada na estrada geral de La. Jata\u00ed<\/figcaption><\/figure>\n\n\n\n<p>Outro ponto importante \u00e9 a estrat\u00e9gia de conserva\u00e7\u00e3o das estradas. O vice-prefeito enfatiza que manter as vias em boas condi\u00e7\u00f5es evita preju\u00edzos maiores causados pelas chuvas. \u201c<em>Quando voc\u00ea faz o trabalho direito, com limpeza das valetas e cascalhamento adequado, evita que a \u00e1gua destrua a estrada. Como fizemos em Anta Gorda: se for bem conservado, nos pr\u00f3ximos cinco anos ser\u00e1 preciso apenas patrolar<\/em>\u201d, exemplifica.<\/p>\n\n\n\n<p>O munic\u00edpio tamb\u00e9m adotou uma log\u00edstica inteligente de uso das cascaleiras, priorizando aquelas pr\u00f3ximas \u00e0s comunidades atendidas. \u201c<em>Temos tudo mapeado. Procuramos usar cascalho de locais pr\u00f3ximos, o que facilita o transporte e agiliza as obras<\/em>\u201d, explicou. As a\u00e7\u00f5es evidenciam o compromisso da Administra\u00e7\u00e3o com o bem-estar da popula\u00e7\u00e3o rural, garantindo o acesso aos servi\u00e7os essenciais e promovendo qualidade de vida. \u201c<em>\u00c9 um trabalho constante. Nunca termina, mas com manuten\u00e7\u00e3o e planejamento, conseguimos manter as estradas em boas condi\u00e7\u00f5es. E quando a obra \u00e9 bem-feita, a comunidade reconhece e agradece<\/em>\u201d, finalizou o vice-prefeito.<\/p>\n\n\n\n<p><\/p>\n","protected":false},"excerpt":{"rendered":"<p>A Administra\u00e7\u00e3o Municipal est\u00e1 empenhada em promover significativas melhorias nas estradas do interior do munic\u00edpio. Segundo o vice-prefeito Liandro Jaezinski, o trabalho tem sido constante e visa garantir melhores condi\u00e7\u00f5es de tr\u00e1fego, seguran\u00e7a e acesso \u00e0s propriedades rurais. Entre as principais a\u00e7\u00f5es destacam-se o alargamento das estradas, instala\u00e7\u00e3o e manuten\u00e7\u00e3o de tubula\u00e7\u00f5es, cascalhamento de vias<\/p>\n","protected":false},"author":1,"featured_media":7219,"comment_status":"open","ping_status":"open","sticky":false,"template":"","format":"standard","meta":{"footnotes":""},"categories":[41],"tags":[],"class_list":{"0":"post-7218","1":"post","2":"type-post","3":"status-publish","4":"format-standard","5":"has-post-thumbnail","7":"category-noticias"},"_links":{"self":[{"href":"https:\/\/noticiarioregional.com.br\/index.php?rest_route=\/wp\/v2\/posts\/7218","targetHints":{"allow":["GET"]}}],"collection":[{"href":"https:\/\/noticiarioregional.com.br\/index.php?rest_route=\/wp\/v2\/posts"}],"about":[{"href":"https:\/\/noticiarioregional.com.br\/index.php?rest_route=\/wp\/v2\/types\/post"}],"author":[{"embeddable":true,"href":"https:\/\/noticiarioregional.com.br\/index.php?rest_route=\/wp\/v2\/users\/1"}],"replies":[{"embeddable":true,"href":"https:\/\/noticiarioregional.com.br\/index.php?rest_route=%2Fwp%2Fv2%2Fcomments&post=7218"}],"version-history":[{"count":1,"href":"https:\/\/noticiarioregional.com.br\/index.php?rest_route=\/wp\/v2\/posts\/7218\/revisions"}],"predecessor-version":[{"id":7221,"href":"https:\/\/noticiarioregional.com.br\/index.php?rest_route=\/wp\/v2\/posts\/7218\/revisions\/7221"}],"wp:featuredmedia":[{"embeddable":true,"href":"https:\/\/noticiarioregional.com.br\/index.php?rest_route=\/wp\/v2\/media\/7219"}],"wp:attachment":[{"href":"https:\/\/noticiarioregional.com.br\/index.php?rest_route=%2Fwp%2Fv2%2Fmedia&parent=7218"}],"wp:term":[{"taxonomy":"category","embeddable":true,"href":"https:\/\/noticiarioregional.com.br\/index.php?rest_route=%2Fwp%2Fv2%2Fcategories&post=7218"},{"taxonomy":"post_tag","embeddable":true,"href":"https:\/\/noticiarioregional.com.br\/index.php?rest_route=%2Fwp%2Fv2%2Ftags&post=7218"}],"curies":[{"name":"wp","href":"https:\/\/api.w.org\/{rel}","templated":true}]}}