{"id":7222,"date":"2025-08-09T10:48:40","date_gmt":"2025-08-09T13:48:40","guid":{"rendered":"https:\/\/noticiarioregional.com.br\/?p=7222"},"modified":"2025-08-08T10:50:20","modified_gmt":"2025-08-08T13:50:20","slug":"nova-equipe-do-registro-de-imoveis-se-reune-com-comissao-de-regularizacao-fundiaria-em-ipora-do-oeste","status":"publish","type":"post","link":"https:\/\/noticiarioregional.com.br\/?p=7222","title":{"rendered":"Nova equipe do Registro de Im\u00f3veis se re\u00fane com Comiss\u00e3o de Regulariza\u00e7\u00e3o Fundi\u00e1ria em Ipor\u00e3 do Oeste"},"content":{"rendered":"\n<p><strong>Ipor\u00e3 do Oeste<\/strong> &#8211; Na ter\u00e7a-feira, 22, as novas oficiais do Registro de Im\u00f3veis de Monda\u00ed, estiveram na Prefeitura para uma importante reuni\u00e3o com a Comiss\u00e3o Municipal de Regulariza\u00e7\u00e3o Fundi\u00e1ria. O encontro teve como objetivo apresentar os processos de regulariza\u00e7\u00e3o fundi\u00e1ria em andamento no munic\u00edpio, tanto na \u00e1rea urbana quanto rural. Ap\u00f3s o falecimento do antigo titular, o Tribunal de Justi\u00e7a de Santa Catarina nomeou uma nova equipe para conduzir os trabalhos do Registro de Im\u00f3veis de Monda\u00ed. A respons\u00e1vel interina \u00e9 Katherine Scherer Clarinda, nomeada atrav\u00e9s da Portaria n\u00ba 45 de 21 de mar\u00e7o de 2025 e Marcela Winckler atua como substituta legal.<\/p>\n\n\n\n<p>Durante o encontro, a Comiss\u00e3o Municipal de Regulariza\u00e7\u00e3o Fundi\u00e1ria, presidida por Leonir Staudt, apresentou detalhadamente o andamento dos trabalhos que est\u00e3o sendo desenvolvidos no munic\u00edpio. A equipe da comiss\u00e3o, formada por Leandro Magnaguagno, Larissa Heck, Roberto Ruani e Maria Eduarda Wermuth, juntamente com o prefeito Michel Marx, exp\u00f4s os principais projetos em execu\u00e7\u00e3o. Entre os projetos destacados est\u00e3o:<\/p>\n\n\n\n<ul class=\"wp-block-list\">\n<li><strong>REURB de Linha Letras e Linha S\u00e3o Louren\u00e7o<\/strong>: programas de regulariza\u00e7\u00e3o fundi\u00e1ria de interesse social em \u00e1reas rurais;<\/li>\n\n\n\n<li><strong>Lar Legal da Linha Aparecida:<\/strong> projeto habitacional com foco na regulariza\u00e7\u00e3o;<\/li>\n\n\n\n<li><strong>Apresenta\u00e7\u00e3o de outras \u00e1reas<\/strong> com potencial para regulariza\u00e7\u00e3o fundi\u00e1ria;<\/li>\n<\/ul>\n\n\n\n<p>Al\u00e9m dos projetos em andamento, a reuni\u00e3o abordou quest\u00f5es estrat\u00e9gicas para o desenvolvimento do munic\u00edpio. Foi discutida a situa\u00e7\u00e3o dos loteamentos que necessitam regulariza\u00e7\u00e3o e as perspectivas de expans\u00e3o urbana de Ipor\u00e3 do Oeste, demonstrando o planejamento municipal para o crescimento ordenado da cidade. O encontro proporcionou a equipe do Registro de Im\u00f3veis uma oportunidade de conhecer melhor a realidade local e estabelecer uma parceria efetiva com a administra\u00e7\u00e3o municipal. As profissionais puderam conhecer a estrutura da prefeitura e dialogar diretamente com o prefeito sobre as demandas registrais do munic\u00edpio. Esta integra\u00e7\u00e3o entre o Registro de Im\u00f3veis e a Comiss\u00e3o Municipal de Regulariza\u00e7\u00e3o Fundi\u00e1ria representa um passo importante para agilizar os processos de regulariza\u00e7\u00e3o e garantir maior seguran\u00e7a jur\u00eddica aos cidad\u00e3os de Ipor\u00e3 do Oeste, contribuindo para o desenvolvimento ordenado e sustent\u00e1vel do munic\u00edpio.<br><\/p>\n","protected":false},"excerpt":{"rendered":"<p>Ipor\u00e3 do Oeste &#8211; Na ter\u00e7a-feira, 22, as novas oficiais do Registro de Im\u00f3veis de Monda\u00ed, estiveram na Prefeitura para uma importante reuni\u00e3o com a Comiss\u00e3o Municipal de Regulariza\u00e7\u00e3o Fundi\u00e1ria. O encontro teve como objetivo apresentar os processos de regulariza\u00e7\u00e3o fundi\u00e1ria em andamento no munic\u00edpio, tanto na \u00e1rea urbana quanto rural. Ap\u00f3s o falecimento do<\/p>\n","protected":false},"author":1,"featured_media":7223,"comment_status":"open","ping_status":"open","sticky":false,"template":"","format":"standard","meta":{"footnotes":""},"categories":[41],"tags":[],"class_list":{"0":"post-7222","1":"post","2":"type-post","3":"status-publish","4":"format-standard","5":"has-post-thumbnail","7":"category-noticias"},"_links":{"self":[{"href":"https:\/\/noticiarioregional.com.br\/index.php?rest_route=\/wp\/v2\/posts\/7222","targetHints":{"allow":["GET"]}}],"collection":[{"href":"https:\/\/noticiarioregional.com.br\/index.php?rest_route=\/wp\/v2\/posts"}],"about":[{"href":"https:\/\/noticiarioregional.com.br\/index.php?rest_route=\/wp\/v2\/types\/post"}],"author":[{"embeddable":true,"href":"https:\/\/noticiarioregional.com.br\/index.php?rest_route=\/wp\/v2\/users\/1"}],"replies":[{"embeddable":true,"href":"https:\/\/noticiarioregional.com.br\/index.php?rest_route=%2Fwp%2Fv2%2Fcomments&post=7222"}],"version-history":[{"count":1,"href":"https:\/\/noticiarioregional.com.br\/index.php?rest_route=\/wp\/v2\/posts\/7222\/revisions"}],"predecessor-version":[{"id":7224,"href":"https:\/\/noticiarioregional.com.br\/index.php?rest_route=\/wp\/v2\/posts\/7222\/revisions\/7224"}],"wp:featuredmedia":[{"embeddable":true,"href":"https:\/\/noticiarioregional.com.br\/index.php?rest_route=\/wp\/v2\/media\/7223"}],"wp:attachment":[{"href":"https:\/\/noticiarioregional.com.br\/index.php?rest_route=%2Fwp%2Fv2%2Fmedia&parent=7222"}],"wp:term":[{"taxonomy":"category","embeddable":true,"href":"https:\/\/noticiarioregional.com.br\/index.php?rest_route=%2Fwp%2Fv2%2Fcategories&post=7222"},{"taxonomy":"post_tag","embeddable":true,"href":"https:\/\/noticiarioregional.com.br\/index.php?rest_route=%2Fwp%2Fv2%2Ftags&post=7222"}],"curies":[{"name":"wp","href":"https:\/\/api.w.org\/{rel}","templated":true}]}}