{"id":7225,"date":"2025-08-10T10:50:39","date_gmt":"2025-08-10T13:50:39","guid":{"rendered":"https:\/\/noticiarioregional.com.br\/?p=7225"},"modified":"2025-08-08T10:52:11","modified_gmt":"2025-08-08T13:52:11","slug":"saude-de-descanso-tera-novo-veiculo-para-o-deslocamento-de-pacientes","status":"publish","type":"post","link":"https:\/\/noticiarioregional.com.br\/?p=7225","title":{"rendered":"Sa\u00fade de Descanso ter\u00e1 novo ve\u00edculo para o deslocamento de pacientes"},"content":{"rendered":"\n<p><strong>Descanso &#8211; <\/strong>Na manh\u00e3 de quarta-feira, 23, a Secretaria de Sa\u00fade recebeu uma nova van, modelo minibus, adaptada com assento elevat\u00f3rio para cadeirantes, que facilitar\u00e1 o transporte de pessoas com mobilidade reduzida, garantindo acessibilidade e conforto aos pacientes e usu\u00e1rios dos servi\u00e7os de sa\u00fade do munic\u00edpio.<\/p>\n\n\n\n<p>Para a Secret\u00e1ria, Fernanda Ciqueira, a nova aquisi\u00e7\u00e3o refor\u00e7a o compromisso da gest\u00e3o em promover a inclus\u00e3o e oferecer um atendimento mais humanizado a toda a popula\u00e7\u00e3o. A van, moderna e equipada com recursos de acessibilidade, permitir\u00e1 que pacientes com dificuldades de locomo\u00e7\u00e3o possam se deslocar com mais facilidade para consultas, exames e outros procedimentos de sa\u00fade fora do domic\u00edlio municipal.<\/p>\n\n\n\n<p>O ve\u00edculo foi adquirido por meio do Cincatarina, no valor de R$ 318.990,00, e possui 16 lugares, sendo um exclusivo para pessoas com mobilidade reduzida.<\/p>\n\n\n\n<p><em>\u201cEssa aquisi\u00e7\u00e3o representa um avan\u00e7o significativo na nossa estrutura de atendimento, pois nos permitir\u00e1 desafogar o fluxo de viagens, tornando o deslocamento mais \u00e1gil, seguro e confort\u00e1vel para aqueles que dependem de tratamentos especializados que n\u00e3o est\u00e3o dispon\u00edveis aqui em Descanso. Nosso objetivo \u00e9 garantir que nenhum paciente seja prejudicado pela dist\u00e2ncia ou pela log\u00edstica, promovendo uma assist\u00eancia mais eficiente, humanizada e acess\u00edvel a todos<\/em><em>\u201d,<\/em> esclarece a secret\u00e1ria.<\/p>\n\n\n\n<figure class=\"wp-block-image size-large\"><img fetchpriority=\"high\" decoding=\"async\" width=\"1024\" height=\"682\" src=\"https:\/\/noticiarioregional.com.br\/wp-content\/uploads\/2025\/08\/Saude-Descanso-2-1024x682.jpeg\" alt=\"\" class=\"wp-image-7227\" srcset=\"https:\/\/noticiarioregional.com.br\/wp-content\/uploads\/2025\/08\/Saude-Descanso-2-1024x682.jpeg 1024w, https:\/\/noticiarioregional.com.br\/wp-content\/uploads\/2025\/08\/Saude-Descanso-2-300x200.jpeg 300w, https:\/\/noticiarioregional.com.br\/wp-content\/uploads\/2025\/08\/Saude-Descanso-2-768x512.jpeg 768w, https:\/\/noticiarioregional.com.br\/wp-content\/uploads\/2025\/08\/Saude-Descanso-2-1536x1023.jpeg 1536w, https:\/\/noticiarioregional.com.br\/wp-content\/uploads\/2025\/08\/Saude-Descanso-2-150x100.jpeg 150w, https:\/\/noticiarioregional.com.br\/wp-content\/uploads\/2025\/08\/Saude-Descanso-2-450x300.jpeg 450w, https:\/\/noticiarioregional.com.br\/wp-content\/uploads\/2025\/08\/Saude-Descanso-2-1200x800.jpeg 1200w, https:\/\/noticiarioregional.com.br\/wp-content\/uploads\/2025\/08\/Saude-Descanso-2.jpeg 1600w\" sizes=\"(max-width: 1024px) 100vw, 1024px\" \/><\/figure>\n","protected":false},"excerpt":{"rendered":"<p>Descanso &#8211; Na manh\u00e3 de quarta-feira, 23, a Secretaria de Sa\u00fade recebeu uma nova van, modelo minibus, adaptada com assento elevat\u00f3rio para cadeirantes, que facilitar\u00e1 o transporte de pessoas com mobilidade reduzida, garantindo acessibilidade e conforto aos pacientes e usu\u00e1rios dos servi\u00e7os de sa\u00fade do munic\u00edpio. Para a Secret\u00e1ria, Fernanda Ciqueira, a nova aquisi\u00e7\u00e3o refor\u00e7a<\/p>\n","protected":false},"author":1,"featured_media":7226,"comment_status":"open","ping_status":"open","sticky":false,"template":"","format":"standard","meta":{"footnotes":""},"categories":[41],"tags":[],"class_list":{"0":"post-7225","1":"post","2":"type-post","3":"status-publish","4":"format-standard","5":"has-post-thumbnail","7":"category-noticias"},"_links":{"self":[{"href":"https:\/\/noticiarioregional.com.br\/index.php?rest_route=\/wp\/v2\/posts\/7225","targetHints":{"allow":["GET"]}}],"collection":[{"href":"https:\/\/noticiarioregional.com.br\/index.php?rest_route=\/wp\/v2\/posts"}],"about":[{"href":"https:\/\/noticiarioregional.com.br\/index.php?rest_route=\/wp\/v2\/types\/post"}],"author":[{"embeddable":true,"href":"https:\/\/noticiarioregional.com.br\/index.php?rest_route=\/wp\/v2\/users\/1"}],"replies":[{"embeddable":true,"href":"https:\/\/noticiarioregional.com.br\/index.php?rest_route=%2Fwp%2Fv2%2Fcomments&post=7225"}],"version-history":[{"count":1,"href":"https:\/\/noticiarioregional.com.br\/index.php?rest_route=\/wp\/v2\/posts\/7225\/revisions"}],"predecessor-version":[{"id":7228,"href":"https:\/\/noticiarioregional.com.br\/index.php?rest_route=\/wp\/v2\/posts\/7225\/revisions\/7228"}],"wp:featuredmedia":[{"embeddable":true,"href":"https:\/\/noticiarioregional.com.br\/index.php?rest_route=\/wp\/v2\/media\/7226"}],"wp:attachment":[{"href":"https:\/\/noticiarioregional.com.br\/index.php?rest_route=%2Fwp%2Fv2%2Fmedia&parent=7225"}],"wp:term":[{"taxonomy":"category","embeddable":true,"href":"https:\/\/noticiarioregional.com.br\/index.php?rest_route=%2Fwp%2Fv2%2Fcategories&post=7225"},{"taxonomy":"post_tag","embeddable":true,"href":"https:\/\/noticiarioregional.com.br\/index.php?rest_route=%2Fwp%2Fv2%2Ftags&post=7225"}],"curies":[{"name":"wp","href":"https:\/\/api.w.org\/{rel}","templated":true}]}}