{"id":7229,"date":"2025-08-12T10:20:42","date_gmt":"2025-08-12T13:20:42","guid":{"rendered":"https:\/\/noticiarioregional.com.br\/?p=7229"},"modified":"2025-08-12T10:20:43","modified_gmt":"2025-08-12T13:20:43","slug":"acid-cdl-de-descanso-e-belmonte-possui-nova-diretoria","status":"publish","type":"post","link":"https:\/\/noticiarioregional.com.br\/?p=7229","title":{"rendered":"ACID\/CDL de Descanso e Belmonte possui nova diretoria"},"content":{"rendered":"\n<p><em>Elei\u00e7\u00e3o ocorreu no in\u00edcio de julho, para o mandato de um ano e meio<\/em><\/p>\n\n\n\n<p>No m\u00eas de julho foi definida e empossada a nova diretoria da Associa\u00e7\u00e3o Empresarial de Descanso e Belmonte, para a gest\u00e3o de julho de 2025 a 31 dezembro de 2026. Na \u00faltima semana a nova diretoria esteve reunida para discutir e planejar a\u00e7\u00f5es para o ano.<\/p>\n\n\n\n<p>Como presidente foi eleito o empres\u00e1rio Marcos Roberto Rosin; vice-presidente: Airton Oliveira Pacheco; secret\u00e1ria: Gracieli Marschall; vice-secret\u00e1ria: Cristiane Boht; diretora financeira: Karolise Colombo; diretor de solu\u00e7\u00f5es e SPC: Tiago Lorenski; assessora jur\u00eddica: Daiane Formagini; diretoras de eventos: Ana Maria Pereira Fleck e Jussara Pacheco; equipe de eventos: Thais Dal Moro, Aline Casagrande, Juliana Penso, Mauricio Agostini, Jeferson Fernando Perin e Glauber Felicetti; diretora do Empreender: Daniela Lorenski; diretora de Ind\u00fastria e Com\u00e9rcio: Micheli Sansigolo; conselho fiscal titulares: Jorge Luiz Lucion, Sidineia Bertol e M\u00e1rcia Casagrande e suplentes: Claudia Casagrande, Taysa Jaroseski e Ernani Fleck.<\/p>\n\n\n\n<p><strong>A\u00e7\u00f5es para o ano<\/strong><\/p>\n\n\n\n<p>Ap\u00f3s a posse, a nova diretoria esteve reunida para discutir e definir as principais a\u00e7\u00f5es at\u00e9 o final do ano. Para o m\u00eas de agosto, no dia 09, foi realizado um evento alusivo ao Dia dos Pais, o \u201cCaf\u00e9 com os pais\u201d, tendo como local o Hotel Descanso. Tamb\u00e9m alusivo a data, a ACID ir\u00e1 desenvolver a campanha \u201cO melhor pai merece o melhor presente- compre no com\u00e9rcio da gente\u201d<\/p>\n\n\n\n<p>Para setembro, dia 27, a entidade organiza um desfile de modas com lan\u00e7amento da cole\u00e7\u00e3o primavera ver\u00e3o, evento que ser\u00e1 realizado no Morro do Cristo em parceria com lojas associadas da entidade.<\/p>\n\n\n\n<p>O destaque no m\u00eas de outubro ser\u00e1 a campanha do Dia das Crian\u00e7as, denominada \u201cEm cada presente uma explos\u00e3o de alegria\u201d, que ir\u00e1 contemplar o sorteio de pr\u00eamios para quem comprar no com\u00e9rcio associado.<\/p>\n\n\n\n<p>Em novembro ser\u00e1 realizado um workshop sobre reforma tribut\u00e1ria, e no m\u00eas de dezembro a entidade estar\u00e1 envolvida na promo\u00e7\u00e3o da feira do munic\u00edpio, al\u00e9m tamb\u00e9m da realiza\u00e7\u00e3o de um concurso de decora\u00e7\u00e3o para vitrines e casas e a campanha Natal de Pr\u00eamios.<\/p>\n\n\n\n<p>De forma paralela aos eventos, a nova diretoria trabalha na institui\u00e7\u00e3o do projeto Conecta Descanso, em que o objetivo \u00e9 definir tr\u00eas representantes mulheres da ACID\/CDL para representar o munic\u00edpio e o com\u00e9rcio em eventos locais, a\u00e7\u00f5es de comunica\u00e7\u00e3o e campanhas institucionais, para dessa forma, fortalecer a imagem positiva da cidade, da ind\u00fastria, do com\u00e9rcio e dos profissionais liberais.<\/p>\n\n\n\n<p><\/p>\n","protected":false},"excerpt":{"rendered":"<p>Elei\u00e7\u00e3o ocorreu no in\u00edcio de julho, para o mandato de um ano e meio No m\u00eas de julho foi definida e empossada a nova diretoria da Associa\u00e7\u00e3o Empresarial de Descanso e Belmonte, para a gest\u00e3o de julho de 2025 a 31 dezembro de 2026. Na \u00faltima semana a nova diretoria esteve reunida para discutir e<\/p>\n","protected":false},"author":1,"featured_media":7230,"comment_status":"open","ping_status":"open","sticky":false,"template":"","format":"standard","meta":{"footnotes":""},"categories":[41],"tags":[],"class_list":{"0":"post-7229","1":"post","2":"type-post","3":"status-publish","4":"format-standard","5":"has-post-thumbnail","7":"category-noticias"},"_links":{"self":[{"href":"https:\/\/noticiarioregional.com.br\/index.php?rest_route=\/wp\/v2\/posts\/7229","targetHints":{"allow":["GET"]}}],"collection":[{"href":"https:\/\/noticiarioregional.com.br\/index.php?rest_route=\/wp\/v2\/posts"}],"about":[{"href":"https:\/\/noticiarioregional.com.br\/index.php?rest_route=\/wp\/v2\/types\/post"}],"author":[{"embeddable":true,"href":"https:\/\/noticiarioregional.com.br\/index.php?rest_route=\/wp\/v2\/users\/1"}],"replies":[{"embeddable":true,"href":"https:\/\/noticiarioregional.com.br\/index.php?rest_route=%2Fwp%2Fv2%2Fcomments&post=7229"}],"version-history":[{"count":1,"href":"https:\/\/noticiarioregional.com.br\/index.php?rest_route=\/wp\/v2\/posts\/7229\/revisions"}],"predecessor-version":[{"id":7231,"href":"https:\/\/noticiarioregional.com.br\/index.php?rest_route=\/wp\/v2\/posts\/7229\/revisions\/7231"}],"wp:featuredmedia":[{"embeddable":true,"href":"https:\/\/noticiarioregional.com.br\/index.php?rest_route=\/wp\/v2\/media\/7230"}],"wp:attachment":[{"href":"https:\/\/noticiarioregional.com.br\/index.php?rest_route=%2Fwp%2Fv2%2Fmedia&parent=7229"}],"wp:term":[{"taxonomy":"category","embeddable":true,"href":"https:\/\/noticiarioregional.com.br\/index.php?rest_route=%2Fwp%2Fv2%2Fcategories&post=7229"},{"taxonomy":"post_tag","embeddable":true,"href":"https:\/\/noticiarioregional.com.br\/index.php?rest_route=%2Fwp%2Fv2%2Ftags&post=7229"}],"curies":[{"name":"wp","href":"https:\/\/api.w.org\/{rel}","templated":true}]}}