{"id":7235,"date":"2025-08-12T10:40:48","date_gmt":"2025-08-12T13:40:48","guid":{"rendered":"https:\/\/noticiarioregional.com.br\/?p=7235"},"modified":"2025-08-12T10:40:49","modified_gmt":"2025-08-12T13:40:49","slug":"setor-de-agricultura-de-belmonte-registra-grande-demanda-de-servicos","status":"publish","type":"post","link":"https:\/\/noticiarioregional.com.br\/?p=7235","title":{"rendered":"Setor de Agricultura de Belmonte registra grande demanda de servi\u00e7os"},"content":{"rendered":"\n<p>Ainda no final de junho, entre os dias 22 e 23, os fortes ventos e a chuva registrada no per\u00edodo causaram diversos transtornos no munic\u00edpio. O secret\u00e1rio de Agricultura, Ivo Casanova, ressalta que estradas ficaram bloqueadas e bueiros trancados, e o setor auxiliou a secretaria de Transportes e Obras nos servi\u00e7os de desobstru\u00e7\u00e3o e limpeza. Com isso, comenta que os demais servi\u00e7os da Agricultura acabaram atrasando, e foi necess\u00e1ria a compreens\u00e3o dos produtores.<\/p>\n\n\n\n<p>Ap\u00f3s retomar os trabalhos do setor, o secret\u00e1rio cita que recentemente foi iniciada mais uma etapa da instala\u00e7\u00e3o de canos de \u00e1gua para abastecimento na comunidade de Lajinha. Ser\u00e3o cerca de 1.300 metros de canos instalados, beneficiando cinco fam\u00edlias com o abastecimento. Ao todo, desde o in\u00edcio de mar\u00e7o, Casanova destaca que j\u00e1 s\u00e3o 5.400 metros de canos instalados nas comunidades de Tabajara, Bela Uni\u00e3o, S\u00e3o Jorge, Santo Isidoro e Lajinha, e que contemplam no total 29 fam\u00edlias.<\/p>\n\n\n\n<p>O secret\u00e1rio ressalta tamb\u00e9m o empr\u00e9stimo do equipamento espalhador para os agricultores distribu\u00edrem nas lavouras calc\u00e1rio e cama de avi\u00e1rio, servi\u00e7o que ser\u00e1 finalizado em breve. Outra demanda do setor, para garantir o abastecimento de \u00e1gua as fam\u00edlias, s\u00e3o os servi\u00e7os executados para melhorias em fontes.<\/p>\n\n\n\n<p>Na \u00faltima semana, a secretaria realizou servi\u00e7o de cascalhamento na propriedade de Valmir Manica, na Linha Santo Isidoro. O produtor, junto com a esposa e dois filhos, fizeram a troca do sistema de produ\u00e7\u00e3o de leite do pasto para o confinamento em novo galp\u00e3o. Em forma de incentivo, o secret\u00e1rio comenta que foi feita a melhoria da propriedade com o cascalhamento do acesso, sem custos ao produtor.<\/p>\n\n\n\n<figure class=\"wp-block-image size-large\"><img fetchpriority=\"high\" decoding=\"async\" width=\"768\" height=\"1024\" src=\"https:\/\/noticiarioregional.com.br\/wp-content\/uploads\/2025\/08\/Ao-todo-desde-o-inicio-de-marco-ja-sao-5.400-metros-de-canos-instalados-em-cinco-comunidades-1-768x1024.jpg\" alt=\"\" class=\"wp-image-7239\" srcset=\"https:\/\/noticiarioregional.com.br\/wp-content\/uploads\/2025\/08\/Ao-todo-desde-o-inicio-de-marco-ja-sao-5.400-metros-de-canos-instalados-em-cinco-comunidades-1-768x1024.jpg 768w, https:\/\/noticiarioregional.com.br\/wp-content\/uploads\/2025\/08\/Ao-todo-desde-o-inicio-de-marco-ja-sao-5.400-metros-de-canos-instalados-em-cinco-comunidades-1-225x300.jpg 225w, https:\/\/noticiarioregional.com.br\/wp-content\/uploads\/2025\/08\/Ao-todo-desde-o-inicio-de-marco-ja-sao-5.400-metros-de-canos-instalados-em-cinco-comunidades-1-1152x1536.jpg 1152w, https:\/\/noticiarioregional.com.br\/wp-content\/uploads\/2025\/08\/Ao-todo-desde-o-inicio-de-marco-ja-sao-5.400-metros-de-canos-instalados-em-cinco-comunidades-1-150x200.jpg 150w, https:\/\/noticiarioregional.com.br\/wp-content\/uploads\/2025\/08\/Ao-todo-desde-o-inicio-de-marco-ja-sao-5.400-metros-de-canos-instalados-em-cinco-comunidades-1-450x600.jpg 450w, https:\/\/noticiarioregional.com.br\/wp-content\/uploads\/2025\/08\/Ao-todo-desde-o-inicio-de-marco-ja-sao-5.400-metros-de-canos-instalados-em-cinco-comunidades-1.jpg 1200w\" sizes=\"(max-width: 768px) 100vw, 768px\" \/><figcaption class=\"wp-element-caption\"><strong>Ao todo, desde o in\u00edcio de mar\u00e7o, j\u00e1 s\u00e3o 5.400 metros de canos instalados em cinco comunidades<\/strong><\/figcaption><\/figure>\n\n\n\n<figure class=\"wp-block-image size-large\"><img decoding=\"async\" width=\"768\" height=\"1024\" src=\"https:\/\/noticiarioregional.com.br\/wp-content\/uploads\/2025\/08\/Melhorias-em-fonte-na-propriedade-de-Gilmar-Anholeto-na-Linha-Bela-Uniao-1-768x1024.jpg\" alt=\"\" class=\"wp-image-7240\" srcset=\"https:\/\/noticiarioregional.com.br\/wp-content\/uploads\/2025\/08\/Melhorias-em-fonte-na-propriedade-de-Gilmar-Anholeto-na-Linha-Bela-Uniao-1-768x1024.jpg 768w, https:\/\/noticiarioregional.com.br\/wp-content\/uploads\/2025\/08\/Melhorias-em-fonte-na-propriedade-de-Gilmar-Anholeto-na-Linha-Bela-Uniao-1-225x300.jpg 225w, https:\/\/noticiarioregional.com.br\/wp-content\/uploads\/2025\/08\/Melhorias-em-fonte-na-propriedade-de-Gilmar-Anholeto-na-Linha-Bela-Uniao-1-1152x1536.jpg 1152w, https:\/\/noticiarioregional.com.br\/wp-content\/uploads\/2025\/08\/Melhorias-em-fonte-na-propriedade-de-Gilmar-Anholeto-na-Linha-Bela-Uniao-1-150x200.jpg 150w, https:\/\/noticiarioregional.com.br\/wp-content\/uploads\/2025\/08\/Melhorias-em-fonte-na-propriedade-de-Gilmar-Anholeto-na-Linha-Bela-Uniao-1-450x600.jpg 450w, https:\/\/noticiarioregional.com.br\/wp-content\/uploads\/2025\/08\/Melhorias-em-fonte-na-propriedade-de-Gilmar-Anholeto-na-Linha-Bela-Uniao-1.jpg 1200w\" sizes=\"(max-width: 768px) 100vw, 768px\" \/><figcaption class=\"wp-element-caption\"><strong>Melhorias em fonte na propriedade de Gilmar Anholeto, na Linha Bela Uni\u00e3o<\/strong><\/figcaption><\/figure>\n","protected":false},"excerpt":{"rendered":"<p>Ainda no final de junho, entre os dias 22 e 23, os fortes ventos e a chuva registrada no per\u00edodo causaram diversos transtornos no munic\u00edpio. O secret\u00e1rio de Agricultura, Ivo Casanova, ressalta que estradas ficaram bloqueadas e bueiros trancados, e o setor auxiliou a secretaria de Transportes e Obras nos servi\u00e7os de desobstru\u00e7\u00e3o e limpeza.<\/p>\n","protected":false},"author":1,"featured_media":7238,"comment_status":"open","ping_status":"open","sticky":false,"template":"","format":"standard","meta":{"footnotes":""},"categories":[41],"tags":[],"class_list":{"0":"post-7235","1":"post","2":"type-post","3":"status-publish","4":"format-standard","5":"has-post-thumbnail","7":"category-noticias"},"_links":{"self":[{"href":"https:\/\/noticiarioregional.com.br\/index.php?rest_route=\/wp\/v2\/posts\/7235","targetHints":{"allow":["GET"]}}],"collection":[{"href":"https:\/\/noticiarioregional.com.br\/index.php?rest_route=\/wp\/v2\/posts"}],"about":[{"href":"https:\/\/noticiarioregional.com.br\/index.php?rest_route=\/wp\/v2\/types\/post"}],"author":[{"embeddable":true,"href":"https:\/\/noticiarioregional.com.br\/index.php?rest_route=\/wp\/v2\/users\/1"}],"replies":[{"embeddable":true,"href":"https:\/\/noticiarioregional.com.br\/index.php?rest_route=%2Fwp%2Fv2%2Fcomments&post=7235"}],"version-history":[{"count":1,"href":"https:\/\/noticiarioregional.com.br\/index.php?rest_route=\/wp\/v2\/posts\/7235\/revisions"}],"predecessor-version":[{"id":7241,"href":"https:\/\/noticiarioregional.com.br\/index.php?rest_route=\/wp\/v2\/posts\/7235\/revisions\/7241"}],"wp:featuredmedia":[{"embeddable":true,"href":"https:\/\/noticiarioregional.com.br\/index.php?rest_route=\/wp\/v2\/media\/7238"}],"wp:attachment":[{"href":"https:\/\/noticiarioregional.com.br\/index.php?rest_route=%2Fwp%2Fv2%2Fmedia&parent=7235"}],"wp:term":[{"taxonomy":"category","embeddable":true,"href":"https:\/\/noticiarioregional.com.br\/index.php?rest_route=%2Fwp%2Fv2%2Fcategories&post=7235"},{"taxonomy":"post_tag","embeddable":true,"href":"https:\/\/noticiarioregional.com.br\/index.php?rest_route=%2Fwp%2Fv2%2Ftags&post=7235"}],"curies":[{"name":"wp","href":"https:\/\/api.w.org\/{rel}","templated":true}]}}