{"id":7242,"date":"2025-08-13T10:52:06","date_gmt":"2025-08-13T13:52:06","guid":{"rendered":"https:\/\/noticiarioregional.com.br\/?p=7242"},"modified":"2025-08-12T10:53:14","modified_gmt":"2025-08-12T13:53:14","slug":"movimenta-sao-joao-tera-mais-de-r-30-mil-em-premios","status":"publish","type":"post","link":"https:\/\/noticiarioregional.com.br\/?p=7242","title":{"rendered":"Movimenta S\u00e3o Jo\u00e3o ter\u00e1 mais de R$ 30 mil em pr\u00eamios"},"content":{"rendered":"\n<p><em>Campanha tem a participa\u00e7\u00e3o de mais de 50 empresas do munic\u00edpio<\/em><\/p>\n\n\n\n<p>Lan\u00e7ada durante a programa\u00e7\u00e3o da 15\u00aa Semana Alem\u00e3, a campanha Movimenta S\u00e3o Jo\u00e3o j\u00e1 est\u00e1 em andamento nas lojas associadas a Associa\u00e7\u00e3o Comercial, ACISJO. Na edi\u00e7\u00e3o deste ano, ser\u00e3o mais de R$ 30 mil em premia\u00e7\u00e3o. Ser\u00e3o sorteados um climatizador 9.000 BTUs, uma Smart TV 50\u201d 4k, cervejeiras recheadas com produtos da UNSA e Hand Bier, passaporte para o Termas S\u00e3o Jo\u00e3o, di\u00e1ria no Chal\u00e9 das Estrelas, 55 vale-compras de R$ 250,00 cada e o primeiro pr\u00eamio \u00e9 um vale viagem de R$ 7.500,00 em que o ganhador escolhe o destino.<\/p>\n\n\n\n<p>O presidente da ACISJO, Tiago Bracht Follmann, explica que a campanha ir\u00e1 funcionar da mesma forma como a edi\u00e7\u00e3o do ano passado. Cada empresa participante estipula um valor em compras para entrega de cupons aos clientes. O per\u00edodo da campanha \u00e9 at\u00e9 dia 27 de dezembro, e para dia 28 de dezembro est\u00e3o previstos os sorteios. Inicialmente ser\u00e1 feito o sorteio dos 55 vale-compras, sendo um por loja participante, e depois a premia\u00e7\u00e3o geral em que concorrem todos os cupons depositados nas urnas.<\/p>\n\n\n\n<p>Tiago acrescenta que como j\u00e1 diz o nome, o objetivo da campanha \u00e9 movimentar o com\u00e9rcio local, e oportunizar os clientes a concorrerem a premia\u00e7\u00e3o. As lojas participantes est\u00e3o identificadas com o cartaz da campanha.<\/p>\n","protected":false},"excerpt":{"rendered":"<p>Campanha tem a participa\u00e7\u00e3o de mais de 50 empresas do munic\u00edpio Lan\u00e7ada durante a programa\u00e7\u00e3o da 15\u00aa Semana Alem\u00e3, a campanha Movimenta S\u00e3o Jo\u00e3o j\u00e1 est\u00e1 em andamento nas lojas associadas a Associa\u00e7\u00e3o Comercial, ACISJO. Na edi\u00e7\u00e3o deste ano, ser\u00e3o mais de R$ 30 mil em premia\u00e7\u00e3o. Ser\u00e3o sorteados um climatizador 9.000 BTUs, uma Smart<\/p>\n","protected":false},"author":1,"featured_media":7243,"comment_status":"open","ping_status":"open","sticky":false,"template":"","format":"standard","meta":{"footnotes":""},"categories":[41],"tags":[],"class_list":{"0":"post-7242","1":"post","2":"type-post","3":"status-publish","4":"format-standard","5":"has-post-thumbnail","7":"category-noticias"},"_links":{"self":[{"href":"https:\/\/noticiarioregional.com.br\/index.php?rest_route=\/wp\/v2\/posts\/7242","targetHints":{"allow":["GET"]}}],"collection":[{"href":"https:\/\/noticiarioregional.com.br\/index.php?rest_route=\/wp\/v2\/posts"}],"about":[{"href":"https:\/\/noticiarioregional.com.br\/index.php?rest_route=\/wp\/v2\/types\/post"}],"author":[{"embeddable":true,"href":"https:\/\/noticiarioregional.com.br\/index.php?rest_route=\/wp\/v2\/users\/1"}],"replies":[{"embeddable":true,"href":"https:\/\/noticiarioregional.com.br\/index.php?rest_route=%2Fwp%2Fv2%2Fcomments&post=7242"}],"version-history":[{"count":1,"href":"https:\/\/noticiarioregional.com.br\/index.php?rest_route=\/wp\/v2\/posts\/7242\/revisions"}],"predecessor-version":[{"id":7244,"href":"https:\/\/noticiarioregional.com.br\/index.php?rest_route=\/wp\/v2\/posts\/7242\/revisions\/7244"}],"wp:featuredmedia":[{"embeddable":true,"href":"https:\/\/noticiarioregional.com.br\/index.php?rest_route=\/wp\/v2\/media\/7243"}],"wp:attachment":[{"href":"https:\/\/noticiarioregional.com.br\/index.php?rest_route=%2Fwp%2Fv2%2Fmedia&parent=7242"}],"wp:term":[{"taxonomy":"category","embeddable":true,"href":"https:\/\/noticiarioregional.com.br\/index.php?rest_route=%2Fwp%2Fv2%2Fcategories&post=7242"},{"taxonomy":"post_tag","embeddable":true,"href":"https:\/\/noticiarioregional.com.br\/index.php?rest_route=%2Fwp%2Fv2%2Ftags&post=7242"}],"curies":[{"name":"wp","href":"https:\/\/api.w.org\/{rel}","templated":true}]}}