{"id":7245,"date":"2025-08-14T09:39:00","date_gmt":"2025-08-14T12:39:00","guid":{"rendered":"https:\/\/noticiarioregional.com.br\/?p=7245"},"modified":"2025-08-14T09:37:37","modified_gmt":"2025-08-14T12:37:37","slug":"piquete-de-lacadores-estancia-esquina-gaucha-promove-2o-duelo","status":"publish","type":"post","link":"https:\/\/noticiarioregional.com.br\/?p=7245","title":{"rendered":"Piquete de La\u00e7adores Est\u00e2ncia Esquina Ga\u00facha promove 2\u00ba Duelo"},"content":{"rendered":"\n<p><em>Programa\u00e7\u00e3o tem o apoio do CTG Heran\u00e7a Pampiana, do munic\u00edpio e patrocinadores<\/em><\/p>\n\n\n\n<p>Com mais de R$ 25 mil em premia\u00e7\u00e3o, ser\u00e1 realizado neste final de semana, nos dias 15, 16 e 17 de agosto o 2\u00ba Duelo Est\u00e2ncia Esquina Ga\u00facha. O patr\u00e3o do Piquete de La\u00e7adores, El\u00f3i Voos, destaca que na sexta-feira, 15, a programa\u00e7\u00e3o inicia \u00e0s 13h com a categoria \u201cEsquenta Bra\u00e7o\u201d e a primeira la\u00e7ada, seguido da \u201cTa\u00e7a do Piquete\u201d.<\/p>\n\n\n\n<p>No s\u00e1bado, 16, a partir das 7h, ocorre a disputa das categorias \u201cPatr\u00e3o de Piquete\u201d, \u201cPatr\u00e3o de CTG\u201d, \u201cPai e filho (a)\u201d, \u201cTa\u00e7a Transportes Backes\u201d, \u201cDuelo do Feno\u201d e a disputa do \u201cTrio\u201d e \u201cDupla\u201d. \u00c0s 18h do s\u00e1bado ser\u00e1 realizada a abertura oficial com o momento especial da ora\u00e7\u00e3o da Ave Maria. A inscri\u00e7\u00e3o antecipada \u00e9 somente para a categoria \u201cDuelo do Feno\u201d, que ir\u00e1 pagar R$ 10 mil em pr\u00eamios, e para as demais a inscri\u00e7\u00e3o \u00e9 na hora.<\/p>\n\n\n\n<p>No domingo, 17, ocorrem as disputas da \u201cVaca Parada\u201d para as crian\u00e7as, e o \u201cDuelo das Prendas\u201d, e a final das demais categorias. O patr\u00e3o ressalta que a expectativa \u00e9 novamente receber um p\u00fablico expressivo para o evento, assim como foi na primeira edi\u00e7\u00e3o em 2024. Toda a programa\u00e7\u00e3o ser\u00e1 realizada na sede do Piquete, na Esquina Ga\u00facha, pr\u00f3ximo ao Drag\u00e3o Pe\u00e7as. Para mais d\u00favidas ou informa\u00e7\u00f5es o contato do patr\u00e3o \u00e9 o (49) 991226589.<\/p>\n\n\n\n<figure class=\"wp-block-image size-large\"><img fetchpriority=\"high\" decoding=\"async\" width=\"1024\" height=\"683\" src=\"https:\/\/noticiarioregional.com.br\/wp-content\/uploads\/2025\/08\/Toda-a-programacao-sera-realizada-na-sede-do-Piquete-na-Esquina-Gaucha-proximo-ao-Dragao-Pecas-1024x683.jpg\" alt=\"\" class=\"wp-image-7247\" srcset=\"https:\/\/noticiarioregional.com.br\/wp-content\/uploads\/2025\/08\/Toda-a-programacao-sera-realizada-na-sede-do-Piquete-na-Esquina-Gaucha-proximo-ao-Dragao-Pecas-1024x683.jpg 1024w, https:\/\/noticiarioregional.com.br\/wp-content\/uploads\/2025\/08\/Toda-a-programacao-sera-realizada-na-sede-do-Piquete-na-Esquina-Gaucha-proximo-ao-Dragao-Pecas-300x200.jpg 300w, https:\/\/noticiarioregional.com.br\/wp-content\/uploads\/2025\/08\/Toda-a-programacao-sera-realizada-na-sede-do-Piquete-na-Esquina-Gaucha-proximo-ao-Dragao-Pecas-768x512.jpg 768w, https:\/\/noticiarioregional.com.br\/wp-content\/uploads\/2025\/08\/Toda-a-programacao-sera-realizada-na-sede-do-Piquete-na-Esquina-Gaucha-proximo-ao-Dragao-Pecas-1536x1024.jpg 1536w, https:\/\/noticiarioregional.com.br\/wp-content\/uploads\/2025\/08\/Toda-a-programacao-sera-realizada-na-sede-do-Piquete-na-Esquina-Gaucha-proximo-ao-Dragao-Pecas-2048x1365.jpg 2048w, https:\/\/noticiarioregional.com.br\/wp-content\/uploads\/2025\/08\/Toda-a-programacao-sera-realizada-na-sede-do-Piquete-na-Esquina-Gaucha-proximo-ao-Dragao-Pecas-150x100.jpg 150w, https:\/\/noticiarioregional.com.br\/wp-content\/uploads\/2025\/08\/Toda-a-programacao-sera-realizada-na-sede-do-Piquete-na-Esquina-Gaucha-proximo-ao-Dragao-Pecas-450x300.jpg 450w, https:\/\/noticiarioregional.com.br\/wp-content\/uploads\/2025\/08\/Toda-a-programacao-sera-realizada-na-sede-do-Piquete-na-Esquina-Gaucha-proximo-ao-Dragao-Pecas-1200x800.jpg 1200w\" sizes=\"(max-width: 1024px) 100vw, 1024px\" \/><figcaption class=\"wp-element-caption\">Toda a programa\u00e7\u00e3o ser\u00e1 realizada na sede do Piquete, na Esquina Ga\u00facha, pr\u00f3ximo ao Drag\u00e3o Pe\u00e7as<\/figcaption><\/figure>\n","protected":false},"excerpt":{"rendered":"<p>Programa\u00e7\u00e3o tem o apoio do CTG Heran\u00e7a Pampiana, do munic\u00edpio e patrocinadores Com mais de R$ 25 mil em premia\u00e7\u00e3o, ser\u00e1 realizado neste final de semana, nos dias 15, 16 e 17 de agosto o 2\u00ba Duelo Est\u00e2ncia Esquina Ga\u00facha. O patr\u00e3o do Piquete de La\u00e7adores, El\u00f3i Voos, destaca que na sexta-feira, 15, a programa\u00e7\u00e3o<\/p>\n","protected":false},"author":1,"featured_media":7246,"comment_status":"open","ping_status":"open","sticky":false,"template":"","format":"standard","meta":{"footnotes":""},"categories":[41],"tags":[],"class_list":{"0":"post-7245","1":"post","2":"type-post","3":"status-publish","4":"format-standard","5":"has-post-thumbnail","7":"category-noticias"},"_links":{"self":[{"href":"https:\/\/noticiarioregional.com.br\/index.php?rest_route=\/wp\/v2\/posts\/7245","targetHints":{"allow":["GET"]}}],"collection":[{"href":"https:\/\/noticiarioregional.com.br\/index.php?rest_route=\/wp\/v2\/posts"}],"about":[{"href":"https:\/\/noticiarioregional.com.br\/index.php?rest_route=\/wp\/v2\/types\/post"}],"author":[{"embeddable":true,"href":"https:\/\/noticiarioregional.com.br\/index.php?rest_route=\/wp\/v2\/users\/1"}],"replies":[{"embeddable":true,"href":"https:\/\/noticiarioregional.com.br\/index.php?rest_route=%2Fwp%2Fv2%2Fcomments&post=7245"}],"version-history":[{"count":1,"href":"https:\/\/noticiarioregional.com.br\/index.php?rest_route=\/wp\/v2\/posts\/7245\/revisions"}],"predecessor-version":[{"id":7248,"href":"https:\/\/noticiarioregional.com.br\/index.php?rest_route=\/wp\/v2\/posts\/7245\/revisions\/7248"}],"wp:featuredmedia":[{"embeddable":true,"href":"https:\/\/noticiarioregional.com.br\/index.php?rest_route=\/wp\/v2\/media\/7246"}],"wp:attachment":[{"href":"https:\/\/noticiarioregional.com.br\/index.php?rest_route=%2Fwp%2Fv2%2Fmedia&parent=7245"}],"wp:term":[{"taxonomy":"category","embeddable":true,"href":"https:\/\/noticiarioregional.com.br\/index.php?rest_route=%2Fwp%2Fv2%2Fcategories&post=7245"},{"taxonomy":"post_tag","embeddable":true,"href":"https:\/\/noticiarioregional.com.br\/index.php?rest_route=%2Fwp%2Fv2%2Ftags&post=7245"}],"curies":[{"name":"wp","href":"https:\/\/api.w.org\/{rel}","templated":true}]}}