{"id":7250,"date":"2025-08-13T16:45:48","date_gmt":"2025-08-13T19:45:48","guid":{"rendered":"https:\/\/noticiarioregional.com.br\/?p=7250"},"modified":"2025-08-13T16:45:49","modified_gmt":"2025-08-13T19:45:49","slug":"reforma-tributaria-em-pauta","status":"publish","type":"post","link":"https:\/\/noticiarioregional.com.br\/?p=7250","title":{"rendered":"Reforma Tribut\u00e1ria em pauta"},"content":{"rendered":"\n<h2 class=\"wp-block-heading has-regular-font-size\">Por Adriano Bortoluzzi<\/h2>\n\n\n\n<p>Se tem um tema que est\u00e1, ou deveria estar, na pauta de todos os empres\u00e1rios, \u00e9 a Reforma Tribut\u00e1ria, que entra em vigor a partir de 2026, com um per\u00edodo de transi\u00e7\u00e3o que se estender\u00e1 por sete anos. O tema \u00e9 sens\u00edvel e dos mais relevantes para o cen\u00e1rio econ\u00f4mico atual e futuro do Brasil. Neste sentido, buscando se antecipar e preparar os empres\u00e1rios mondaienses, com conhecimento pr\u00e1tico e estrat\u00e9gico, a Associa\u00e7\u00e3o Comercial e Industrial e C\u00e2mara de Dirigentes Lojistas (ACIM\/CDL), oportunizam na noite da sexta-feira, 25, uma palestra com Deise Parisotto, especialista reconhecida na \u00e1rea cont\u00e1bil e tribut\u00e1ria. Antes do in\u00edcio da palestra, o presidente da ACIM, Leandro Figleski, agradeceu ao p\u00fablico e destacou se tratar de um grande momento de aprendizado.<\/p>\n\n\n\n<p>&nbsp;Diante de uma plateia de mais de 200 pessoas, a palestrante Deise Parisotto \u2014 ga\u00facha de Porto Alegre \u2014 abordou as principais mudan\u00e7as trazidas pela Reforma Tribut\u00e1ria, seus impactos nos mais diversos segmentos e como as empresas devem se preparar e adaptar suas gest\u00f5es tribut\u00e1rias. <em>\u201c&#8230;de fato \u00e9 uma mudan\u00e7a muito grande e a gente precisa se preparar. N\u00e3o \u00e9 apenas a mudan\u00e7a de um tributo. Esta reforma tribut\u00e1ria vai impactar as nossas compras, as nossas vendas, o pre\u00e7o, o nosso fluxo de caixa, e \u00e9 isso que quero compartilhar, j\u00e1 que ela \u00e9 tanto para as empresas do regime de Lucro Real, Lucro Presumido, quanto para o Simples Nacional&#8230;\u201d, <\/em>explica.<\/p>\n\n\n\n<p>Durante mais de duas horas, Deise compartilhou explica\u00e7\u00f5es detalhadas sobre o que est\u00e1 por vir a partir do pr\u00f3ximo ano e ao longo da transi\u00e7\u00e3o at\u00e9 2033. Ela alertou que os empres\u00e1rios n\u00e3o devem delegar exclusivamente aos contadores a responsabilidade pelas mudan\u00e7as, pois estas exigir\u00e3o um envolvimento direto da gest\u00e3o.<\/p>\n\n\n\n<p><strong>Pontos chave:<\/strong><\/p>\n\n\n\n<p>A Reforma Tribut\u00e1ria brasileira trar\u00e1 uma grande mudan\u00e7a na forma como os impostos sobre o consumo s\u00e3o cobrados no pa\u00eds. O modelo atual, caracterizado por tributos complexos e cumulativos, ser\u00e1 substitu\u00eddo pelo IVA, que \u00e9 composto por dois impostos principais:<\/p>\n\n\n\n<ul class=\"wp-block-list\">\n<li><strong>IBS (Imposto sobre Bens e Servi\u00e7os)<\/strong>\u00a0\u2013 de compet\u00eancia estadual e municipal, substitui o ICMS e o ISS. A al\u00edquota padr\u00e3o do IBS foi destacada que ser\u00e1 de 17,7%, por\u00e9m os Estados e Munic\u00edpios ter\u00e3o autonomia para ajustar essa taxa conforme suas necessidades locais e, com isso, poder\u00e1 aumentar ou diminuir.<\/li>\n\n\n\n<li><strong>CBS (Contribui\u00e7\u00e3o sobre Bens e Servi\u00e7os)<\/strong>\u00a0\u2013 de compet\u00eancia federal, substitui o PIS e a Cofins. A al\u00edquota padr\u00e3o da CBS foi definida em\u00a08,8%, o que representa uma unifica\u00e7\u00e3o das al\u00edquotas anteriormente aplicadas pelo PIS e Cofins.\u00a0<\/li>\n\n\n\n<li><strong>Al\u00e9m disso, foi criado o\u00a0Imposto Seletivo (IS)<\/strong>, que incidir\u00e1 sobre produtos prejudiciais \u00e0 sa\u00fade e ao meio ambiente. O IS ter\u00e1 al\u00edquotas\u00a0vari\u00e1veis\u00a0de acordo com o tipo de produto, ou seja, conforme o grau de nocividade a sa\u00fade. Exemplo: cigarro 250%, bebidas alco\u00f3licas 46 a 62%, refrigerantes 32% &#8211; lembrando, que os percentuais exatos ainda n\u00e3o se t\u00eam.<\/li>\n<\/ul>\n\n\n\n<p>Vale destacar que o IVA ser\u00e1 gradual, e ocorrer\u00e1 entre&nbsp;2026 e 2033, per\u00edodo no qual os tributos atuais ser\u00e3o progressivamente eliminados at\u00e9 que o novo sistema esteja plenamente funcional. A al\u00edquota do IVA brasileiro estima-se que fique em 26,5%. \u00c9 importante deixar claro que em raz\u00e3o das profundas altera\u00e7\u00f5es na tributa\u00e7\u00e3o, os desafios para os neg\u00f3cios ser\u00e3o in\u00fameros, indo desde a compreens\u00e3o da nova legisla\u00e7\u00e3o \u00e0 implementa\u00e7\u00e3o dos novos tributos, a precifica\u00e7\u00e3o, negocia\u00e7\u00f5es com clientes e fornecedores, cr\u00e9ditos, adapta\u00e7\u00e3o de rotinas fiscais, dentre outras novas demandas. Por isso, a orienta\u00e7\u00e3o \u00e9 que as empresas n\u00e3o esperem janeiro de 2026 para s\u00f3 ent\u00e3o tratar da quest\u00e3o.<\/p>\n","protected":false},"excerpt":{"rendered":"<p>Por Adriano Bortoluzzi Se tem um tema que est\u00e1, ou deveria estar, na pauta de todos os empres\u00e1rios, \u00e9 a Reforma Tribut\u00e1ria, que entra em vigor a partir de 2026, com um per\u00edodo de transi\u00e7\u00e3o que se estender\u00e1 por sete anos. O tema \u00e9 sens\u00edvel e dos mais relevantes para o cen\u00e1rio econ\u00f4mico atual e<\/p>\n","protected":false},"author":1,"featured_media":7251,"comment_status":"open","ping_status":"open","sticky":false,"template":"","format":"standard","meta":{"footnotes":""},"categories":[41],"tags":[],"class_list":{"0":"post-7250","1":"post","2":"type-post","3":"status-publish","4":"format-standard","5":"has-post-thumbnail","7":"category-noticias"},"_links":{"self":[{"href":"https:\/\/noticiarioregional.com.br\/index.php?rest_route=\/wp\/v2\/posts\/7250","targetHints":{"allow":["GET"]}}],"collection":[{"href":"https:\/\/noticiarioregional.com.br\/index.php?rest_route=\/wp\/v2\/posts"}],"about":[{"href":"https:\/\/noticiarioregional.com.br\/index.php?rest_route=\/wp\/v2\/types\/post"}],"author":[{"embeddable":true,"href":"https:\/\/noticiarioregional.com.br\/index.php?rest_route=\/wp\/v2\/users\/1"}],"replies":[{"embeddable":true,"href":"https:\/\/noticiarioregional.com.br\/index.php?rest_route=%2Fwp%2Fv2%2Fcomments&post=7250"}],"version-history":[{"count":1,"href":"https:\/\/noticiarioregional.com.br\/index.php?rest_route=\/wp\/v2\/posts\/7250\/revisions"}],"predecessor-version":[{"id":7252,"href":"https:\/\/noticiarioregional.com.br\/index.php?rest_route=\/wp\/v2\/posts\/7250\/revisions\/7252"}],"wp:featuredmedia":[{"embeddable":true,"href":"https:\/\/noticiarioregional.com.br\/index.php?rest_route=\/wp\/v2\/media\/7251"}],"wp:attachment":[{"href":"https:\/\/noticiarioregional.com.br\/index.php?rest_route=%2Fwp%2Fv2%2Fmedia&parent=7250"}],"wp:term":[{"taxonomy":"category","embeddable":true,"href":"https:\/\/noticiarioregional.com.br\/index.php?rest_route=%2Fwp%2Fv2%2Fcategories&post=7250"},{"taxonomy":"post_tag","embeddable":true,"href":"https:\/\/noticiarioregional.com.br\/index.php?rest_route=%2Fwp%2Fv2%2Ftags&post=7250"}],"curies":[{"name":"wp","href":"https:\/\/api.w.org\/{rel}","templated":true}]}}