{"id":7253,"date":"2025-08-13T16:51:16","date_gmt":"2025-08-13T19:51:16","guid":{"rendered":"https:\/\/noticiarioregional.com.br\/?p=7253"},"modified":"2025-08-13T16:51:17","modified_gmt":"2025-08-13T19:51:17","slug":"pre-assembleia-cooper-a1-realiza-reuniao-de-avaliacao-do-primeiro-semestre","status":"publish","type":"post","link":"https:\/\/noticiarioregional.com.br\/?p=7253","title":{"rendered":"PR\u00c9-ASSEMBLEIA &#8211; Cooper A1 realiza reuni\u00e3o de avalia\u00e7\u00e3o do primeiro semestre"},"content":{"rendered":"\n<h2 class=\"wp-block-heading has-regular-font-size\"><strong>Por Jocel\u00e2yne Bauer <\/strong><\/h2>\n\n\n\n<p>A Cooper A1 promoveu, na quinta-feira, 24, reuni\u00e3o de avalia\u00e7\u00e3o do primeiro semestre de 2025. O evento aconteceu no Pavilh\u00e3o Central da \u00c1rea de Lazer de Monda\u00ed e reuniu lideran\u00e7as cooperativistas, associados e colaboradores.<\/p>\n\n\n\n<p>Durante o encontro, foram apresentados os principais indicadores e resultados obtidos pela cooperativa nos primeiros seis meses do ano. A ocasi\u00e3o serviu n\u00e3o apenas para prestar contas das atividades realizadas, mas tamb\u00e9m para refor\u00e7ar o compromisso da Cooper A1 com a transpar\u00eancia, a efici\u00eancia na gest\u00e3o e o fortalecimento do cooperativismo regional.<\/p>\n\n\n\n<p>&nbsp;&nbsp;&nbsp;&nbsp;&nbsp;&nbsp;&nbsp;&nbsp;&nbsp;&nbsp;&nbsp; Primeiramente, foi ministrada uma palestra motivacional, com o palestrante Jo\u00e3o Batista Schneiders, com o tema \u201cPrinc\u00edpios e valores: li\u00e7\u00e3o que vem de casa!\u201d, onde relatou sobre os princ\u00edpios e valores do cooperativismo, a import\u00e2ncia da educa\u00e7\u00e3o cooperativista, os desafios do cooperativismo no futuro.<\/p>\n\n\n\n<figure class=\"wp-block-image size-large\"><img fetchpriority=\"high\" decoding=\"async\" width=\"1024\" height=\"683\" src=\"https:\/\/noticiarioregional.com.br\/wp-content\/uploads\/2025\/08\/Lauri-Inacio-Slomski-presidente-1024x683.jpg\" alt=\"\" class=\"wp-image-7256\" srcset=\"https:\/\/noticiarioregional.com.br\/wp-content\/uploads\/2025\/08\/Lauri-Inacio-Slomski-presidente-1024x683.jpg 1024w, https:\/\/noticiarioregional.com.br\/wp-content\/uploads\/2025\/08\/Lauri-Inacio-Slomski-presidente-300x200.jpg 300w, https:\/\/noticiarioregional.com.br\/wp-content\/uploads\/2025\/08\/Lauri-Inacio-Slomski-presidente-768x512.jpg 768w, https:\/\/noticiarioregional.com.br\/wp-content\/uploads\/2025\/08\/Lauri-Inacio-Slomski-presidente-1536x1024.jpg 1536w, https:\/\/noticiarioregional.com.br\/wp-content\/uploads\/2025\/08\/Lauri-Inacio-Slomski-presidente-2048x1365.jpg 2048w, https:\/\/noticiarioregional.com.br\/wp-content\/uploads\/2025\/08\/Lauri-Inacio-Slomski-presidente-150x100.jpg 150w, https:\/\/noticiarioregional.com.br\/wp-content\/uploads\/2025\/08\/Lauri-Inacio-Slomski-presidente-450x300.jpg 450w, https:\/\/noticiarioregional.com.br\/wp-content\/uploads\/2025\/08\/Lauri-Inacio-Slomski-presidente-1200x800.jpg 1200w\" sizes=\"(max-width: 1024px) 100vw, 1024px\" \/><figcaption class=\"wp-element-caption\">Lauri In\u00e1cio Slomski, presidente<\/figcaption><\/figure>\n\n\n\n<p>&nbsp;&nbsp;&nbsp;&nbsp;&nbsp;&nbsp;&nbsp;&nbsp;&nbsp;&nbsp;&nbsp; Em seguida, o presidente da Cooper A1, Lauri In\u00e1cio Slomski, realizou a demonstra\u00e7\u00e3o dos n\u00fameros gerias da Cooperativa que tem hoje 9.678 cooperados e 1.972 colaboradores diretos. Confira os n\u00fameros abaixo:<\/p>\n\n\n\n<ul class=\"wp-block-list\">\n<li><strong>Receita bruta por atividade: (em milh\u00f5es)<\/strong><\/li>\n<\/ul>\n\n\n\n<figure class=\"wp-block-table\"><table class=\"has-fixed-layout\"><tbody><tr><td><strong>Atividade<\/strong><\/td><td><strong>Projetado 2025<\/strong><\/td><td><strong>At\u00e9 junho 2025<\/strong><\/td><td><strong>% atingido<\/strong><\/td><\/tr><tr><td>Supermercado<\/td><td>410.6<\/td><td>196.3<\/td><td>47,82%<\/td><\/tr><tr><td>Agropecu\u00e1ria<\/td><td>857.8<\/td><td>312.9<\/td><td>36,48%<\/td><\/tr><tr><td>P. Combust\u00edvel<\/td><td>92.2<\/td><td>46.0<\/td><td>49,94%<\/td><\/tr><tr><td>Cereais<\/td><td>296.6<\/td><td>211.2<\/td><td>71,22%<\/td><\/tr><tr><td>Ind\u00fastria<\/td><td>590.5<\/td><td>331.9<\/td><td>56,21%<\/td><\/tr><tr><td>Moinho<\/td><td>52.1<\/td><td>28.1<\/td><td>53,98%<\/td><\/tr><tr><td>Suinocultura<\/td><td>788.6<\/td><td>416.6<\/td><td>52,83%<\/td><\/tr><tr><td>Avicultura<\/td><td>49.3<\/td><td>24.4<\/td><td>49,49%<\/td><\/tr><tr><td>bovinocultura<\/td><td>196.0<\/td><td>100.8<\/td><td>51,45%<\/td><\/tr><tr><td><strong>Receita Bruta<\/strong><\/td><td><strong>3.334.000,00<\/strong><\/td><td><strong>1.668.700,00<\/strong><\/td><td><strong>50,05%<\/strong><\/td><\/tr><\/tbody><\/table><\/figure>\n\n\n\n<p>Na demonstra\u00e7\u00e3o, da proje\u00e7\u00e3o para 2025, dividida pelos setores, a apresenta\u00e7\u00e3o foi a seguinte:<\/p>\n\n\n\n<figure class=\"wp-block-table\"><table class=\"has-fixed-layout\"><tbody><tr><td><strong>Setor<\/strong><\/td><td><strong>Projetado 2025<\/strong><\/td><td><strong>Recebido at\u00e9 junho<\/strong><\/td><td><strong>Percentual<\/strong><\/td><\/tr><tr><td>Su\u00ednos (cabe\u00e7as)<\/td><td>1.520.000<\/td><td>783.303<\/td><td>51,53%<\/td><\/tr><tr><td>Aves (cabe\u00e7as)<\/td><td>36.193.901<\/td><td>18.713.568<\/td><td>51,70%<\/td><\/tr><tr><td>Ind\u00fastria (toneladas)<\/td><td>600.594<\/td><td>289.312<\/td><td>47,47%<\/td><\/tr><tr><td>Produ\u00e7\u00e3o de milho (sacas de 60 kg)<\/td><td>2.466.000<\/td><td>2.985.679<\/td><td>121,07%<\/td><\/tr><tr><td>Produ\u00e7\u00e3o de soja (sacas de 60 kg)<\/td><td>1.970.000<\/td><td>1.507.135<\/td><td>76,50%<\/td><\/tr><tr><td>Trigo (sacas de 60 kg)<\/td><td>697.000<\/td><td>N\u00e3o foi colhido ainda<\/td><td>&nbsp;<\/td><\/tr><tr><td>Leite (milh\u00f5es de litros)<\/td><td>72,6<\/td><td>32.6<\/td><td>44,90%<\/td><\/tr><\/tbody><\/table><\/figure>\n\n\n\n<p>Em seguida, foi repassada a oportunidade para o gerente da Cooper A1, Rog\u00e9rio Thomazoni, para realizar a explana\u00e7\u00e3o dos n\u00fameros da cooperativa do munic\u00edpio.<\/p>\n\n\n\n<figure class=\"wp-block-image size-large\"><img decoding=\"async\" width=\"1024\" height=\"683\" src=\"https:\/\/noticiarioregional.com.br\/wp-content\/uploads\/2025\/08\/Rogerio-Thomazoni-gerente-da-Cooper-A1-de-Mondai-1024x683.jpg\" alt=\"\" class=\"wp-image-7257\" srcset=\"https:\/\/noticiarioregional.com.br\/wp-content\/uploads\/2025\/08\/Rogerio-Thomazoni-gerente-da-Cooper-A1-de-Mondai-1024x683.jpg 1024w, https:\/\/noticiarioregional.com.br\/wp-content\/uploads\/2025\/08\/Rogerio-Thomazoni-gerente-da-Cooper-A1-de-Mondai-300x200.jpg 300w, https:\/\/noticiarioregional.com.br\/wp-content\/uploads\/2025\/08\/Rogerio-Thomazoni-gerente-da-Cooper-A1-de-Mondai-768x512.jpg 768w, https:\/\/noticiarioregional.com.br\/wp-content\/uploads\/2025\/08\/Rogerio-Thomazoni-gerente-da-Cooper-A1-de-Mondai-1536x1024.jpg 1536w, https:\/\/noticiarioregional.com.br\/wp-content\/uploads\/2025\/08\/Rogerio-Thomazoni-gerente-da-Cooper-A1-de-Mondai-2048x1365.jpg 2048w, https:\/\/noticiarioregional.com.br\/wp-content\/uploads\/2025\/08\/Rogerio-Thomazoni-gerente-da-Cooper-A1-de-Mondai-150x100.jpg 150w, https:\/\/noticiarioregional.com.br\/wp-content\/uploads\/2025\/08\/Rogerio-Thomazoni-gerente-da-Cooper-A1-de-Mondai-450x300.jpg 450w, https:\/\/noticiarioregional.com.br\/wp-content\/uploads\/2025\/08\/Rogerio-Thomazoni-gerente-da-Cooper-A1-de-Mondai-1200x800.jpg 1200w\" sizes=\"(max-width: 1024px) 100vw, 1024px\" \/><figcaption class=\"wp-element-caption\">Rog\u00e9rio Thomazoni, gerente da Cooper A1 de Monda\u00ed<\/figcaption><\/figure>\n\n\n\n<ul class=\"wp-block-list\">\n<li><strong>Receita bruta por atividade (em milh\u00f5es):<\/strong><\/li>\n<\/ul>\n\n\n\n<figure class=\"wp-block-table\"><table class=\"has-fixed-layout\"><tbody><tr><td><strong>Atividade<\/strong><\/td><td><strong>Projetado 2025<\/strong><\/td><td><strong>At\u00e9 junho 2025<\/strong><\/td><td><strong>% atingido<\/strong><\/td><\/tr><tr><td>Supermercado<\/td><td>23.3<\/td><td>10.9<\/td><td>46,96%<\/td><\/tr><tr><td>Agropecu\u00e1ria<\/td><td>34.2<\/td><td>13.5<\/td><td>39,50%<\/td><\/tr><\/tbody><\/table><\/figure>\n\n\n\n<ul class=\"wp-block-list\">\n<li><strong>Recebimento de produ\u00e7\u00e3o:<\/strong><\/li>\n<\/ul>\n\n\n\n<figure class=\"wp-block-table\"><table class=\"has-fixed-layout\"><tbody><tr><td><strong>Atividade<\/strong><\/td><td><strong>Projetado 2025<\/strong><\/td><td><strong>Recebido 2025<\/strong><\/td><td><strong>% atingido<\/strong><\/td><\/tr><tr><td>Leite (milh\u00f5es de litros)<\/td><td>2.008<\/td><td>0.799<\/td><td>39,81%<\/td><\/tr><tr><td>Su\u00ednos (cabe\u00e7as)<\/td><td>127.286<\/td><td>54.116<\/td><td>42,52%<\/td><\/tr><tr><td>Aves (cabe\u00e7as)<\/td><td>3.527.447<\/td><td>1.557.188<\/td><td>44.14%<\/td><\/tr><tr><td>Milho (em sacas de 60 kg)<\/td><td>50.000<\/td><td>57.683<\/td><td>115,37%<\/td><\/tr><tr><td>Soja (sacas de 60 kg)<\/td><td>28.000<\/td><td>27.975<\/td><td>99,91%<\/td><\/tr><tr><td>Trigo (sacas de 60 kg)<\/td><td>1.000<\/td><td>&#8211;<\/td><td>&#8211;<\/td><\/tr><\/tbody><\/table><\/figure>\n\n\n\n<p>Na apresenta\u00e7\u00e3o ainda, foi demonstrado que em Monda\u00ed a cooperativa cont\u00e9m 404 s\u00f3cios, e 56 colaboradores no supermercado e 105 colaboradores na f\u00e1brica de ra\u00e7\u00e3o. Em investimentos, foi citado a amplia\u00e7\u00e3o do estacionamento do mercado, que ir\u00e1 proporcionar em torno de 50 novas vagas.<\/p>\n\n\n\n<p><\/p>\n\n\n\n<p><strong>Novidades na Cooper A1<\/strong><\/p>\n\n\n\n<figure class=\"wp-block-image size-large\"><img decoding=\"async\" width=\"1024\" height=\"683\" src=\"https:\/\/noticiarioregional.com.br\/wp-content\/uploads\/2025\/08\/Paulo-Costacurta-vice-presidente-e-diretor-de-producao-1024x683.jpg\" alt=\"\" class=\"wp-image-7255\" srcset=\"https:\/\/noticiarioregional.com.br\/wp-content\/uploads\/2025\/08\/Paulo-Costacurta-vice-presidente-e-diretor-de-producao-1024x683.jpg 1024w, https:\/\/noticiarioregional.com.br\/wp-content\/uploads\/2025\/08\/Paulo-Costacurta-vice-presidente-e-diretor-de-producao-300x200.jpg 300w, https:\/\/noticiarioregional.com.br\/wp-content\/uploads\/2025\/08\/Paulo-Costacurta-vice-presidente-e-diretor-de-producao-768x512.jpg 768w, https:\/\/noticiarioregional.com.br\/wp-content\/uploads\/2025\/08\/Paulo-Costacurta-vice-presidente-e-diretor-de-producao-1536x1024.jpg 1536w, https:\/\/noticiarioregional.com.br\/wp-content\/uploads\/2025\/08\/Paulo-Costacurta-vice-presidente-e-diretor-de-producao-2048x1365.jpg 2048w, https:\/\/noticiarioregional.com.br\/wp-content\/uploads\/2025\/08\/Paulo-Costacurta-vice-presidente-e-diretor-de-producao-150x100.jpg 150w, https:\/\/noticiarioregional.com.br\/wp-content\/uploads\/2025\/08\/Paulo-Costacurta-vice-presidente-e-diretor-de-producao-450x300.jpg 450w, https:\/\/noticiarioregional.com.br\/wp-content\/uploads\/2025\/08\/Paulo-Costacurta-vice-presidente-e-diretor-de-producao-1200x800.jpg 1200w\" sizes=\"(max-width: 1024px) 100vw, 1024px\" \/><figcaption class=\"wp-element-caption\">Paulo Costacurta, vice-presidente e diretor de produ\u00e7\u00e3o<\/figcaption><\/figure>\n\n\n\n<p>Para finalizar, foi passada a palavra para Paulo Costacurta que relatou sobre as inova\u00e7\u00f5es dentro da cooperativa, detalhou sobre o programa +SoloA1, que ser\u00e1 para produtor fazer corre\u00e7\u00e3o de sol. \u201c<em>Primeiramente, a gente faz um mapeamento da propriedade, da \u00e1rea do produtor em que ele quer fazer a corre\u00e7\u00e3o. Ent\u00e3o, em cima do trabalho de uma empresa do Rio Grande do Sul, que n\u00f3s contratamos a Lavoura Digital, ela nos presta esse trabalho de fazer essas zonas de manejo, que eles fazem as coletas, fazem o mapeamento, depois fazem as coletas atrav\u00e9s de equipamento e ap\u00f3s isso, n\u00f3s fazemos a corre\u00e7\u00e3o do sol. Usando um caminh\u00e3o para distribui\u00e7\u00e3o de calc\u00e1rio, com distribui\u00e7\u00e3o de taxa vari\u00e1vel, esse caminh\u00e3o tem um equipamento com mapa dentro, onde ele vai fazer a distribui\u00e7\u00e3o de calc\u00e1rio conforme a necessidade, na \u00e1rea que ele vai andando. Ent\u00e3o, se em algum local tem necessidade de mais calc\u00e1rio, ele vai distribuir mais. Uma \u00e1rea que tem menos, ele vai distribuir menos<\/em>\u201d.<\/p>\n\n\n\n<p>&nbsp;&nbsp;&nbsp;&nbsp;&nbsp;&nbsp;&nbsp;&nbsp;&nbsp;&nbsp;&nbsp; Outra novidade, \u00e9 a inser\u00e7\u00e3o do Gado de Corte nas atividades da Cooper A1. \u201c<em>O frigor\u00edfico Montebello ter\u00e1 uma capacidade, a partir da sua inaugura\u00e7\u00e3o em 2027, de 400 animais por dia. E disso, a cooperativa assumiu uma cota de 80 animais por dia. Parece pequeno o n\u00famero, mas quando voc\u00ea vai e coloca no papel, o n\u00famero se torna muito grande, \u00e9 uma maneira de incentivar tamb\u00e9m essa \u00e1rea, n\u00f3s vamos iniciar fazendo algumas parcerias com outros produtores. J\u00e1 come\u00e7amos uma parceria, na parte de recria. Ent\u00e3o, a gente leva, a gente compra um terneiro de 200 quilos, 200 e poucos quilos. Leva at\u00e9 350, 370 quilos na recria. E essa recria \u00e9 feito \u00e0 base de pasto, ent\u00e3o, tem que ter pasto, capacidade de aduba\u00e7\u00e3o de pastagem, porque s\u00e3o coisas necess\u00e1rias. Na engorda, no confinamento, a gente vai fazer fechado com ra\u00e7\u00e3o<\/em>\u201d, explica.<\/p>\n\n\n\n<p>&nbsp;&nbsp;&nbsp;&nbsp;&nbsp;&nbsp;&nbsp;&nbsp;&nbsp;&nbsp;&nbsp; Em Monda\u00ed, Paulo destaca a novidade para a f\u00e1brica de ra\u00e7\u00e3o que continua na produ\u00e7\u00e3o de ra\u00e7\u00e3o farelada, mas que j\u00e1 est\u00e1 em fases de teste para a produ\u00e7\u00e3o de ra\u00e7\u00e3o peletizada. \u201c<em>Hoje temos a torre de peletiza\u00e7\u00e3o, s\u00e3o 40 metros de altura, uma f\u00e1brica com uma capacidade de 108 toneladas horas de produ\u00e7\u00e3o de ra\u00e7\u00e3o peletizada. S\u00e3o tr\u00eas m\u00e1quinas de peletiza\u00e7\u00e3o, duas maiores e uma menor. Duas maiores para crescimento em matrizes, e a menor para a produ\u00e7\u00e3o de ra\u00e7\u00e3o para leit\u00f5es, onde \u00e9 um granuladinho de um tamanho menor<\/em>, <em>\u00e9 uma f\u00e1brica que com tr\u00eas pessoas toca toda a estrutura.<\/em>\u201d O investimento \u00e9 de 35 milh\u00f5es de reais, e os testes foram iniciados na quarta-feira, 23 de julho.<\/p>\n","protected":false},"excerpt":{"rendered":"<p>Por Jocel\u00e2yne Bauer A Cooper A1 promoveu, na quinta-feira, 24, reuni\u00e3o de avalia\u00e7\u00e3o do primeiro semestre de 2025. O evento aconteceu no Pavilh\u00e3o Central da \u00c1rea de Lazer de Monda\u00ed e reuniu lideran\u00e7as cooperativistas, associados e colaboradores. Durante o encontro, foram apresentados os principais indicadores e resultados obtidos pela cooperativa nos primeiros seis meses do<\/p>\n","protected":false},"author":1,"featured_media":7254,"comment_status":"open","ping_status":"open","sticky":false,"template":"","format":"standard","meta":{"footnotes":""},"categories":[41],"tags":[],"class_list":{"0":"post-7253","1":"post","2":"type-post","3":"status-publish","4":"format-standard","5":"has-post-thumbnail","7":"category-noticias"},"_links":{"self":[{"href":"https:\/\/noticiarioregional.com.br\/index.php?rest_route=\/wp\/v2\/posts\/7253","targetHints":{"allow":["GET"]}}],"collection":[{"href":"https:\/\/noticiarioregional.com.br\/index.php?rest_route=\/wp\/v2\/posts"}],"about":[{"href":"https:\/\/noticiarioregional.com.br\/index.php?rest_route=\/wp\/v2\/types\/post"}],"author":[{"embeddable":true,"href":"https:\/\/noticiarioregional.com.br\/index.php?rest_route=\/wp\/v2\/users\/1"}],"replies":[{"embeddable":true,"href":"https:\/\/noticiarioregional.com.br\/index.php?rest_route=%2Fwp%2Fv2%2Fcomments&post=7253"}],"version-history":[{"count":1,"href":"https:\/\/noticiarioregional.com.br\/index.php?rest_route=\/wp\/v2\/posts\/7253\/revisions"}],"predecessor-version":[{"id":7258,"href":"https:\/\/noticiarioregional.com.br\/index.php?rest_route=\/wp\/v2\/posts\/7253\/revisions\/7258"}],"wp:featuredmedia":[{"embeddable":true,"href":"https:\/\/noticiarioregional.com.br\/index.php?rest_route=\/wp\/v2\/media\/7254"}],"wp:attachment":[{"href":"https:\/\/noticiarioregional.com.br\/index.php?rest_route=%2Fwp%2Fv2%2Fmedia&parent=7253"}],"wp:term":[{"taxonomy":"category","embeddable":true,"href":"https:\/\/noticiarioregional.com.br\/index.php?rest_route=%2Fwp%2Fv2%2Fcategories&post=7253"},{"taxonomy":"post_tag","embeddable":true,"href":"https:\/\/noticiarioregional.com.br\/index.php?rest_route=%2Fwp%2Fv2%2Ftags&post=7253"}],"curies":[{"name":"wp","href":"https:\/\/api.w.org\/{rel}","templated":true}]}}