{"id":7259,"date":"2025-08-13T17:12:17","date_gmt":"2025-08-13T20:12:17","guid":{"rendered":"https:\/\/noticiarioregional.com.br\/?p=7259"},"modified":"2025-08-13T17:17:44","modified_gmt":"2025-08-13T20:17:44","slug":"descanso-inicia-o-plantio-de-mais-de-4-mil-mudas-de-flores","status":"publish","type":"post","link":"https:\/\/noticiarioregional.com.br\/?p=7259","title":{"rendered":"Descanso inicia o plantio de mais de 4 mil mudas de flores"},"content":{"rendered":"\n<p>Para deixar os ambientes urbanos ainda mais acolhedores, a Prefeitura de Descanso investiu em um projeto de embelezamento que resultou no plantio de mais de 4 mil mudas de flores, entre as esp\u00e9cies de pet\u00fania, amor-perfeito e ger\u00e2nio. A equipe j\u00e1 segue o cultivo das plantas de ver\u00e3o e, nos pr\u00f3ximos meses, o n\u00famero de mudas transplantadas ser\u00e1 duplicado, chegando a 8 mil.<\/p>\n\n\n\n<p>Essas plantas foram cuidadosamente cultivadas no Viveiro Municipal, o que ajudou a reduzir os custos em rela\u00e7\u00e3o a aquisi\u00e7\u00e3o de mudas de fornecedores externos. O plantio est\u00e1 sendo feito pela Secretaria de Urbanismo, em parceria com a Secretaria da Agricultura, que se envolveram no processo desde a semeadura at\u00e9 o cuidado di\u00e1rio das plantas.<\/p>\n\n\n\n<p>No planejamento de embelezamento urbano, as mudas foram criteriosamente selecionadas para atender \u00e0s condi\u00e7\u00f5es clim\u00e1ticas espec\u00edficas das pr\u00f3ximas esta\u00e7\u00f5es. Para o per\u00edodo de inverno, foram utilizadas esp\u00e9cies que se adaptam \u00e0s baixas temperaturas, garantindo maior resist\u00eancia do plantio. Para o ver\u00e3o, as esp\u00e9cies escolhidas apresentam maior toler\u00e2ncia ao calor e \u00e0 incid\u00eancia de radia\u00e7\u00e3o, assegurando a manuten\u00e7\u00e3o da cobertura vegetal e a est\u00e9tica dos espa\u00e7os p\u00fablicos.<\/p>\n\n\n\n<p>De acordo com o secret\u00e1rio de Urbanismo, Airton Farias, as mudas foram plantadas em locais estrat\u00e9gicos, como o trevo de acesso \u00e0 cidade, pra\u00e7as, avenidas e logradouros p\u00fablicos, transformando os espa\u00e7os em ambientes mais coloridos e agrad\u00e1veis<em>. \u201cN\u00e3o pretendemos somente embelezar a cidade, mas tamb\u00e9m promover uma cultura de cuidado e responsabilidade com o meio ambiente e com as iniciativas p\u00fablicas. As mudas necessitam de rega e cuidados di\u00e1rios at\u00e9 formarem ra\u00edzes s\u00f3lidas nos locais plantados, por isso pedimos a colabora\u00e7\u00e3o de todos os mun\u00edcipes no cuidado e zelo com as plantas<\/em>\u201d, esclarece.<\/p>\n","protected":false},"excerpt":{"rendered":"<p>Para deixar os ambientes urbanos ainda mais acolhedores, a Prefeitura de Descanso investiu em um projeto de embelezamento que resultou no plantio de mais de 4 mil mudas de flores, entre as esp\u00e9cies de pet\u00fania, amor-perfeito e ger\u00e2nio. A equipe j\u00e1 segue o cultivo das plantas de ver\u00e3o e, nos pr\u00f3ximos meses, o n\u00famero de<\/p>\n","protected":false},"author":1,"featured_media":7260,"comment_status":"open","ping_status":"open","sticky":false,"template":"","format":"standard","meta":{"footnotes":""},"categories":[41,1],"tags":[],"class_list":{"0":"post-7259","1":"post","2":"type-post","3":"status-publish","4":"format-standard","5":"has-post-thumbnail","7":"category-noticias","8":"category-sem-categoria"},"_links":{"self":[{"href":"https:\/\/noticiarioregional.com.br\/index.php?rest_route=\/wp\/v2\/posts\/7259","targetHints":{"allow":["GET"]}}],"collection":[{"href":"https:\/\/noticiarioregional.com.br\/index.php?rest_route=\/wp\/v2\/posts"}],"about":[{"href":"https:\/\/noticiarioregional.com.br\/index.php?rest_route=\/wp\/v2\/types\/post"}],"author":[{"embeddable":true,"href":"https:\/\/noticiarioregional.com.br\/index.php?rest_route=\/wp\/v2\/users\/1"}],"replies":[{"embeddable":true,"href":"https:\/\/noticiarioregional.com.br\/index.php?rest_route=%2Fwp%2Fv2%2Fcomments&post=7259"}],"version-history":[{"count":1,"href":"https:\/\/noticiarioregional.com.br\/index.php?rest_route=\/wp\/v2\/posts\/7259\/revisions"}],"predecessor-version":[{"id":7261,"href":"https:\/\/noticiarioregional.com.br\/index.php?rest_route=\/wp\/v2\/posts\/7259\/revisions\/7261"}],"wp:featuredmedia":[{"embeddable":true,"href":"https:\/\/noticiarioregional.com.br\/index.php?rest_route=\/wp\/v2\/media\/7260"}],"wp:attachment":[{"href":"https:\/\/noticiarioregional.com.br\/index.php?rest_route=%2Fwp%2Fv2%2Fmedia&parent=7259"}],"wp:term":[{"taxonomy":"category","embeddable":true,"href":"https:\/\/noticiarioregional.com.br\/index.php?rest_route=%2Fwp%2Fv2%2Fcategories&post=7259"},{"taxonomy":"post_tag","embeddable":true,"href":"https:\/\/noticiarioregional.com.br\/index.php?rest_route=%2Fwp%2Fv2%2Ftags&post=7259"}],"curies":[{"name":"wp","href":"https:\/\/api.w.org\/{rel}","templated":true}]}}