{"id":7268,"date":"2025-08-15T11:17:59","date_gmt":"2025-08-15T14:17:59","guid":{"rendered":"https:\/\/noticiarioregional.com.br\/?p=7268"},"modified":"2025-08-15T11:18:00","modified_gmt":"2025-08-15T14:18:00","slug":"investimento-historico-na-saude","status":"publish","type":"post","link":"https:\/\/noticiarioregional.com.br\/?p=7268","title":{"rendered":"Investimento hist\u00f3rico na Sa\u00fade"},"content":{"rendered":"\n<h2 class=\"wp-block-heading has-small-font-size\">Por <em>Fernando Biesdorf<\/em><\/h2>\n\n\n\n<p>Em entrevista exclusiva para o Notici\u00e1rio Regional, o prefeito Juliano Kasper, o Juca, destaca as conquistas do setor da sa\u00fade p\u00fablica municipal nos primeiros seis meses do mandato, sob a gest\u00e3o da secret\u00e1ria Alessandra Tumelero que deixou o cargo no fim de junho. Ela agora \u00e9 diretora e quem assumiu a chefia da secretaria de Sa\u00fade em 1\u00ba de julho foi Fernanda Ciqueira. Denilso Vicentin e Mariele Tonin integram a equipe de coordena\u00e7\u00e3o da pasta.<\/p>\n\n\n\n<p>O prefeito de Descanso ressalta que uma das principais a\u00e7\u00f5es no setor da sa\u00fade neste in\u00edcio de governo foi zerar as filas de espera por exames de resson\u00e2ncia e consultas com pediatra e ginecologista. <em>\u201c&#8230;Conseguimos terminar o primeiro semestre do ano com as filas zeradas nestas especialidades e baixamos o tempo de espera de 60 a 90 dias para 15 dias<\/em>\u201d, destaca. A Farm\u00e1cia B\u00e1sica, apesar da recente falta de tr\u00eas medicamentos por causa dos processos burocr\u00e1ticos de compra e de entrega da empresa vencedora, segue abastecida e com mais de 150 itens \u00e0 disposi\u00e7\u00e3o. <em>\u201c&#8230;\u00c9 um pedido nosso para que a farm\u00e1cia b\u00e1sica esteja sempre com estoque refor\u00e7ado para atender nossos mun\u00edcipes. Tivemos um pequeno entrave agora com tr\u00eas medicamentos, mas a situa\u00e7\u00e3o j\u00e1 foi resolvida e n\u00e3o dever\u00e1 mais se repetir\u201d,<\/em> explica o prefeito.<\/p>\n\n\n\n<p>No primeiro semestre foram 169 cirurgias contemplando especialidades como ortopedia, oftalmologia e cirurgias gerais, as \u00faltimas realizadas no Hospital de Descanso. Destaca a amplia\u00e7\u00e3o do atendimento da Unidade B\u00e1sica de Sa\u00fade, do Distrito Itajub\u00e1, que uma vez ao m\u00eas faz pequenos procedimentos cir\u00fargicos, como a retirada de verrugas e manchas, agilizando o atendimento aos mun\u00edcipes que residem naquela regi\u00e3o do munic\u00edpio. A contrata\u00e7\u00e3o do quarto m\u00e9dico para suprir a aus\u00eancia de um dos profissionais das tr\u00eas ESF\u2019s tamb\u00e9m \u00e9 vista como importante pelo prefeito para garantir o atendimento de segunda a sexta aos mun\u00edcipes. A parceria com o Hospital segue fortalecida com o repasse de recursos para a manuten\u00e7\u00e3o do atendimento de plant\u00e3o.<\/p>\n\n\n\n<p>Sob a gest\u00e3o da secret\u00e1ria Alessandra Tumelero, o prefeito Juliano Kasper ressalta que foram adquiridos quatro novos ve\u00edculos, sendo uma van adaptada para cadeirantes, uma Spin de 7 lugares e mais dois ve\u00edculos menores, um Nivus e uma Montana. Salienta tamb\u00e9m o in\u00edcio da constru\u00e7\u00e3o da nova Unidade B\u00e1sica de Sa\u00fade Central com investimento superior a R$ 2 milh\u00f5es.<\/p>\n\n\n\n<p>&nbsp;&nbsp;&nbsp;&nbsp;&nbsp;&nbsp;&nbsp;&nbsp;&nbsp;&nbsp;&nbsp; A aten\u00e7\u00e3o especial ao setor da Sa\u00fade neste in\u00edcio do Governo do prefeito Juca e do vice-prefeito Baldo se evidencia nos n\u00fameros. Em seis meses foram investidos quase R$ 4 milh\u00f5es, o que representa 31% do or\u00e7amento total do munic\u00edpio, mais que o dobro do que exige a legisla\u00e7\u00e3o federal de 15%.<em> \u201c&#8230;Fechamos o primeiro semestre com os maiores investimentos em Sa\u00fade na hist\u00f3ria do munic\u00edpio de Descanso e nossa ideia \u00e9 seguir com aten\u00e7\u00e3o especial neste setor para que a nossa popula\u00e7\u00e3o seja bem atendida\u201d,<\/em> conclui o prefeito.<\/p>\n\n\n\n<p><\/p>\n","protected":false},"excerpt":{"rendered":"<p>Por Fernando Biesdorf Em entrevista exclusiva para o Notici\u00e1rio Regional, o prefeito Juliano Kasper, o Juca, destaca as conquistas do setor da sa\u00fade p\u00fablica municipal nos primeiros seis meses do mandato, sob a gest\u00e3o da secret\u00e1ria Alessandra Tumelero que deixou o cargo no fim de junho. Ela agora \u00e9 diretora e quem assumiu a chefia<\/p>\n","protected":false},"author":1,"featured_media":7269,"comment_status":"open","ping_status":"open","sticky":false,"template":"","format":"standard","meta":{"footnotes":""},"categories":[41],"tags":[],"class_list":{"0":"post-7268","1":"post","2":"type-post","3":"status-publish","4":"format-standard","5":"has-post-thumbnail","7":"category-noticias"},"_links":{"self":[{"href":"https:\/\/noticiarioregional.com.br\/index.php?rest_route=\/wp\/v2\/posts\/7268","targetHints":{"allow":["GET"]}}],"collection":[{"href":"https:\/\/noticiarioregional.com.br\/index.php?rest_route=\/wp\/v2\/posts"}],"about":[{"href":"https:\/\/noticiarioregional.com.br\/index.php?rest_route=\/wp\/v2\/types\/post"}],"author":[{"embeddable":true,"href":"https:\/\/noticiarioregional.com.br\/index.php?rest_route=\/wp\/v2\/users\/1"}],"replies":[{"embeddable":true,"href":"https:\/\/noticiarioregional.com.br\/index.php?rest_route=%2Fwp%2Fv2%2Fcomments&post=7268"}],"version-history":[{"count":1,"href":"https:\/\/noticiarioregional.com.br\/index.php?rest_route=\/wp\/v2\/posts\/7268\/revisions"}],"predecessor-version":[{"id":7270,"href":"https:\/\/noticiarioregional.com.br\/index.php?rest_route=\/wp\/v2\/posts\/7268\/revisions\/7270"}],"wp:featuredmedia":[{"embeddable":true,"href":"https:\/\/noticiarioregional.com.br\/index.php?rest_route=\/wp\/v2\/media\/7269"}],"wp:attachment":[{"href":"https:\/\/noticiarioregional.com.br\/index.php?rest_route=%2Fwp%2Fv2%2Fmedia&parent=7268"}],"wp:term":[{"taxonomy":"category","embeddable":true,"href":"https:\/\/noticiarioregional.com.br\/index.php?rest_route=%2Fwp%2Fv2%2Fcategories&post=7268"},{"taxonomy":"post_tag","embeddable":true,"href":"https:\/\/noticiarioregional.com.br\/index.php?rest_route=%2Fwp%2Fv2%2Ftags&post=7268"}],"curies":[{"name":"wp","href":"https:\/\/api.w.org\/{rel}","templated":true}]}}