{"id":7277,"date":"2025-08-16T11:37:15","date_gmt":"2025-08-16T14:37:15","guid":{"rendered":"https:\/\/noticiarioregional.com.br\/?p=7277"},"modified":"2025-08-15T11:40:38","modified_gmt":"2025-08-15T14:40:38","slug":"executivo-visa-criar-grupo-integrado-de-acoes-coordenadas-de-defesa-civil","status":"publish","type":"post","link":"https:\/\/noticiarioregional.com.br\/?p=7277","title":{"rendered":"Executivo visa criar Grupo Integrado de a\u00e7\u00f5es coordenadas de Defesa Civil"},"content":{"rendered":"\n<h2 class=\"wp-block-heading has-regular-font-size\">Por Adriano Bortoluzzi<\/h2>\n\n\n\n<p>O chefe do Poder Executivo Municipal, prefeito Juliano Bortolanza <strong><em>(foto),<\/em><\/strong> encaminhou \u00e0 C\u00e2mara de Vereadores o projeto de lei n\u00ba 026\/2025, que visa criar o Grupo Integrado de A\u00e7\u00f5es Coordenadas de Defesa Civil (GRAC), no munic\u00edpio.<\/p>\n\n\n\n<blockquote class=\"wp-block-quote is-layout-flow wp-block-quote-is-layout-flow\">\n<p><strong><em>Criar um grupo de estudos para a Defesa Civil \u00e9 transformar conhecimento em a\u00e7\u00e3o, garantindo respostas r\u00e1pidas e estrat\u00e9gicas diante de qualquer emerg\u00eancia<\/em><\/strong>.<\/p>\n\n\n\n<p>Prefeito Juliano Bortolanza<\/p>\n<\/blockquote>\n\n\n\n<p>A medida, segundo o prefeito, busca refor\u00e7ar o planejamento e a preven\u00e7\u00e3o em casos de cat\u00e1strofes. \u201cUm grupo de estudos em Defesa Civil \u00e9 a base para decis\u00f5es assertivas em casos de emerg\u00eancia. Com ele, poderemos oferecer apoio t\u00e9cnico e operacional \u00e0 Coordenadoria Municipal de Prote\u00e7\u00e3o e Defesa Civil, colaborar na forma\u00e7\u00e3o de um banco de dados, mapear recursos dispon\u00edveis em cada \u00f3rg\u00e3o ou entidade e participar ativamente das a\u00e7\u00f5es de socorro, assist\u00eancia e restabelecimento, mobilizando recursos humanos e materiais sempre que for necess\u00e1rio\u201d, destacou.<\/p>\n\n\n\n<p>O projeto prev\u00ea a participa\u00e7\u00e3o de diferentes \u00f3rg\u00e3os e entidades na composi\u00e7\u00e3o do grupo, como a Coordenadoria Municipal de Prote\u00e7\u00e3o e Defesa Civil, Gabinete do Prefeito, Corpo de Bombeiros Militar de Santa Catarina, Pol\u00edcia Militar, Pol\u00edcia Civil, Secretarias Municipais, CELESC, CASAN e CDL.<\/p>\n\n\n\n<p>A proposta tamb\u00e9m institui, no calend\u00e1rio oficial do munic\u00edpio, a Semana Municipal de A\u00e7\u00f5es de Defesa Civil, a ser realizada anualmente entre 18 e 24 de maio.<\/p>\n\n\n\n<p>&nbsp;&nbsp;&nbsp;&nbsp;&nbsp;&nbsp;&nbsp;&nbsp;&nbsp;&nbsp;&nbsp; A mat\u00e9ria foi lida durante a sess\u00e3o ordin\u00e1ria da C\u00e2mara de Vereadores na ter\u00e7a-feira, 05, e deve ir \u00e0 vota\u00e7\u00e3o ainda no m\u00eas de agosto. Se aprovada, seguir\u00e1 para san\u00e7\u00e3o do prefeito e passar\u00e1 a valer como lei municipal.<\/p>\n","protected":false},"excerpt":{"rendered":"<p>Por Adriano Bortoluzzi O chefe do Poder Executivo Municipal, prefeito Juliano Bortolanza (foto), encaminhou \u00e0 C\u00e2mara de Vereadores o projeto de lei n\u00ba 026\/2025, que visa criar o Grupo Integrado de A\u00e7\u00f5es Coordenadas de Defesa Civil (GRAC), no munic\u00edpio. Criar um grupo de estudos para a Defesa Civil \u00e9 transformar conhecimento em a\u00e7\u00e3o, garantindo respostas<\/p>\n","protected":false},"author":1,"featured_media":7278,"comment_status":"open","ping_status":"open","sticky":false,"template":"","format":"standard","meta":{"footnotes":""},"categories":[41],"tags":[],"class_list":{"0":"post-7277","1":"post","2":"type-post","3":"status-publish","4":"format-standard","5":"has-post-thumbnail","7":"category-noticias"},"_links":{"self":[{"href":"https:\/\/noticiarioregional.com.br\/index.php?rest_route=\/wp\/v2\/posts\/7277","targetHints":{"allow":["GET"]}}],"collection":[{"href":"https:\/\/noticiarioregional.com.br\/index.php?rest_route=\/wp\/v2\/posts"}],"about":[{"href":"https:\/\/noticiarioregional.com.br\/index.php?rest_route=\/wp\/v2\/types\/post"}],"author":[{"embeddable":true,"href":"https:\/\/noticiarioregional.com.br\/index.php?rest_route=\/wp\/v2\/users\/1"}],"replies":[{"embeddable":true,"href":"https:\/\/noticiarioregional.com.br\/index.php?rest_route=%2Fwp%2Fv2%2Fcomments&post=7277"}],"version-history":[{"count":1,"href":"https:\/\/noticiarioregional.com.br\/index.php?rest_route=\/wp\/v2\/posts\/7277\/revisions"}],"predecessor-version":[{"id":7279,"href":"https:\/\/noticiarioregional.com.br\/index.php?rest_route=\/wp\/v2\/posts\/7277\/revisions\/7279"}],"wp:featuredmedia":[{"embeddable":true,"href":"https:\/\/noticiarioregional.com.br\/index.php?rest_route=\/wp\/v2\/media\/7278"}],"wp:attachment":[{"href":"https:\/\/noticiarioregional.com.br\/index.php?rest_route=%2Fwp%2Fv2%2Fmedia&parent=7277"}],"wp:term":[{"taxonomy":"category","embeddable":true,"href":"https:\/\/noticiarioregional.com.br\/index.php?rest_route=%2Fwp%2Fv2%2Fcategories&post=7277"},{"taxonomy":"post_tag","embeddable":true,"href":"https:\/\/noticiarioregional.com.br\/index.php?rest_route=%2Fwp%2Fv2%2Ftags&post=7277"}],"curies":[{"name":"wp","href":"https:\/\/api.w.org\/{rel}","templated":true}]}}