{"id":7280,"date":"2025-08-17T11:41:06","date_gmt":"2025-08-17T14:41:06","guid":{"rendered":"https:\/\/noticiarioregional.com.br\/?p=7280"},"modified":"2025-08-15T11:43:34","modified_gmt":"2025-08-15T14:43:34","slug":"camara-aprova-financiamento-de-ate-r-6-milhoes-pelo-poder-executivo","status":"publish","type":"post","link":"https:\/\/noticiarioregional.com.br\/?p=7280","title":{"rendered":"C\u00e2mara aprova financiamento de at\u00e9 R$ 6 milh\u00f5es pelo Poder Executivo"},"content":{"rendered":"\n<h2 class=\"wp-block-heading has-small-font-size\">Por Adriano Bortoluzzi<\/h2>\n\n\n\n<p><strong>Monda\u00ed \u2013 <\/strong>Em decis\u00e3o un\u00e2nime, a C\u00e2mara de Vereadores aprovou o Projeto de Lei n\u00ba 051\/2025, encaminhado pelo Poder Executivo Municipal, que autoriza a contrata\u00e7\u00e3o de opera\u00e7\u00e3o de cr\u00e9dito de at\u00e9 R$ 6 milh\u00f5es junto ao Banco Regional de Desenvolvimento do Extremo Sul (BRDE). O valor ser\u00e1 destinado integralmente ao Programa Estrada Boa Rural, que prev\u00ea a pavimenta\u00e7\u00e3o de trechos estrat\u00e9gicos para o escoamento da produ\u00e7\u00e3o agr\u00edcola.<\/p>\n\n\n\n<p>O relator da mat\u00e9ria nas Comiss\u00f5es de Constitui\u00e7\u00e3o, Justi\u00e7a e Reda\u00e7\u00e3o Final; Infraestrutura, Bem-Estar Social e Desenvolvimento Local; e Or\u00e7amento, Finan\u00e7as e Contas P\u00fablicas, vereador Ademir de Lima (PL), destacou que o financiamento \u00e9 vantajoso por contar com juros subsidiados no \u00e2mbito do <em>Programa Estrada Boa Rural \u2013 Juros Zero<\/em>, desenvolvido pelo Governo de Santa Catarina, por meio das Secretarias de Estado da Agricultura e da Infraestrutura. <em>\u00c9 uma oportunidade vantajosa para o munic\u00edpio, uma vez que os recursos s\u00e3o oferecidos com isen\u00e7\u00e3o de juros. Al\u00e9m do mais, \u00e9 o asfalto chegando para o escoamento da nossa produ\u00e7\u00e3o \u2013 leite, su\u00ednos, \u00e9 crescimento. As pessoas t\u00eam me perguntado ser\u00e1 que vai dar certo? Digo que podem ficar tranquilas, n\u00e3o ser\u00e1 simplesmente fazer uma rua de asfalto, vai ter estudos t\u00e9cnicos, base, um asfalto com padr\u00e3o de qualidade. N\u00e3o vamos fazer uma obra para durar um ano ou dois e tornar um asfalto descart\u00e1vel para ter que estar reformando logo em seguida. Vejo esse asfalto como prosperidade, \u00e9 a primeira rua de asfalto no nosso interior. Em munic\u00edpios vizinhos, como Palmitos, o programa deu certo \u2014 e aqui tamb\u00e9m dar\u00e1, o povo pode ficar tranquilo, as nossas obras v\u00e3o ser feitas com qualidade, \u00e9 isso que o prefeito preza, e \u00e9 isso que n\u00f3s prezamos tamb\u00e9m\u201d, afirmou Lima.<\/em><\/p>\n\n\n\n<p>&nbsp;&nbsp;&nbsp;&nbsp;&nbsp;&nbsp;&nbsp;&nbsp;&nbsp;&nbsp;&nbsp; Conforme o projeto, o programa permite contemplar at\u00e9 dois pontos de pavimenta\u00e7\u00e3o, desde que conectados a trechos j\u00e1 asfaltados. Em Monda\u00ed, as obras atender\u00e3o dois eixos: a liga\u00e7\u00e3o entre as comunidades de Linha Capivara e Linha Taipa Baixa; e o trecho que conecta a Vila Laju \u00e0 Linha Sabi\u00e1. Essas interven\u00e7\u00f5es beneficiar\u00e3o diretamente as comunidades de Linha Capivara, Tempestade, Alto Mondaizinho, Capoerinha, Taipa Baixa, Laju e Sabi\u00e1, al\u00e9m de gerar impactos positivos para todo o munic\u00edpio.<\/p>\n\n\n\n<p>A expectativa \u00e9 que a pavimenta\u00e7\u00e3o melhore a mobilidade, reduza custos log\u00edsticos e fortale\u00e7a o escoamento da produ\u00e7\u00e3o leiteira e suin\u00edcola, bem como o acesso a servi\u00e7os essenciais como transporte escolar e atendimento de sa\u00fade.<\/p>\n","protected":false},"excerpt":{"rendered":"<p>Por Adriano Bortoluzzi Monda\u00ed \u2013 Em decis\u00e3o un\u00e2nime, a C\u00e2mara de Vereadores aprovou o Projeto de Lei n\u00ba 051\/2025, encaminhado pelo Poder Executivo Municipal, que autoriza a contrata\u00e7\u00e3o de opera\u00e7\u00e3o de cr\u00e9dito de at\u00e9 R$ 6 milh\u00f5es junto ao Banco Regional de Desenvolvimento do Extremo Sul (BRDE). O valor ser\u00e1 destinado integralmente ao Programa Estrada<\/p>\n","protected":false},"author":1,"featured_media":7281,"comment_status":"open","ping_status":"open","sticky":false,"template":"","format":"standard","meta":{"footnotes":""},"categories":[41],"tags":[],"class_list":{"0":"post-7280","1":"post","2":"type-post","3":"status-publish","4":"format-standard","5":"has-post-thumbnail","7":"category-noticias"},"_links":{"self":[{"href":"https:\/\/noticiarioregional.com.br\/index.php?rest_route=\/wp\/v2\/posts\/7280","targetHints":{"allow":["GET"]}}],"collection":[{"href":"https:\/\/noticiarioregional.com.br\/index.php?rest_route=\/wp\/v2\/posts"}],"about":[{"href":"https:\/\/noticiarioregional.com.br\/index.php?rest_route=\/wp\/v2\/types\/post"}],"author":[{"embeddable":true,"href":"https:\/\/noticiarioregional.com.br\/index.php?rest_route=\/wp\/v2\/users\/1"}],"replies":[{"embeddable":true,"href":"https:\/\/noticiarioregional.com.br\/index.php?rest_route=%2Fwp%2Fv2%2Fcomments&post=7280"}],"version-history":[{"count":1,"href":"https:\/\/noticiarioregional.com.br\/index.php?rest_route=\/wp\/v2\/posts\/7280\/revisions"}],"predecessor-version":[{"id":7282,"href":"https:\/\/noticiarioregional.com.br\/index.php?rest_route=\/wp\/v2\/posts\/7280\/revisions\/7282"}],"wp:featuredmedia":[{"embeddable":true,"href":"https:\/\/noticiarioregional.com.br\/index.php?rest_route=\/wp\/v2\/media\/7281"}],"wp:attachment":[{"href":"https:\/\/noticiarioregional.com.br\/index.php?rest_route=%2Fwp%2Fv2%2Fmedia&parent=7280"}],"wp:term":[{"taxonomy":"category","embeddable":true,"href":"https:\/\/noticiarioregional.com.br\/index.php?rest_route=%2Fwp%2Fv2%2Fcategories&post=7280"},{"taxonomy":"post_tag","embeddable":true,"href":"https:\/\/noticiarioregional.com.br\/index.php?rest_route=%2Fwp%2Fv2%2Ftags&post=7280"}],"curies":[{"name":"wp","href":"https:\/\/api.w.org\/{rel}","templated":true}]}}