{"id":7358,"date":"2025-08-19T15:22:06","date_gmt":"2025-08-19T18:22:06","guid":{"rendered":"https:\/\/noticiarioregional.com.br\/?p=7358"},"modified":"2025-08-19T15:22:07","modified_gmt":"2025-08-19T18:22:07","slug":"praca-linear-de-belmonte-esta-em-fase-de-conclusao","status":"publish","type":"post","link":"https:\/\/noticiarioregional.com.br\/?p=7358","title":{"rendered":"Pra\u00e7a Linear de Belmonte est\u00e1 em fase de conclus\u00e3o"},"content":{"rendered":"\n<p><em>Espa\u00e7o contempla quadras e pista para pr\u00e1tica de esporte, al\u00e9m de locais para descanso e lazer das fam\u00edlias<\/em><\/p>\n\n\n\n<p>No primeiro semestre de 2025 a administra\u00e7\u00e3o finalizou duas obras, iniciadas ainda no ano anterior, que foi a reforma da antiga rodovi\u00e1ria, espa\u00e7o que agora serve de sede para as atividades do Servi\u00e7o de Conviv\u00eancia e Fortalecimento de V\u00ednculos, e as melhorias e amplia\u00e7\u00f5es no Centro de Sa\u00fade. As obras foram realizadas sem a paralisa\u00e7\u00e3o dos atendimentos na unidade, e por conta disso, se estenderam por um per\u00edodo maior.<\/p>\n\n\n\n<p>Segundo o prefeito, Jair Giumbelli, tamb\u00e9m est\u00e1 em fase de finaliza\u00e7\u00e3o a Pra\u00e7a Linear, obra em execu\u00e7\u00e3o no acesso ao munic\u00edpio. O projeto teve in\u00edcio em 2024, com recursos do deputado Marcos Vieira, no valor de R$ 250 mil, e investimento de mais cerca de R$ 50 mil pelo munic\u00edpio. O espa\u00e7o contempla uma quadra de areia, uma quadra de piso, uma pista de skate, um quiosque e locais com pergolados para descanso.<\/p>\n\n\n\n<p>O prefeito ressalta que no momento est\u00e1 sendo finalizado o ajardinamento da pra\u00e7a, para posterior inaugura\u00e7\u00e3o. Comenta que tudo estar\u00e1 pronto e disponibilizado a popula\u00e7\u00e3o ainda antes do ver\u00e3o, pois nos dias de calor os espa\u00e7os j\u00e1 est\u00e3o sendo bastante aproveitados. No quiosque, Giumbelli cita que o objetivo \u00e9 fazer uma concess\u00e3o em que o respons\u00e1vel far\u00e1 a venda de lanches e bebidas, mediante pagamento de aluguel para usar a estrutura.<\/p>\n\n\n\n<figure class=\"wp-block-gallery has-nested-images columns-default is-cropped wp-block-gallery-1 is-layout-flex wp-block-gallery-is-layout-flex\">\n<figure class=\"wp-block-image size-large\"><img fetchpriority=\"high\" decoding=\"async\" width=\"1024\" height=\"683\" data-id=\"7360\" src=\"https:\/\/noticiarioregional.com.br\/wp-content\/uploads\/2025\/08\/IMG_9337-1024x683.jpg\" alt=\"\" class=\"wp-image-7360\" srcset=\"https:\/\/noticiarioregional.com.br\/wp-content\/uploads\/2025\/08\/IMG_9337-1024x683.jpg 1024w, https:\/\/noticiarioregional.com.br\/wp-content\/uploads\/2025\/08\/IMG_9337-300x200.jpg 300w, https:\/\/noticiarioregional.com.br\/wp-content\/uploads\/2025\/08\/IMG_9337-768x512.jpg 768w, https:\/\/noticiarioregional.com.br\/wp-content\/uploads\/2025\/08\/IMG_9337-1536x1024.jpg 1536w, https:\/\/noticiarioregional.com.br\/wp-content\/uploads\/2025\/08\/IMG_9337-2048x1365.jpg 2048w, https:\/\/noticiarioregional.com.br\/wp-content\/uploads\/2025\/08\/IMG_9337-150x100.jpg 150w, https:\/\/noticiarioregional.com.br\/wp-content\/uploads\/2025\/08\/IMG_9337-450x300.jpg 450w, https:\/\/noticiarioregional.com.br\/wp-content\/uploads\/2025\/08\/IMG_9337-1200x800.jpg 1200w\" sizes=\"(max-width: 1024px) 100vw, 1024px\" \/><\/figure>\n\n\n\n<figure class=\"wp-block-image size-large\"><img decoding=\"async\" width=\"1024\" height=\"683\" data-id=\"7359\" src=\"https:\/\/noticiarioregional.com.br\/wp-content\/uploads\/2025\/08\/O-prefeito-Jair-Giumbelli-destaca-que-a-obra-teve-investimento-de-cerca-de-R-300-mil-1024x683.jpg\" alt=\"\" class=\"wp-image-7359\" srcset=\"https:\/\/noticiarioregional.com.br\/wp-content\/uploads\/2025\/08\/O-prefeito-Jair-Giumbelli-destaca-que-a-obra-teve-investimento-de-cerca-de-R-300-mil-1024x683.jpg 1024w, https:\/\/noticiarioregional.com.br\/wp-content\/uploads\/2025\/08\/O-prefeito-Jair-Giumbelli-destaca-que-a-obra-teve-investimento-de-cerca-de-R-300-mil-300x200.jpg 300w, https:\/\/noticiarioregional.com.br\/wp-content\/uploads\/2025\/08\/O-prefeito-Jair-Giumbelli-destaca-que-a-obra-teve-investimento-de-cerca-de-R-300-mil-768x512.jpg 768w, https:\/\/noticiarioregional.com.br\/wp-content\/uploads\/2025\/08\/O-prefeito-Jair-Giumbelli-destaca-que-a-obra-teve-investimento-de-cerca-de-R-300-mil-1536x1024.jpg 1536w, https:\/\/noticiarioregional.com.br\/wp-content\/uploads\/2025\/08\/O-prefeito-Jair-Giumbelli-destaca-que-a-obra-teve-investimento-de-cerca-de-R-300-mil-2048x1365.jpg 2048w, https:\/\/noticiarioregional.com.br\/wp-content\/uploads\/2025\/08\/O-prefeito-Jair-Giumbelli-destaca-que-a-obra-teve-investimento-de-cerca-de-R-300-mil-150x100.jpg 150w, https:\/\/noticiarioregional.com.br\/wp-content\/uploads\/2025\/08\/O-prefeito-Jair-Giumbelli-destaca-que-a-obra-teve-investimento-de-cerca-de-R-300-mil-450x300.jpg 450w, https:\/\/noticiarioregional.com.br\/wp-content\/uploads\/2025\/08\/O-prefeito-Jair-Giumbelli-destaca-que-a-obra-teve-investimento-de-cerca-de-R-300-mil-1200x800.jpg 1200w\" sizes=\"(max-width: 1024px) 100vw, 1024px\" \/><\/figure>\n\n\n\n<figure class=\"wp-block-image size-large\"><img decoding=\"async\" width=\"1024\" height=\"683\" data-id=\"7361\" src=\"https:\/\/noticiarioregional.com.br\/wp-content\/uploads\/2025\/08\/Pista-de-skate-1024x683.jpg\" alt=\"\" class=\"wp-image-7361\" srcset=\"https:\/\/noticiarioregional.com.br\/wp-content\/uploads\/2025\/08\/Pista-de-skate-1024x683.jpg 1024w, https:\/\/noticiarioregional.com.br\/wp-content\/uploads\/2025\/08\/Pista-de-skate-300x200.jpg 300w, https:\/\/noticiarioregional.com.br\/wp-content\/uploads\/2025\/08\/Pista-de-skate-768x512.jpg 768w, https:\/\/noticiarioregional.com.br\/wp-content\/uploads\/2025\/08\/Pista-de-skate-1536x1024.jpg 1536w, https:\/\/noticiarioregional.com.br\/wp-content\/uploads\/2025\/08\/Pista-de-skate-2048x1365.jpg 2048w, https:\/\/noticiarioregional.com.br\/wp-content\/uploads\/2025\/08\/Pista-de-skate-150x100.jpg 150w, https:\/\/noticiarioregional.com.br\/wp-content\/uploads\/2025\/08\/Pista-de-skate-450x300.jpg 450w, https:\/\/noticiarioregional.com.br\/wp-content\/uploads\/2025\/08\/Pista-de-skate-1200x800.jpg 1200w\" sizes=\"(max-width: 1024px) 100vw, 1024px\" \/><\/figure>\n\n\n\n<figure class=\"wp-block-image size-large\"><img loading=\"lazy\" decoding=\"async\" width=\"1024\" height=\"683\" data-id=\"7363\" src=\"https:\/\/noticiarioregional.com.br\/wp-content\/uploads\/2025\/08\/Quadra-de-areia-1024x683.jpg\" alt=\"\" class=\"wp-image-7363\" srcset=\"https:\/\/noticiarioregional.com.br\/wp-content\/uploads\/2025\/08\/Quadra-de-areia-1024x683.jpg 1024w, https:\/\/noticiarioregional.com.br\/wp-content\/uploads\/2025\/08\/Quadra-de-areia-300x200.jpg 300w, https:\/\/noticiarioregional.com.br\/wp-content\/uploads\/2025\/08\/Quadra-de-areia-768x512.jpg 768w, https:\/\/noticiarioregional.com.br\/wp-content\/uploads\/2025\/08\/Quadra-de-areia-1536x1024.jpg 1536w, https:\/\/noticiarioregional.com.br\/wp-content\/uploads\/2025\/08\/Quadra-de-areia-2048x1365.jpg 2048w, https:\/\/noticiarioregional.com.br\/wp-content\/uploads\/2025\/08\/Quadra-de-areia-150x100.jpg 150w, https:\/\/noticiarioregional.com.br\/wp-content\/uploads\/2025\/08\/Quadra-de-areia-450x300.jpg 450w, https:\/\/noticiarioregional.com.br\/wp-content\/uploads\/2025\/08\/Quadra-de-areia-1200x800.jpg 1200w\" sizes=\"(max-width: 1024px) 100vw, 1024px\" \/><\/figure>\n\n\n\n<figure class=\"wp-block-image size-large\"><img loading=\"lazy\" decoding=\"async\" width=\"1024\" height=\"683\" data-id=\"7362\" src=\"https:\/\/noticiarioregional.com.br\/wp-content\/uploads\/2025\/08\/Quiosque-1024x683.jpg\" alt=\"\" class=\"wp-image-7362\" srcset=\"https:\/\/noticiarioregional.com.br\/wp-content\/uploads\/2025\/08\/Quiosque-1024x683.jpg 1024w, https:\/\/noticiarioregional.com.br\/wp-content\/uploads\/2025\/08\/Quiosque-300x200.jpg 300w, https:\/\/noticiarioregional.com.br\/wp-content\/uploads\/2025\/08\/Quiosque-768x512.jpg 768w, https:\/\/noticiarioregional.com.br\/wp-content\/uploads\/2025\/08\/Quiosque-1536x1024.jpg 1536w, https:\/\/noticiarioregional.com.br\/wp-content\/uploads\/2025\/08\/Quiosque-2048x1365.jpg 2048w, https:\/\/noticiarioregional.com.br\/wp-content\/uploads\/2025\/08\/Quiosque-150x100.jpg 150w, https:\/\/noticiarioregional.com.br\/wp-content\/uploads\/2025\/08\/Quiosque-450x300.jpg 450w, https:\/\/noticiarioregional.com.br\/wp-content\/uploads\/2025\/08\/Quiosque-1200x800.jpg 1200w\" sizes=\"(max-width: 1024px) 100vw, 1024px\" \/><\/figure>\n<\/figure>\n","protected":false},"excerpt":{"rendered":"<p>Espa\u00e7o contempla quadras e pista para pr\u00e1tica de esporte, al\u00e9m de locais para descanso e lazer das fam\u00edlias No primeiro semestre de 2025 a administra\u00e7\u00e3o finalizou duas obras, iniciadas ainda no ano anterior, que foi a reforma da antiga rodovi\u00e1ria, espa\u00e7o que agora serve de sede para as atividades do Servi\u00e7o de Conviv\u00eancia e Fortalecimento<\/p>\n","protected":false},"author":1,"featured_media":7359,"comment_status":"open","ping_status":"open","sticky":false,"template":"","format":"standard","meta":{"footnotes":""},"categories":[41],"tags":[],"class_list":{"0":"post-7358","1":"post","2":"type-post","3":"status-publish","4":"format-standard","5":"has-post-thumbnail","7":"category-noticias"},"_links":{"self":[{"href":"https:\/\/noticiarioregional.com.br\/index.php?rest_route=\/wp\/v2\/posts\/7358","targetHints":{"allow":["GET"]}}],"collection":[{"href":"https:\/\/noticiarioregional.com.br\/index.php?rest_route=\/wp\/v2\/posts"}],"about":[{"href":"https:\/\/noticiarioregional.com.br\/index.php?rest_route=\/wp\/v2\/types\/post"}],"author":[{"embeddable":true,"href":"https:\/\/noticiarioregional.com.br\/index.php?rest_route=\/wp\/v2\/users\/1"}],"replies":[{"embeddable":true,"href":"https:\/\/noticiarioregional.com.br\/index.php?rest_route=%2Fwp%2Fv2%2Fcomments&post=7358"}],"version-history":[{"count":1,"href":"https:\/\/noticiarioregional.com.br\/index.php?rest_route=\/wp\/v2\/posts\/7358\/revisions"}],"predecessor-version":[{"id":7364,"href":"https:\/\/noticiarioregional.com.br\/index.php?rest_route=\/wp\/v2\/posts\/7358\/revisions\/7364"}],"wp:featuredmedia":[{"embeddable":true,"href":"https:\/\/noticiarioregional.com.br\/index.php?rest_route=\/wp\/v2\/media\/7359"}],"wp:attachment":[{"href":"https:\/\/noticiarioregional.com.br\/index.php?rest_route=%2Fwp%2Fv2%2Fmedia&parent=7358"}],"wp:term":[{"taxonomy":"category","embeddable":true,"href":"https:\/\/noticiarioregional.com.br\/index.php?rest_route=%2Fwp%2Fv2%2Fcategories&post=7358"},{"taxonomy":"post_tag","embeddable":true,"href":"https:\/\/noticiarioregional.com.br\/index.php?rest_route=%2Fwp%2Fv2%2Ftags&post=7358"}],"curies":[{"name":"wp","href":"https:\/\/api.w.org\/{rel}","templated":true}]}}