{"id":7365,"date":"2025-08-20T15:30:30","date_gmt":"2025-08-20T18:30:30","guid":{"rendered":"https:\/\/noticiarioregional.com.br\/?p=7365"},"modified":"2025-08-19T15:32:21","modified_gmt":"2025-08-19T18:32:21","slug":"criatorio-comercial-schaefer-conquista-licenca-para-venda-de-aves-dentro-e-fora-do-estado-e-importacao-de-especies-do-exterior","status":"publish","type":"post","link":"https:\/\/noticiarioregional.com.br\/?p=7365","title":{"rendered":"Criat\u00f3rio Comercial Schaefer conquista licen\u00e7a para venda de aves dentro e fora do estado e importa\u00e7\u00e3o de esp\u00e9cies do exterior"},"content":{"rendered":"\n<p>A cria\u00e7\u00e3o de aves est\u00e1 presente na vida de Airton Schaefer h\u00e1 muitos anos. O trabalho foi intensificado a partir de 2009, com a funda\u00e7\u00e3o da Associa\u00e7\u00e3o Ornitol\u00f3gica de Ipor\u00e3 do Oeste, ASOI. Desde ent\u00e3o, o plantel aumentou, e tamb\u00e9m o n\u00famero de esp\u00e9cies passou a ser mais variado.<\/p>\n\n\n\n<p>Em 2013 Airton come\u00e7ou a participar de campeonatos, junto com o filho Giuvan que lhe auxilia na cria\u00e7\u00e3o das aves. Airton comenta que a partir das competi\u00e7\u00f5es, passou a buscar mais informa\u00e7\u00f5es sobre o padr\u00e3o de cria\u00e7\u00e3o, entendendo melhor sobre a gen\u00e9tica e a influ\u00eancia das cores de cada esp\u00e9cie. Entre as principais conquistas nos campeonatos, est\u00e3o dois t\u00edtulos de vice-campe\u00e3o efici\u00eancia do campeonato brasileiro de Agapornis. \u00c9 uma competi\u00e7\u00e3o que premia o plantel de aves como um todo pelo seu n\u00edvel de efici\u00eancia.<\/p>\n\n\n\n<p>As esp\u00e9cies de aves que os criadores possuem atualmente s\u00e3o Agapornis, Red Rumped, Red Wing, Ring Neck, Grande Alexandre, Cabe\u00e7a de Ameixa, Papagaio Ecletus, Papagaio do Congo e Derbiaba.<\/p>\n\n\n\n<p>Airton e Giuvan j\u00e1 comercializavam aves consideradas dom\u00e9sticas, anilhadas com anel da FOB, Federa\u00e7\u00e3o Ornitol\u00f3gica do Brasil, como as das esp\u00e9cies calopsita e periquito australiano, atrav\u00e9s do fornecimento de GTA, a Guia de Transporte Animal, exigido pela CIDASC.<\/p>\n\n\n\n<p>O objetivo dos criadores era tamb\u00e9m expandir o mercado para outros estados e conseguir fazer a venda de aves ex\u00f3ticas, com o fornecimento de nota fiscal e certificado de origem ao comprador, bem como, a anilha oficial nas aves, semelhante a um anel que funciona como uma identifica\u00e7\u00e3o individual do animal, atestando sua proced\u00eancia legal e rastreabilidade. <s><\/s><\/p>\n\n\n\n<p>Airton destaca que aves ex\u00f3ticas s\u00e3o esp\u00e9cies origin\u00e1rias de outros pa\u00edses, que n\u00e3o pertencem \u00e0 fauna brasileira. Elas nascem em criadouros legalizados, com controle de reprodu\u00e7\u00e3o e documenta\u00e7\u00e3o de origem. A cria\u00e7\u00e3o dessas aves \u00e9 permitida por lei e contribui para reduzir o com\u00e9rcio ilegal de esp\u00e9cies nativas.&nbsp; Como aves ex\u00f3ticas se enquadram as esp\u00e9cies Grande Alexandre, Ecletus e Ring Necks entre outras. Entre estas, se destaca a Ring Neck, uma ave que aprende a falar e interagir, j\u00e1 muito procurado por ser um animal de companhia.<\/p>\n\n\n\n<p>H\u00e1 cerca de quatro anos o criat\u00f3rio est\u00e1 localizado na Linha Piraj\u00fa. Nesse per\u00edodo, os criadores adequaram toda a estrutura dos galp\u00f5es, providenciaram a documenta\u00e7\u00e3o e passaram por vistoria de fiscais do Instituto do Meio Ambiente, IMA de Florian\u00f3polis. Com todas as quest\u00f5es aprovadas, no final de julho o Criat\u00f3rio Schaefer obteve a licen\u00e7a de criat\u00f3rio comercial definitiva que garante a venda a outros estados e tamb\u00e9m a importa\u00e7\u00e3o de outros pa\u00edses, para o qual j\u00e1 est\u00e3o na fila, aguardando a aquisi\u00e7\u00e3o de esp\u00e9cies do exterior. \u00c9 o primeiro criat\u00f3rio na regi\u00e3o de Lages para c\u00e1 a obter essa autoriza\u00e7\u00e3o. O primeiro casal de Agapornis anilhado com anilha do Criat\u00f3rio Comercial Schaefer permanece na propriedade, como s\u00edmbolo da conquista. Na anilha, colocada no p\u00e9 da ave at\u00e9 os 15 dias de vida, est\u00e1 especificada a sigla do nome dos criadores, o n\u00famero da ave, o n\u00famero dos criadores fornecido pelo IMA e o ano de nascimento da ave. Al\u00e9m disso, os criadores fazem todo o controle gen\u00e9tico das aves, identificando o parentesco dos p\u00e1ssaros.<\/p>\n\n\n\n<p>Para a importa\u00e7\u00e3o, os criadores explicam que as aves passam por exames na Europa, onde permanecem em quarentena, e quando chegam em S\u00e3o Paulo, no Brasil, novamente ficam 40 dias isolados dos demais animais e passam por novos exames. Depois, com os exames aprovados, as aves s\u00e3o enviadas aos criadores, onde mais uma vez ficam em quarentena antes de terem contato com os demais p\u00e1ssaros, com o objetivo de evitar contamina\u00e7\u00f5es e prevenir doen\u00e7as. &nbsp;<\/p>\n\n\n\n<p>Com anos de experi\u00eancia na cria\u00e7\u00e3o de aves, Airton avalia que a licen\u00e7a \u00e9 resultado de um trabalho iniciado h\u00e1 bastante tempo. Comenta que a atividade requerer muitos cuidados sanit\u00e1rios no manejo com as aves, e uma estrutura e alimenta\u00e7\u00e3o adequadas para garantir o bem-estar dos animais. Todo o galp\u00e3o \u00e9 protegido com tela, para evitar a fuga das aves, e conforme o per\u00edodo de vida do animal, s\u00e3o necess\u00e1rios cuidados diferenciados, como no nascimento em que o produtor faz a alimenta\u00e7\u00e3o manual dos filhotes por cerca de dois meses.<\/p>\n\n\n\n<p>Al\u00e9m da legaliza\u00e7\u00e3o, o trabalho desenvolvido pelos criadores valoriza o bem-estar animal e a responsabilidade ambiental. O manejo inclui alimenta\u00e7\u00e3o balanceada, higieniza\u00e7\u00e3o rigorosa dos ambientes, cuidados veterin\u00e1rios e aten\u00e7\u00e3o especial em todas as fases da vida das aves. A estrutura dos viveiros \u00e9 projetada para impedir fugas e para garantir a seguran\u00e7a e o conforto dos animais. Na fase de filhote, por exemplo, a alimenta\u00e7\u00e3o \u00e9 com papa especifica, feita manualmente com seringa durante cerca de dois a tr\u00eas meses. Tamb\u00e9m h\u00e1 controle rigoroso da gen\u00e9tica, com registros do parentesco e linhagem das aves, a fim de evitar consanguinidade e manter a qualidade do plantel.<\/p>\n\n\n\n<p><em>\u201cA cria\u00e7\u00e3o respons\u00e1vel de aves ex\u00f3ticas quando feita dentro da legalidade e com o devido cuidado t\u00e9cnico, contribui para a preserva\u00e7\u00e3o das esp\u00e9cies, reduz a press\u00e3o sobre a fauna silvestre brasileira e estimula a educa\u00e7\u00e3o ambiental por meio da observa\u00e7\u00e3o, estudo e valoriza\u00e7\u00e3o da biodiversidade\u201d,<\/em> destacam os criadores.<\/p>\n\n\n\n<p>S\u00f3cio fundador da Associa\u00e7\u00e3o Ornitol\u00f3gica de Ipor\u00e3 do Oeste, Airton Schaefer ressalta que a entidade est\u00e1 bem estruturada, com 35 s\u00f3cios no momento. Para fevereiro de 2026 a Associa\u00e7\u00e3o organiza o campeonato regional, que ter\u00e1 a participa\u00e7\u00e3o de criadores das associa\u00e7\u00f5es de Ipor\u00e3 do Oeste, Maravilha e Cunha Por\u00e3. Em novembro a associa\u00e7\u00e3o local tamb\u00e9m participa da Copa Soco em Chapec\u00f3.<\/p>\n\n\n\n<figure class=\"wp-block-gallery has-nested-images columns-default is-cropped wp-block-gallery-1 is-layout-flex wp-block-gallery-is-layout-flex\">\n<figure class=\"wp-block-image size-large\"><img fetchpriority=\"high\" decoding=\"async\" width=\"1024\" height=\"683\" data-id=\"7366\" src=\"https:\/\/noticiarioregional.com.br\/wp-content\/uploads\/2025\/08\/Agapornis-1024x683.jpg\" alt=\"\" class=\"wp-image-7366\" srcset=\"https:\/\/noticiarioregional.com.br\/wp-content\/uploads\/2025\/08\/Agapornis-1024x683.jpg 1024w, https:\/\/noticiarioregional.com.br\/wp-content\/uploads\/2025\/08\/Agapornis-300x200.jpg 300w, https:\/\/noticiarioregional.com.br\/wp-content\/uploads\/2025\/08\/Agapornis-768x512.jpg 768w, https:\/\/noticiarioregional.com.br\/wp-content\/uploads\/2025\/08\/Agapornis-1536x1024.jpg 1536w, https:\/\/noticiarioregional.com.br\/wp-content\/uploads\/2025\/08\/Agapornis-2048x1365.jpg 2048w, https:\/\/noticiarioregional.com.br\/wp-content\/uploads\/2025\/08\/Agapornis-150x100.jpg 150w, https:\/\/noticiarioregional.com.br\/wp-content\/uploads\/2025\/08\/Agapornis-450x300.jpg 450w, https:\/\/noticiarioregional.com.br\/wp-content\/uploads\/2025\/08\/Agapornis-1200x800.jpg 1200w\" sizes=\"(max-width: 1024px) 100vw, 1024px\" \/><\/figure>\n\n\n\n<figure class=\"wp-block-image size-large\"><img decoding=\"async\" width=\"1024\" height=\"683\" data-id=\"7367\" src=\"https:\/\/noticiarioregional.com.br\/wp-content\/uploads\/2025\/08\/Airton-com-o-filho-Giuvan-e-o-neto-Antonio.-Aos-fundos-o-papagaio-da-especie-Ecletus-e-casal-de-papagaios-do-Congo-1024x683.jpg\" alt=\"\" class=\"wp-image-7367\" srcset=\"https:\/\/noticiarioregional.com.br\/wp-content\/uploads\/2025\/08\/Airton-com-o-filho-Giuvan-e-o-neto-Antonio.-Aos-fundos-o-papagaio-da-especie-Ecletus-e-casal-de-papagaios-do-Congo-1024x683.jpg 1024w, https:\/\/noticiarioregional.com.br\/wp-content\/uploads\/2025\/08\/Airton-com-o-filho-Giuvan-e-o-neto-Antonio.-Aos-fundos-o-papagaio-da-especie-Ecletus-e-casal-de-papagaios-do-Congo-300x200.jpg 300w, https:\/\/noticiarioregional.com.br\/wp-content\/uploads\/2025\/08\/Airton-com-o-filho-Giuvan-e-o-neto-Antonio.-Aos-fundos-o-papagaio-da-especie-Ecletus-e-casal-de-papagaios-do-Congo-768x512.jpg 768w, https:\/\/noticiarioregional.com.br\/wp-content\/uploads\/2025\/08\/Airton-com-o-filho-Giuvan-e-o-neto-Antonio.-Aos-fundos-o-papagaio-da-especie-Ecletus-e-casal-de-papagaios-do-Congo-1536x1024.jpg 1536w, https:\/\/noticiarioregional.com.br\/wp-content\/uploads\/2025\/08\/Airton-com-o-filho-Giuvan-e-o-neto-Antonio.-Aos-fundos-o-papagaio-da-especie-Ecletus-e-casal-de-papagaios-do-Congo-2048x1365.jpg 2048w, https:\/\/noticiarioregional.com.br\/wp-content\/uploads\/2025\/08\/Airton-com-o-filho-Giuvan-e-o-neto-Antonio.-Aos-fundos-o-papagaio-da-especie-Ecletus-e-casal-de-papagaios-do-Congo-150x100.jpg 150w, https:\/\/noticiarioregional.com.br\/wp-content\/uploads\/2025\/08\/Airton-com-o-filho-Giuvan-e-o-neto-Antonio.-Aos-fundos-o-papagaio-da-especie-Ecletus-e-casal-de-papagaios-do-Congo-450x300.jpg 450w, https:\/\/noticiarioregional.com.br\/wp-content\/uploads\/2025\/08\/Airton-com-o-filho-Giuvan-e-o-neto-Antonio.-Aos-fundos-o-papagaio-da-especie-Ecletus-e-casal-de-papagaios-do-Congo-1200x800.jpg 1200w\" sizes=\"(max-width: 1024px) 100vw, 1024px\" \/><\/figure>\n\n\n\n<figure class=\"wp-block-image size-large\"><img decoding=\"async\" width=\"1024\" height=\"683\" data-id=\"7373\" src=\"https:\/\/noticiarioregional.com.br\/wp-content\/uploads\/2025\/08\/IMG_9383-1024x683.jpg\" alt=\"\" class=\"wp-image-7373\" srcset=\"https:\/\/noticiarioregional.com.br\/wp-content\/uploads\/2025\/08\/IMG_9383-1024x683.jpg 1024w, https:\/\/noticiarioregional.com.br\/wp-content\/uploads\/2025\/08\/IMG_9383-300x200.jpg 300w, https:\/\/noticiarioregional.com.br\/wp-content\/uploads\/2025\/08\/IMG_9383-768x512.jpg 768w, https:\/\/noticiarioregional.com.br\/wp-content\/uploads\/2025\/08\/IMG_9383-1536x1024.jpg 1536w, https:\/\/noticiarioregional.com.br\/wp-content\/uploads\/2025\/08\/IMG_9383-2048x1365.jpg 2048w, https:\/\/noticiarioregional.com.br\/wp-content\/uploads\/2025\/08\/IMG_9383-150x100.jpg 150w, https:\/\/noticiarioregional.com.br\/wp-content\/uploads\/2025\/08\/IMG_9383-450x300.jpg 450w, https:\/\/noticiarioregional.com.br\/wp-content\/uploads\/2025\/08\/IMG_9383-1200x800.jpg 1200w\" sizes=\"(max-width: 1024px) 100vw, 1024px\" \/><\/figure>\n\n\n\n<figure class=\"wp-block-image size-large\"><img loading=\"lazy\" decoding=\"async\" width=\"1024\" height=\"683\" data-id=\"7372\" src=\"https:\/\/noticiarioregional.com.br\/wp-content\/uploads\/2025\/08\/IMG_9384-1024x683.jpg\" alt=\"\" class=\"wp-image-7372\" srcset=\"https:\/\/noticiarioregional.com.br\/wp-content\/uploads\/2025\/08\/IMG_9384-1024x683.jpg 1024w, https:\/\/noticiarioregional.com.br\/wp-content\/uploads\/2025\/08\/IMG_9384-300x200.jpg 300w, https:\/\/noticiarioregional.com.br\/wp-content\/uploads\/2025\/08\/IMG_9384-768x512.jpg 768w, https:\/\/noticiarioregional.com.br\/wp-content\/uploads\/2025\/08\/IMG_9384-1536x1024.jpg 1536w, https:\/\/noticiarioregional.com.br\/wp-content\/uploads\/2025\/08\/IMG_9384-2048x1365.jpg 2048w, https:\/\/noticiarioregional.com.br\/wp-content\/uploads\/2025\/08\/IMG_9384-150x100.jpg 150w, https:\/\/noticiarioregional.com.br\/wp-content\/uploads\/2025\/08\/IMG_9384-450x300.jpg 450w, https:\/\/noticiarioregional.com.br\/wp-content\/uploads\/2025\/08\/IMG_9384-1200x800.jpg 1200w\" sizes=\"(max-width: 1024px) 100vw, 1024px\" \/><\/figure>\n\n\n\n<figure class=\"wp-block-image size-large\"><img loading=\"lazy\" decoding=\"async\" width=\"1024\" height=\"683\" data-id=\"7368\" src=\"https:\/\/noticiarioregional.com.br\/wp-content\/uploads\/2025\/08\/IMG_9389-1024x683.jpg\" alt=\"\" class=\"wp-image-7368\" srcset=\"https:\/\/noticiarioregional.com.br\/wp-content\/uploads\/2025\/08\/IMG_9389-1024x683.jpg 1024w, https:\/\/noticiarioregional.com.br\/wp-content\/uploads\/2025\/08\/IMG_9389-300x200.jpg 300w, https:\/\/noticiarioregional.com.br\/wp-content\/uploads\/2025\/08\/IMG_9389-768x512.jpg 768w, https:\/\/noticiarioregional.com.br\/wp-content\/uploads\/2025\/08\/IMG_9389-1536x1024.jpg 1536w, https:\/\/noticiarioregional.com.br\/wp-content\/uploads\/2025\/08\/IMG_9389-2048x1365.jpg 2048w, https:\/\/noticiarioregional.com.br\/wp-content\/uploads\/2025\/08\/IMG_9389-150x100.jpg 150w, https:\/\/noticiarioregional.com.br\/wp-content\/uploads\/2025\/08\/IMG_9389-450x300.jpg 450w, https:\/\/noticiarioregional.com.br\/wp-content\/uploads\/2025\/08\/IMG_9389-1200x800.jpg 1200w\" sizes=\"(max-width: 1024px) 100vw, 1024px\" \/><\/figure>\n\n\n\n<figure class=\"wp-block-image size-large\"><img loading=\"lazy\" decoding=\"async\" width=\"1024\" height=\"683\" data-id=\"7374\" src=\"https:\/\/noticiarioregional.com.br\/wp-content\/uploads\/2025\/08\/IMG_9390-1024x683.jpg\" alt=\"\" class=\"wp-image-7374\" srcset=\"https:\/\/noticiarioregional.com.br\/wp-content\/uploads\/2025\/08\/IMG_9390-1024x683.jpg 1024w, https:\/\/noticiarioregional.com.br\/wp-content\/uploads\/2025\/08\/IMG_9390-300x200.jpg 300w, https:\/\/noticiarioregional.com.br\/wp-content\/uploads\/2025\/08\/IMG_9390-768x512.jpg 768w, https:\/\/noticiarioregional.com.br\/wp-content\/uploads\/2025\/08\/IMG_9390-1536x1024.jpg 1536w, https:\/\/noticiarioregional.com.br\/wp-content\/uploads\/2025\/08\/IMG_9390-2048x1365.jpg 2048w, https:\/\/noticiarioregional.com.br\/wp-content\/uploads\/2025\/08\/IMG_9390-150x100.jpg 150w, https:\/\/noticiarioregional.com.br\/wp-content\/uploads\/2025\/08\/IMG_9390-450x300.jpg 450w, https:\/\/noticiarioregional.com.br\/wp-content\/uploads\/2025\/08\/IMG_9390-1200x800.jpg 1200w\" sizes=\"(max-width: 1024px) 100vw, 1024px\" \/><\/figure>\n\n\n\n<figure class=\"wp-block-image size-large\"><img loading=\"lazy\" decoding=\"async\" width=\"1024\" height=\"683\" data-id=\"7371\" src=\"https:\/\/noticiarioregional.com.br\/wp-content\/uploads\/2025\/08\/Ring-Neck-2-1024x683.jpg\" alt=\"\" class=\"wp-image-7371\" srcset=\"https:\/\/noticiarioregional.com.br\/wp-content\/uploads\/2025\/08\/Ring-Neck-2-1024x683.jpg 1024w, https:\/\/noticiarioregional.com.br\/wp-content\/uploads\/2025\/08\/Ring-Neck-2-300x200.jpg 300w, https:\/\/noticiarioregional.com.br\/wp-content\/uploads\/2025\/08\/Ring-Neck-2-768x512.jpg 768w, https:\/\/noticiarioregional.com.br\/wp-content\/uploads\/2025\/08\/Ring-Neck-2-1536x1024.jpg 1536w, https:\/\/noticiarioregional.com.br\/wp-content\/uploads\/2025\/08\/Ring-Neck-2-2048x1365.jpg 2048w, https:\/\/noticiarioregional.com.br\/wp-content\/uploads\/2025\/08\/Ring-Neck-2-150x100.jpg 150w, https:\/\/noticiarioregional.com.br\/wp-content\/uploads\/2025\/08\/Ring-Neck-2-450x300.jpg 450w, https:\/\/noticiarioregional.com.br\/wp-content\/uploads\/2025\/08\/Ring-Neck-2-1200x800.jpg 1200w\" sizes=\"(max-width: 1024px) 100vw, 1024px\" \/><\/figure>\n\n\n\n<figure class=\"wp-block-image size-large\"><img loading=\"lazy\" decoding=\"async\" width=\"1024\" height=\"683\" data-id=\"7369\" src=\"https:\/\/noticiarioregional.com.br\/wp-content\/uploads\/2025\/08\/Ring-Neck-3-1024x683.jpg\" alt=\"\" class=\"wp-image-7369\" srcset=\"https:\/\/noticiarioregional.com.br\/wp-content\/uploads\/2025\/08\/Ring-Neck-3-1024x683.jpg 1024w, https:\/\/noticiarioregional.com.br\/wp-content\/uploads\/2025\/08\/Ring-Neck-3-300x200.jpg 300w, https:\/\/noticiarioregional.com.br\/wp-content\/uploads\/2025\/08\/Ring-Neck-3-768x512.jpg 768w, https:\/\/noticiarioregional.com.br\/wp-content\/uploads\/2025\/08\/Ring-Neck-3-1536x1024.jpg 1536w, https:\/\/noticiarioregional.com.br\/wp-content\/uploads\/2025\/08\/Ring-Neck-3-2048x1365.jpg 2048w, https:\/\/noticiarioregional.com.br\/wp-content\/uploads\/2025\/08\/Ring-Neck-3-150x100.jpg 150w, https:\/\/noticiarioregional.com.br\/wp-content\/uploads\/2025\/08\/Ring-Neck-3-450x300.jpg 450w, https:\/\/noticiarioregional.com.br\/wp-content\/uploads\/2025\/08\/Ring-Neck-3-1200x800.jpg 1200w\" sizes=\"(max-width: 1024px) 100vw, 1024px\" \/><\/figure>\n\n\n\n<figure class=\"wp-block-image size-large\"><img loading=\"lazy\" decoding=\"async\" width=\"1024\" height=\"683\" data-id=\"7370\" src=\"https:\/\/noticiarioregional.com.br\/wp-content\/uploads\/2025\/08\/Ring-Neck-1024x683.jpg\" alt=\"\" class=\"wp-image-7370\" srcset=\"https:\/\/noticiarioregional.com.br\/wp-content\/uploads\/2025\/08\/Ring-Neck-1024x683.jpg 1024w, https:\/\/noticiarioregional.com.br\/wp-content\/uploads\/2025\/08\/Ring-Neck-300x200.jpg 300w, https:\/\/noticiarioregional.com.br\/wp-content\/uploads\/2025\/08\/Ring-Neck-768x512.jpg 768w, https:\/\/noticiarioregional.com.br\/wp-content\/uploads\/2025\/08\/Ring-Neck-1536x1024.jpg 1536w, https:\/\/noticiarioregional.com.br\/wp-content\/uploads\/2025\/08\/Ring-Neck-2048x1365.jpg 2048w, https:\/\/noticiarioregional.com.br\/wp-content\/uploads\/2025\/08\/Ring-Neck-150x100.jpg 150w, https:\/\/noticiarioregional.com.br\/wp-content\/uploads\/2025\/08\/Ring-Neck-450x300.jpg 450w, https:\/\/noticiarioregional.com.br\/wp-content\/uploads\/2025\/08\/Ring-Neck-1200x800.jpg 1200w\" sizes=\"(max-width: 1024px) 100vw, 1024px\" \/><\/figure>\n<\/figure>\n","protected":false},"excerpt":{"rendered":"<p>A cria\u00e7\u00e3o de aves est\u00e1 presente na vida de Airton Schaefer h\u00e1 muitos anos. O trabalho foi intensificado a partir de 2009, com a funda\u00e7\u00e3o da Associa\u00e7\u00e3o Ornitol\u00f3gica de Ipor\u00e3 do Oeste, ASOI. Desde ent\u00e3o, o plantel aumentou, e tamb\u00e9m o n\u00famero de esp\u00e9cies passou a ser mais variado. Em 2013 Airton come\u00e7ou a participar<\/p>\n","protected":false},"author":1,"featured_media":7375,"comment_status":"open","ping_status":"open","sticky":false,"template":"","format":"standard","meta":{"footnotes":""},"categories":[41],"tags":[],"class_list":{"0":"post-7365","1":"post","2":"type-post","3":"status-publish","4":"format-standard","5":"has-post-thumbnail","7":"category-noticias"},"_links":{"self":[{"href":"https:\/\/noticiarioregional.com.br\/index.php?rest_route=\/wp\/v2\/posts\/7365","targetHints":{"allow":["GET"]}}],"collection":[{"href":"https:\/\/noticiarioregional.com.br\/index.php?rest_route=\/wp\/v2\/posts"}],"about":[{"href":"https:\/\/noticiarioregional.com.br\/index.php?rest_route=\/wp\/v2\/types\/post"}],"author":[{"embeddable":true,"href":"https:\/\/noticiarioregional.com.br\/index.php?rest_route=\/wp\/v2\/users\/1"}],"replies":[{"embeddable":true,"href":"https:\/\/noticiarioregional.com.br\/index.php?rest_route=%2Fwp%2Fv2%2Fcomments&post=7365"}],"version-history":[{"count":1,"href":"https:\/\/noticiarioregional.com.br\/index.php?rest_route=\/wp\/v2\/posts\/7365\/revisions"}],"predecessor-version":[{"id":7376,"href":"https:\/\/noticiarioregional.com.br\/index.php?rest_route=\/wp\/v2\/posts\/7365\/revisions\/7376"}],"wp:featuredmedia":[{"embeddable":true,"href":"https:\/\/noticiarioregional.com.br\/index.php?rest_route=\/wp\/v2\/media\/7375"}],"wp:attachment":[{"href":"https:\/\/noticiarioregional.com.br\/index.php?rest_route=%2Fwp%2Fv2%2Fmedia&parent=7365"}],"wp:term":[{"taxonomy":"category","embeddable":true,"href":"https:\/\/noticiarioregional.com.br\/index.php?rest_route=%2Fwp%2Fv2%2Fcategories&post=7365"},{"taxonomy":"post_tag","embeddable":true,"href":"https:\/\/noticiarioregional.com.br\/index.php?rest_route=%2Fwp%2Fv2%2Ftags&post=7365"}],"curies":[{"name":"wp","href":"https:\/\/api.w.org\/{rel}","templated":true}]}}