{"id":7377,"date":"2025-08-21T08:36:00","date_gmt":"2025-08-21T11:36:00","guid":{"rendered":"https:\/\/noticiarioregional.com.br\/?p=7377"},"modified":"2025-08-19T15:39:32","modified_gmt":"2025-08-19T18:39:32","slug":"ipora-do-oeste-se-prepara-para-o-kerbfest-2025","status":"publish","type":"post","link":"https:\/\/noticiarioregional.com.br\/?p=7377","title":{"rendered":"Ipor\u00e3 do Oeste se prepara para o Kerbfest 2025"},"content":{"rendered":"\n<p><em>Com grandes atra\u00e7\u00f5es culturais e gastron\u00f4micas \u201ca festa da integra\u00e7\u00e3o\u201d promete reunir mais de 10 mil visitantes nos tr\u00eas dias de programa\u00e7\u00e3o<\/em><\/p>\n\n\n\n<p>A Associa\u00e7\u00e3o Kerbfest de Ipor\u00e3 do Oeste, formada pelas entidades Associa\u00e7\u00e3o Empresarial, Grupo de Dan\u00e7as Alem\u00e3s Immer Lustig e CTG Heran\u00e7a Pampiana, divulgou ainda no in\u00edcio do m\u00eas a programa\u00e7\u00e3o oficial da Kerbfest 2025, marcada para os dias 11, 12 e 13 de setembro. Assim como nas edi\u00e7\u00f5es anteriores, \u201ca festa da integra\u00e7\u00e3o das culturas de Ipor\u00e3 do Oeste\u201d ser\u00e1 realizada na \u00c1rea Coberta da Rua Baldu\u00edno Wandscheer que ter\u00e1 sua estrutura f\u00edsica ampliada para receber os mais de 10 mil visitantes que s\u00e3o aguardados nos tr\u00eas dias de festa.<\/p>\n\n\n\n<p>De acordo com a comiss\u00e3o central organizadora, o Jantar Alem\u00e3o, na noite de sexta-feira, 12, ser\u00e1 promovido no Pavilh\u00e3o Cat\u00f3lico, com o objetivo de centralizar a festa. A organiza\u00e7\u00e3o est\u00e1 a encargo da Associa\u00e7\u00e3o Gr\u00eamio Uni\u00e3o. Outro destaque na programa\u00e7\u00e3o deste ano s\u00e3o as grandes atra\u00e7\u00f5es culturais e musicais, como grupos de dan\u00e7as alem\u00e3s e bandas de renome nacional, como a Orquestra Continental e a Banda Madame Frau, de Blumenau, composta apenas por mulheres.<\/p>\n\n\n\n<p>A Kerbfest 2025 \u00e9 uma promo\u00e7\u00e3o da Associa\u00e7\u00e3o Kerbfest com apoio do Munic\u00edpio. As atra\u00e7\u00f5es culturais de quinta, sexta e s\u00e1bado, contam com a parceria do Projeto \u201cNossa Cultura, Nossa Tradi\u00e7\u00e3o\u201d, do Grupo de Dan\u00e7as Volkstanzgruppe Immer Lustig, aprovado pela Funda\u00e7\u00e3o Catarinense de Cultura e Governo do Estado de Santa Catarina.<\/p>\n\n\n\n<p><strong>Confira a programa\u00e7\u00e3o completa:<\/strong><\/p>\n\n\n\n<p><strong>Quinta-feira, 11 de setembro<\/strong><\/p>\n\n\n\n<p>06h45 \u00e0s 08h30 \u2013 Alvorada festiva com a Bandinha do Kerb<\/p>\n\n\n\n<p>17h \u2013 Bierwagen saindo em frente a Cooper A1<\/p>\n\n\n\n<p>18h30 &#8211; Apresenta\u00e7\u00f5es culturais:<\/p>\n\n\n\n<ul class=\"wp-block-list\">\n<li>Grupo de Dan\u00e7as Alem\u00e3s Immer Lustig Infantil e Infanto\/Juvenil<\/li>\n\n\n\n<li>CTG Heran\u00e7a Pampiana<\/li>\n\n\n\n<li>Grupo de Dan\u00e7as Alem\u00e3s Heller Stern, de Tun\u00e1polis\/SC<\/li>\n<\/ul>\n\n\n\n<p>19h30 &#8211; Baile com a Orquestra Continental<\/p>\n\n\n\n<p>20h &#8211; Concurso do Chopp em Metro<\/p>\n\n\n\n<p><strong>Sexta-feira, 12 de setembro<\/strong><\/p>\n\n\n\n<p>06h45 \u00e0s 08h30 \u2013 Alvorada festiva com a Bandinha do Kerb<\/p>\n\n\n\n<p>17h \u2013 Bierwagen saindo em frente a Cooper A1<\/p>\n\n\n\n<p>18h30 &#8211; Apresenta\u00e7\u00f5es culturais:<\/p>\n\n\n\n<ul class=\"wp-block-list\">\n<li>Grupo de Dan\u00e7as Alem\u00e3s Immer Lustig Adulto<\/li>\n\n\n\n<li>Grupo de Dan\u00e7as Alem\u00e3s Liebe Zum Tanz, de S\u00e3o Jo\u00e3o do Oeste\/SC<\/li>\n\n\n\n<li>Grupo de Dan\u00e7as Alem\u00e3s TDC Prost, de Itapiranga\/SC<\/li>\n<\/ul>\n\n\n\n<p>19h \u00e0s 21h30 \u2013 Jantar Alem\u00e3o no Pavilh\u00e3o Cat\u00f3lico<\/p>\n\n\n\n<p>19h30 \u2013 Show com Karine e Felipe<\/p>\n\n\n\n<p>21h30 \u2013 Baile com a Orquestra Continental<\/p>\n\n\n\n<p><strong>S\u00e1bado, 13 de setembro<\/strong><\/p>\n\n\n\n<p>06h45 \u00e0s 08h30 \u2013 Alvorada festiva com a Bandinha do Kerb<\/p>\n\n\n\n<p>14h30 \u2013 Desfile T\u00edpico na Avenida Gustavo Fetter<\/p>\n\n\n\n<p>15h30 \u2013 Baile com o Trio Gelson, Ivan e Airton<\/p>\n\n\n\n<p>19h \u2013 Baile com a Orquestra Continental<\/p>\n\n\n\n<p>22h30 \u2013 Show com a Banda Madame Frau, de Blumenau\/SC<\/p>\n","protected":false},"excerpt":{"rendered":"<p>Com grandes atra\u00e7\u00f5es culturais e gastron\u00f4micas \u201ca festa da integra\u00e7\u00e3o\u201d promete reunir mais de 10 mil visitantes nos tr\u00eas dias de programa\u00e7\u00e3o A Associa\u00e7\u00e3o Kerbfest de Ipor\u00e3 do Oeste, formada pelas entidades Associa\u00e7\u00e3o Empresarial, Grupo de Dan\u00e7as Alem\u00e3s Immer Lustig e CTG Heran\u00e7a Pampiana, divulgou ainda no in\u00edcio do m\u00eas a programa\u00e7\u00e3o oficial da Kerbfest<\/p>\n","protected":false},"author":1,"featured_media":7378,"comment_status":"open","ping_status":"open","sticky":false,"template":"","format":"standard","meta":{"footnotes":""},"categories":[41],"tags":[],"class_list":{"0":"post-7377","1":"post","2":"type-post","3":"status-publish","4":"format-standard","5":"has-post-thumbnail","7":"category-noticias"},"_links":{"self":[{"href":"https:\/\/noticiarioregional.com.br\/index.php?rest_route=\/wp\/v2\/posts\/7377","targetHints":{"allow":["GET"]}}],"collection":[{"href":"https:\/\/noticiarioregional.com.br\/index.php?rest_route=\/wp\/v2\/posts"}],"about":[{"href":"https:\/\/noticiarioregional.com.br\/index.php?rest_route=\/wp\/v2\/types\/post"}],"author":[{"embeddable":true,"href":"https:\/\/noticiarioregional.com.br\/index.php?rest_route=\/wp\/v2\/users\/1"}],"replies":[{"embeddable":true,"href":"https:\/\/noticiarioregional.com.br\/index.php?rest_route=%2Fwp%2Fv2%2Fcomments&post=7377"}],"version-history":[{"count":1,"href":"https:\/\/noticiarioregional.com.br\/index.php?rest_route=\/wp\/v2\/posts\/7377\/revisions"}],"predecessor-version":[{"id":7379,"href":"https:\/\/noticiarioregional.com.br\/index.php?rest_route=\/wp\/v2\/posts\/7377\/revisions\/7379"}],"wp:featuredmedia":[{"embeddable":true,"href":"https:\/\/noticiarioregional.com.br\/index.php?rest_route=\/wp\/v2\/media\/7378"}],"wp:attachment":[{"href":"https:\/\/noticiarioregional.com.br\/index.php?rest_route=%2Fwp%2Fv2%2Fmedia&parent=7377"}],"wp:term":[{"taxonomy":"category","embeddable":true,"href":"https:\/\/noticiarioregional.com.br\/index.php?rest_route=%2Fwp%2Fv2%2Fcategories&post=7377"},{"taxonomy":"post_tag","embeddable":true,"href":"https:\/\/noticiarioregional.com.br\/index.php?rest_route=%2Fwp%2Fv2%2Ftags&post=7377"}],"curies":[{"name":"wp","href":"https:\/\/api.w.org\/{rel}","templated":true}]}}