{"id":7389,"date":"2025-08-22T09:54:06","date_gmt":"2025-08-22T12:54:06","guid":{"rendered":"https:\/\/noticiarioregional.com.br\/?p=7389"},"modified":"2025-08-22T10:00:20","modified_gmt":"2025-08-22T13:00:20","slug":"moradora-de-tunapolis-completa-100-anos-com-seis-geracoes-na-familia","status":"publish","type":"post","link":"https:\/\/noticiarioregional.com.br\/?p=7389","title":{"rendered":"Moradora de Tun\u00e1polis completa 100 anos com seis gera\u00e7\u00f5es na fam\u00edlia"},"content":{"rendered":"\n<figure class=\"wp-block-image size-large\"><img fetchpriority=\"high\" decoding=\"async\" width=\"751\" height=\"1024\" src=\"https:\/\/noticiarioregional.com.br\/wp-content\/uploads\/2025\/08\/NR-43_page-0001-8-751x1024.jpg\" alt=\"\" class=\"wp-image-7390\" srcset=\"https:\/\/noticiarioregional.com.br\/wp-content\/uploads\/2025\/08\/NR-43_page-0001-8-751x1024.jpg 751w, https:\/\/noticiarioregional.com.br\/wp-content\/uploads\/2025\/08\/NR-43_page-0001-8-220x300.jpg 220w, https:\/\/noticiarioregional.com.br\/wp-content\/uploads\/2025\/08\/NR-43_page-0001-8-768x1047.jpg 768w, https:\/\/noticiarioregional.com.br\/wp-content\/uploads\/2025\/08\/NR-43_page-0001-8-1127x1536.jpg 1127w, https:\/\/noticiarioregional.com.br\/wp-content\/uploads\/2025\/08\/NR-43_page-0001-8-1502x2048.jpg 1502w, https:\/\/noticiarioregional.com.br\/wp-content\/uploads\/2025\/08\/NR-43_page-0001-8-150x204.jpg 150w, https:\/\/noticiarioregional.com.br\/wp-content\/uploads\/2025\/08\/NR-43_page-0001-8-450x613.jpg 450w, https:\/\/noticiarioregional.com.br\/wp-content\/uploads\/2025\/08\/NR-43_page-0001-8-1200x1636.jpg 1200w, https:\/\/noticiarioregional.com.br\/wp-content\/uploads\/2025\/08\/NR-43_page-0001-8.jpg 1625w\" sizes=\"(max-width: 751px) 100vw, 751px\" \/><\/figure>\n","protected":false},"excerpt":{"rendered":"","protected":false},"author":1,"featured_media":7391,"comment_status":"open","ping_status":"open","sticky":false,"template":"","format":"standard","meta":{"footnotes":""},"categories":[48],"tags":[],"class_list":{"0":"post-7389","1":"post","2":"type-post","3":"status-publish","4":"format-standard","5":"has-post-thumbnail","7":"category-a-vida-como-ela-e"},"_links":{"self":[{"href":"https:\/\/noticiarioregional.com.br\/index.php?rest_route=\/wp\/v2\/posts\/7389","targetHints":{"allow":["GET"]}}],"collection":[{"href":"https:\/\/noticiarioregional.com.br\/index.php?rest_route=\/wp\/v2\/posts"}],"about":[{"href":"https:\/\/noticiarioregional.com.br\/index.php?rest_route=\/wp\/v2\/types\/post"}],"author":[{"embeddable":true,"href":"https:\/\/noticiarioregional.com.br\/index.php?rest_route=\/wp\/v2\/users\/1"}],"replies":[{"embeddable":true,"href":"https:\/\/noticiarioregional.com.br\/index.php?rest_route=%2Fwp%2Fv2%2Fcomments&post=7389"}],"version-history":[{"count":1,"href":"https:\/\/noticiarioregional.com.br\/index.php?rest_route=\/wp\/v2\/posts\/7389\/revisions"}],"predecessor-version":[{"id":7392,"href":"https:\/\/noticiarioregional.com.br\/index.php?rest_route=\/wp\/v2\/posts\/7389\/revisions\/7392"}],"wp:featuredmedia":[{"embeddable":true,"href":"https:\/\/noticiarioregional.com.br\/index.php?rest_route=\/wp\/v2\/media\/7391"}],"wp:attachment":[{"href":"https:\/\/noticiarioregional.com.br\/index.php?rest_route=%2Fwp%2Fv2%2Fmedia&parent=7389"}],"wp:term":[{"taxonomy":"category","embeddable":true,"href":"https:\/\/noticiarioregional.com.br\/index.php?rest_route=%2Fwp%2Fv2%2Fcategories&post=7389"},{"taxonomy":"post_tag","embeddable":true,"href":"https:\/\/noticiarioregional.com.br\/index.php?rest_route=%2Fwp%2Fv2%2Ftags&post=7389"}],"curies":[{"name":"wp","href":"https:\/\/api.w.org\/{rel}","templated":true}]}}