{"id":7393,"date":"2025-08-22T10:50:53","date_gmt":"2025-08-22T13:50:53","guid":{"rendered":"https:\/\/noticiarioregional.com.br\/?p=7393"},"modified":"2025-08-22T10:50:54","modified_gmt":"2025-08-22T13:50:54","slug":"produtores-registram-aumento-na-demanda-com-a-febre-do-morango-do-amor","status":"publish","type":"post","link":"https:\/\/noticiarioregional.com.br\/?p=7393","title":{"rendered":"Produtores registram aumento na demanda com a febre do \u201cmorango do amor\u201d"},"content":{"rendered":"\n<h2 class=\"wp-block-heading has-small-font-size\">Por Joana Reichert<\/h2>\n\n\n\n<p>Ipor\u00e3 do Oeste \u2013 Voc\u00ea possivelmente j\u00e1 tenha visto, ou ao menos ouvir falar nas \u00faltimas semanas, sobre o tal do \u201cmorango do amor\u201d. A receita que viralizou na internet e conquistou boa parte do p\u00fablico&nbsp;\u00e9 composta por um morango enrolado no brigadeiro branco e finalizado com a mesma calda de a\u00e7\u00facar usada na ma\u00e7\u00e3 do amor. O sucesso \u00e9 tanto que a busca pelo doce virou pauta de economia no pa\u00eds.<\/p>\n\n\n\n<p>A \u201cfebre\u201d do morango do amor tamb\u00e9m traz reflexos positivos para os produtores da fruta. Simoni e Josimar Giehl, da Linha Pirap\u00f3, registram um aumento significativo na procura por morango. A dificuldade est\u00e1 sendo atender a demanda, pois nesta \u00e9poca do ano a produ\u00e7\u00e3o de morango ainda \u00e9 baixa. No momento, as plantas est\u00e3o carregadas de flores e frutos verdes, que se o tempo colaborar, em menos de um m\u00eas estar\u00e3o maduros para a colheita.<\/p>\n\n\n\n<p>Josimar comenta que esse aumento na procura tamb\u00e9m elevou os pre\u00e7os, em cerca de 30%, porque os clientes que compram a fruta com a finalidade de produzir o morango do amor exigem um padr\u00e3o de tamanho e peso, entre 20 a 30 gramas. Por conta disso, os produtores t\u00eam mais m\u00e3o de obra com a sele\u00e7\u00e3o e pesagem individual dos morangos. J\u00e1 para o produtor final n\u00e3o houve altera\u00e7\u00e3o, e o valor do quilo de morango \u00e9 o mesmo praticado no ano passado.<\/p>\n\n\n\n<p>Segundo o produtor, \u00e9 um fator positivo este aumento na procura, mas, por outro lado, essa valoriza\u00e7\u00e3o financeira do morango do amor tamb\u00e9m deveria refletir na produ\u00e7\u00e3o prim\u00e1ria, pois os produtores se dedicam meses at\u00e9 efetivar a colheita, e n\u00e3o recebem pelo fruto o que est\u00e1 sendo pago agora por esta nova tend\u00eancia do mercado.<\/p>\n\n\n\n<figure class=\"wp-block-image size-large\"><img fetchpriority=\"high\" decoding=\"async\" width=\"1024\" height=\"683\" src=\"https:\/\/noticiarioregional.com.br\/wp-content\/uploads\/2025\/08\/Clientes-exigem-um-padrao-de-tamanho-do-morango-entre-20-a-30-gramas-1024x683.jpg\" alt=\"\" class=\"wp-image-7395\" srcset=\"https:\/\/noticiarioregional.com.br\/wp-content\/uploads\/2025\/08\/Clientes-exigem-um-padrao-de-tamanho-do-morango-entre-20-a-30-gramas-1024x683.jpg 1024w, https:\/\/noticiarioregional.com.br\/wp-content\/uploads\/2025\/08\/Clientes-exigem-um-padrao-de-tamanho-do-morango-entre-20-a-30-gramas-300x200.jpg 300w, https:\/\/noticiarioregional.com.br\/wp-content\/uploads\/2025\/08\/Clientes-exigem-um-padrao-de-tamanho-do-morango-entre-20-a-30-gramas-768x512.jpg 768w, https:\/\/noticiarioregional.com.br\/wp-content\/uploads\/2025\/08\/Clientes-exigem-um-padrao-de-tamanho-do-morango-entre-20-a-30-gramas-1536x1024.jpg 1536w, https:\/\/noticiarioregional.com.br\/wp-content\/uploads\/2025\/08\/Clientes-exigem-um-padrao-de-tamanho-do-morango-entre-20-a-30-gramas-2048x1365.jpg 2048w, https:\/\/noticiarioregional.com.br\/wp-content\/uploads\/2025\/08\/Clientes-exigem-um-padrao-de-tamanho-do-morango-entre-20-a-30-gramas-150x100.jpg 150w, https:\/\/noticiarioregional.com.br\/wp-content\/uploads\/2025\/08\/Clientes-exigem-um-padrao-de-tamanho-do-morango-entre-20-a-30-gramas-450x300.jpg 450w, https:\/\/noticiarioregional.com.br\/wp-content\/uploads\/2025\/08\/Clientes-exigem-um-padrao-de-tamanho-do-morango-entre-20-a-30-gramas-1200x800.jpg 1200w\" sizes=\"(max-width: 1024px) 100vw, 1024px\" \/><figcaption class=\"wp-element-caption\">Clientes exigem um padr\u00e3o de tamanho do morango, entre 20 a 30 gramas<\/figcaption><\/figure>\n","protected":false},"excerpt":{"rendered":"<p>Por Joana Reichert Ipor\u00e3 do Oeste \u2013 Voc\u00ea possivelmente j\u00e1 tenha visto, ou ao menos ouvir falar nas \u00faltimas semanas, sobre o tal do \u201cmorango do amor\u201d. A receita que viralizou na internet e conquistou boa parte do p\u00fablico&nbsp;\u00e9 composta por um morango enrolado no brigadeiro branco e finalizado com a mesma calda de a\u00e7\u00facar<\/p>\n","protected":false},"author":1,"featured_media":7394,"comment_status":"open","ping_status":"open","sticky":false,"template":"","format":"standard","meta":{"footnotes":""},"categories":[42],"tags":[],"class_list":{"0":"post-7393","1":"post","2":"type-post","3":"status-publish","4":"format-standard","5":"has-post-thumbnail","7":"category-destaque"},"_links":{"self":[{"href":"https:\/\/noticiarioregional.com.br\/index.php?rest_route=\/wp\/v2\/posts\/7393","targetHints":{"allow":["GET"]}}],"collection":[{"href":"https:\/\/noticiarioregional.com.br\/index.php?rest_route=\/wp\/v2\/posts"}],"about":[{"href":"https:\/\/noticiarioregional.com.br\/index.php?rest_route=\/wp\/v2\/types\/post"}],"author":[{"embeddable":true,"href":"https:\/\/noticiarioregional.com.br\/index.php?rest_route=\/wp\/v2\/users\/1"}],"replies":[{"embeddable":true,"href":"https:\/\/noticiarioregional.com.br\/index.php?rest_route=%2Fwp%2Fv2%2Fcomments&post=7393"}],"version-history":[{"count":1,"href":"https:\/\/noticiarioregional.com.br\/index.php?rest_route=\/wp\/v2\/posts\/7393\/revisions"}],"predecessor-version":[{"id":7396,"href":"https:\/\/noticiarioregional.com.br\/index.php?rest_route=\/wp\/v2\/posts\/7393\/revisions\/7396"}],"wp:featuredmedia":[{"embeddable":true,"href":"https:\/\/noticiarioregional.com.br\/index.php?rest_route=\/wp\/v2\/media\/7394"}],"wp:attachment":[{"href":"https:\/\/noticiarioregional.com.br\/index.php?rest_route=%2Fwp%2Fv2%2Fmedia&parent=7393"}],"wp:term":[{"taxonomy":"category","embeddable":true,"href":"https:\/\/noticiarioregional.com.br\/index.php?rest_route=%2Fwp%2Fv2%2Fcategories&post=7393"},{"taxonomy":"post_tag","embeddable":true,"href":"https:\/\/noticiarioregional.com.br\/index.php?rest_route=%2Fwp%2Fv2%2Ftags&post=7393"}],"curies":[{"name":"wp","href":"https:\/\/api.w.org\/{rel}","templated":true}]}}