{"id":7397,"date":"2025-08-22T10:54:19","date_gmt":"2025-08-22T13:54:19","guid":{"rendered":"https:\/\/noticiarioregional.com.br\/?p=7397"},"modified":"2025-08-22T10:54:20","modified_gmt":"2025-08-22T13:54:20","slug":"governo-municipal-adquire-nova-escavadeira-hidraulica-para-reforcar-obras-e-servicos","status":"publish","type":"post","link":"https:\/\/noticiarioregional.com.br\/?p=7397","title":{"rendered":"Governo Municipal adquire nova Escavadeira Hidr\u00e1ulica para refor\u00e7ar obras e servi\u00e7os"},"content":{"rendered":"\n<p>A Administra\u00e7\u00e3o Municipal de Ipor\u00e3 do Oeste recebeu uma nova Escavadeira Hidr\u00e1ulica, cabine fechada, com peso operacional de 18.100 kg e com os equipamentos obrigat\u00f3rios exigidos pelo CONTRAN, Tipo F, da marca XCMG, modelo XE180BR \u2013 ano 2024\/2025. O equipamento foi entregue pela empresa MACROMAQ Equipamentos Ltda, atrav\u00e9s de emenda parlamentar da senadora Ivete da Silveira por meio do Conv\u00eanio SPOA\/SE\/MAPA n\u00ba 956180\/2024. O investimento foi de R$ 519 mil.<br>&nbsp;&nbsp;&nbsp;&nbsp;&nbsp;&nbsp;&nbsp;&nbsp;&nbsp;&nbsp;&nbsp; A entrega contou com a presen\u00e7a do prefeito Michel Barth, do diretor do Departamento de Transporte e Obras, Claudir Steinhaus, e dos operadores Diego, Marcelo e Fernando, que ir\u00e3o utilizar a m\u00e1quina nos trabalhos do munic\u00edpio. Na ocasi\u00e3o, foram repassadas orienta\u00e7\u00f5es t\u00e9cnicas sobre o funcionamento do equipamento e sanadas d\u00favidas dos operadores, garantindo melhor aproveitamento e seguran\u00e7a na opera\u00e7\u00e3o.<br>&nbsp; &nbsp;&nbsp;&nbsp;&nbsp;&nbsp;&nbsp;&nbsp;&nbsp;&nbsp; Com este novo investimento, a Administra\u00e7\u00e3o Municipal refor\u00e7a a frota de m\u00e1quinas e amplia a capacidade de execu\u00e7\u00e3o de obras, manuten\u00e7\u00e3o de estradas e servi\u00e7os essenciais para a comunidade.<\/p>\n\n\n\n<p><\/p>\n","protected":false},"excerpt":{"rendered":"<p>A Administra\u00e7\u00e3o Municipal de Ipor\u00e3 do Oeste recebeu uma nova Escavadeira Hidr\u00e1ulica, cabine fechada, com peso operacional de 18.100 kg e com os equipamentos obrigat\u00f3rios exigidos pelo CONTRAN, Tipo F, da marca XCMG, modelo XE180BR \u2013 ano 2024\/2025. O equipamento foi entregue pela empresa MACROMAQ Equipamentos Ltda, atrav\u00e9s de emenda parlamentar da senadora Ivete da<\/p>\n","protected":false},"author":1,"featured_media":7398,"comment_status":"open","ping_status":"open","sticky":false,"template":"","format":"standard","meta":{"footnotes":""},"categories":[41],"tags":[],"class_list":{"0":"post-7397","1":"post","2":"type-post","3":"status-publish","4":"format-standard","5":"has-post-thumbnail","7":"category-noticias"},"_links":{"self":[{"href":"https:\/\/noticiarioregional.com.br\/index.php?rest_route=\/wp\/v2\/posts\/7397","targetHints":{"allow":["GET"]}}],"collection":[{"href":"https:\/\/noticiarioregional.com.br\/index.php?rest_route=\/wp\/v2\/posts"}],"about":[{"href":"https:\/\/noticiarioregional.com.br\/index.php?rest_route=\/wp\/v2\/types\/post"}],"author":[{"embeddable":true,"href":"https:\/\/noticiarioregional.com.br\/index.php?rest_route=\/wp\/v2\/users\/1"}],"replies":[{"embeddable":true,"href":"https:\/\/noticiarioregional.com.br\/index.php?rest_route=%2Fwp%2Fv2%2Fcomments&post=7397"}],"version-history":[{"count":1,"href":"https:\/\/noticiarioregional.com.br\/index.php?rest_route=\/wp\/v2\/posts\/7397\/revisions"}],"predecessor-version":[{"id":7399,"href":"https:\/\/noticiarioregional.com.br\/index.php?rest_route=\/wp\/v2\/posts\/7397\/revisions\/7399"}],"wp:featuredmedia":[{"embeddable":true,"href":"https:\/\/noticiarioregional.com.br\/index.php?rest_route=\/wp\/v2\/media\/7398"}],"wp:attachment":[{"href":"https:\/\/noticiarioregional.com.br\/index.php?rest_route=%2Fwp%2Fv2%2Fmedia&parent=7397"}],"wp:term":[{"taxonomy":"category","embeddable":true,"href":"https:\/\/noticiarioregional.com.br\/index.php?rest_route=%2Fwp%2Fv2%2Fcategories&post=7397"},{"taxonomy":"post_tag","embeddable":true,"href":"https:\/\/noticiarioregional.com.br\/index.php?rest_route=%2Fwp%2Fv2%2Ftags&post=7397"}],"curies":[{"name":"wp","href":"https:\/\/api.w.org\/{rel}","templated":true}]}}