{"id":7400,"date":"2025-08-22T10:56:45","date_gmt":"2025-08-22T13:56:45","guid":{"rendered":"https:\/\/noticiarioregional.com.br\/?p=7400"},"modified":"2025-08-22T10:56:47","modified_gmt":"2025-08-22T13:56:47","slug":"novo-delegado-assume-a-delegacia-de-policia-civil-da-comarca-de-mondai-e-projeta-reestruturacao-e-agilidade-no-atendimento-a-populacao","status":"publish","type":"post","link":"https:\/\/noticiarioregional.com.br\/?p=7400","title":{"rendered":"Novo delegado assume a Delegacia de Pol\u00edcia Civil da Comarca de Monda\u00ed e projeta reestrutura\u00e7\u00e3o e agilidade no atendimento \u00e0 popula\u00e7\u00e3o"},"content":{"rendered":"\n<p>A Delegacia de Pol\u00edcia Civil da Comarca de Monda\u00ed, que tamb\u00e9m atende os munic\u00edpios de Riqueza e Ipor\u00e3 do Oeste, conta agora com um novo titular. O delegado Diogo Galv\u00e3o Fernandes, de 33 anos, natural do Rio de Janeiro, assumiu oficialmente a fun\u00e7\u00e3o no dia 31 de julho de 2025. Esta \u00e9 a primeira experi\u00eancia de Diogo como delegado, ap\u00f3s atuar como agente da pol\u00edcia no estado do Rio de Janeiro e concluir a forma\u00e7\u00e3o na Academia da Pol\u00edcia Civil de Santa Catarina.<\/p>\n\n\n\n<p>A chegada do novo delegado representa um marco importante para a seguran\u00e7a p\u00fablica da regi\u00e3o, uma vez que Monda\u00ed estava h\u00e1 cerca de cinco anos sem um delegado titular. Nesse per\u00edodo, a fun\u00e7\u00e3o foi exercida por profissionais de outras comarcas, que acumulavam as responsabilidades da cidade. Essa aus\u00eancia prolongada gerou ac\u00famulo de demandas e investiga\u00e7\u00f5es e atendimentos, cen\u00e1rio que Diogo espera reverter. \u201c<em>A expectativa \u00e9 conseguir, primeiro, dar conta do trabalho que ficou acumulado nesse tempo. A gente ainda est\u00e1 avaliando o que \u00e9 mais urgente, o que ficou atrasado, para poder dar uma aten\u00e7\u00e3o especial a isso<\/em>\u201d, explicou.<\/p>\n\n\n\n<p>Com menos de uma semana no cargo, Diogo est\u00e1 em fase de ambienta\u00e7\u00e3o. O objetivo inicial \u00e9 compreender o fluxo de trabalho, as principais demandas e a din\u00e2mica das ocorr\u00eancias na regi\u00e3o. \u201c<em>Estamos conhecendo o funcionamento interno da delegacia e entendendo o volume de trabalho. Mas a expectativa \u00e9 boa. Pelo que foi repassado pelos delegados anteriores, Monda\u00ed \u00e9 uma cidade tranquila, com um n\u00famero reduzido de ocorr\u00eancias, o que permite focar no que ficou para tr\u00e1s e colocar a casa em ordem<\/em>\u201d, afirmou.<\/p>\n\n\n\n<p>Mesmo sendo a sua primeira experi\u00eancia como delegado, Diogo destaca que se sente preparado para o desafio. Ele elogia o treinamento oferecido pela Pol\u00edcia Civil de Santa Catarina, reconhecido nacionalmente pela qualidade na forma\u00e7\u00e3o de seus profissionais. \u201c<em>O treinamento da nossa pol\u00edcia \u00e9 muito elogiado no Brasil inteiro. A estrutura e o preparo s\u00e3o diferenciados, especialmente na parte de investiga\u00e7\u00e3o. Isso nos d\u00e1 confian\u00e7a para desempenhar o trabalho com responsabilidade e efici\u00eancia<\/em>\u201d, destacou.<\/p>\n\n\n\n<p>Embora a base principal de trabalho esteja localizada em Monda\u00ed, o delegado reafirma que ir\u00e1 atender tamb\u00e9m as demandas de Riqueza e Ipor\u00e3 do Oeste, mesmo que sem dias fixos para deslocamento. A integra\u00e7\u00e3o digital entre os sistemas das delegacias possibilita o acompanhamento e encaminhamento dos casos \u00e0 dist\u00e2ncia, sem comprometer a qualidade do atendimento. \u201c<em>Dependendo da demanda, posso ir at\u00e9 os outros munic\u00edpios, mas a maior parte do tempo estarei aqui em Monda\u00ed. Como os sistemas s\u00e3o praticamente todos digitais, conseguimos atender \u00e0s outras cidades com mais agilidade mesmo \u00e0 dist\u00e2ncia<\/em>\u201d, explicou.<\/p>\n\n\n\n<p>Diogo refor\u00e7a que pretende construir uma rela\u00e7\u00e3o de proximidade com a popula\u00e7\u00e3o e com as demais institui\u00e7\u00f5es da cidade. Segundo ele, o primeiro passo \u00e9 se apresentar e conhecer a comunidade, mostrando-se acess\u00edvel e disposto a atuar de forma transparente e colaborativa. \u201c<em>A popula\u00e7\u00e3o vai me conhecer aos poucos. Estou chegando agora, conhecendo a cidade, conhecendo as pessoas, e espero poder contribuir com um trabalho s\u00e9rio e comprometido<\/em>\u201d, finalizou.<\/p>\n","protected":false},"excerpt":{"rendered":"<p>A Delegacia de Pol\u00edcia Civil da Comarca de Monda\u00ed, que tamb\u00e9m atende os munic\u00edpios de Riqueza e Ipor\u00e3 do Oeste, conta agora com um novo titular. O delegado Diogo Galv\u00e3o Fernandes, de 33 anos, natural do Rio de Janeiro, assumiu oficialmente a fun\u00e7\u00e3o no dia 31 de julho de 2025. Esta \u00e9 a primeira experi\u00eancia<\/p>\n","protected":false},"author":1,"featured_media":7401,"comment_status":"open","ping_status":"open","sticky":false,"template":"","format":"standard","meta":{"footnotes":""},"categories":[41],"tags":[],"class_list":{"0":"post-7400","1":"post","2":"type-post","3":"status-publish","4":"format-standard","5":"has-post-thumbnail","7":"category-noticias"},"_links":{"self":[{"href":"https:\/\/noticiarioregional.com.br\/index.php?rest_route=\/wp\/v2\/posts\/7400","targetHints":{"allow":["GET"]}}],"collection":[{"href":"https:\/\/noticiarioregional.com.br\/index.php?rest_route=\/wp\/v2\/posts"}],"about":[{"href":"https:\/\/noticiarioregional.com.br\/index.php?rest_route=\/wp\/v2\/types\/post"}],"author":[{"embeddable":true,"href":"https:\/\/noticiarioregional.com.br\/index.php?rest_route=\/wp\/v2\/users\/1"}],"replies":[{"embeddable":true,"href":"https:\/\/noticiarioregional.com.br\/index.php?rest_route=%2Fwp%2Fv2%2Fcomments&post=7400"}],"version-history":[{"count":1,"href":"https:\/\/noticiarioregional.com.br\/index.php?rest_route=\/wp\/v2\/posts\/7400\/revisions"}],"predecessor-version":[{"id":7402,"href":"https:\/\/noticiarioregional.com.br\/index.php?rest_route=\/wp\/v2\/posts\/7400\/revisions\/7402"}],"wp:featuredmedia":[{"embeddable":true,"href":"https:\/\/noticiarioregional.com.br\/index.php?rest_route=\/wp\/v2\/media\/7401"}],"wp:attachment":[{"href":"https:\/\/noticiarioregional.com.br\/index.php?rest_route=%2Fwp%2Fv2%2Fmedia&parent=7400"}],"wp:term":[{"taxonomy":"category","embeddable":true,"href":"https:\/\/noticiarioregional.com.br\/index.php?rest_route=%2Fwp%2Fv2%2Fcategories&post=7400"},{"taxonomy":"post_tag","embeddable":true,"href":"https:\/\/noticiarioregional.com.br\/index.php?rest_route=%2Fwp%2Fv2%2Ftags&post=7400"}],"curies":[{"name":"wp","href":"https:\/\/api.w.org\/{rel}","templated":true}]}}