{"id":7412,"date":"2025-08-28T09:47:11","date_gmt":"2025-08-28T12:47:11","guid":{"rendered":"https:\/\/noticiarioregional.com.br\/?p=7412"},"modified":"2025-08-27T09:48:29","modified_gmt":"2025-08-27T12:48:29","slug":"ctg-candeeiro-do-oeste-recebe-nova-pintura-com-figuras-representativas","status":"publish","type":"post","link":"https:\/\/noticiarioregional.com.br\/?p=7412","title":{"rendered":"CTG Candeeiro do Oeste recebe nova pintura com figuras representativas"},"content":{"rendered":"\n<p><em>Desenhos representam as tradi\u00e7\u00f5es da cultura ga\u00facha<\/em><\/p>\n\n\n\n<p>Chama aten\u00e7\u00e3o de quem passa no trevo de Descanso, no acesso a Belmonte, SC 496, as novas pinturas que a sede do CTG Candeeiro do Oeste recebeu neste ano. S\u00e3o figuras representativas, com o tema \u201cTradi\u00e7\u00f5es\u201d, de autoria do artista Descansense Neuri Jorge Reolon.<\/p>\n\n\n\n<p>A obra foi idealizada pela ex-patroa do CTG, Claci Antunes Czarnobay, atualmente integrante do Conselho Fiscal. Ela explica que o planejamento da pintura, e a execu\u00e7\u00e3o do servi\u00e7o em si, iniciaram ainda no ano passado, e a finaliza\u00e7\u00e3o ocorreu at\u00e9 o baile de anivers\u00e1rio, em fevereiro. Al\u00e9m da pintura das figuras representativas, Neuri Reolon tamb\u00e9m esculpiu o nome do CTG em um tronco de madeira.<\/p>\n\n\n\n<p>Segundo Claci, as figuras representam os costumes, as tradi\u00e7\u00f5es da cultura ga\u00facha, e o objetivo \u00e9 que as fam\u00edlias atendidas tamb\u00e9m se sintam representadas. A seguir, uma explica\u00e7\u00e3o sobre o que representa cada uma das figuras:<\/p>\n\n\n\n<p>Primeiro plano como figura que identifica o galp\u00e3o \u2013 <strong>Candeeiro &#8211; <\/strong>deu nome ao CTG, identifica e mantem acesa a chama da tradi\u00e7\u00e3o ga\u00facha;<\/p>\n\n\n\n<p>Segunda figura: <strong>Cevando Mate &#8211;<\/strong> representa\u00e7\u00e3o de acolhida, bem querer, ato de amorosidade para com todos, figura que representa os antepassados e seus costumes tradicionais que passam de gera\u00e7\u00e3o para gera\u00e7\u00e3o;<\/p>\n\n\n\n<p>Terceira figura: <strong>Casal Dan\u00e7ando<\/strong> &#8211; celebrando a alegria, representa\u00e7\u00e3o maior do espa\u00e7o (CTG) e seus participantes, as Invernadas Art\u00edsticas, o significado e import\u00e2ncia da dan\u00e7a, canto e poesia nativista;<\/p>\n\n\n\n<p>Quarta figura: <strong>Gaiteiro<\/strong> &#8211; figura que representa os dons de cada um, s\u00edmbolo de alegria, festa e cantorias;<\/p>\n\n\n\n<p>Quinta figura: <strong>Violeiro &#8211;<\/strong> figura fundamental assim como o gaiteiro, cantores e trovadores. Representa a entrega e amor pelas tradi\u00e7\u00f5es.<\/p>\n\n\n\n<p>As cores representam a liga\u00e7\u00e3o e a harmonia com a terra, natureza e cultura nativista. No mural est\u00e1 representada com tons mais envelhecidos, buscando ressaltar as linhas em preto que formam a ideia desconstru\u00edda das figuras.<\/p>\n\n\n\n<p><strong>CTG programa diversas atividades at\u00e9 final do ano<\/strong><\/p>\n\n\n\n<p>O atual patr\u00e3o do CTG, Aldair Barella, destaca que a entidade conta com 49 s\u00f3cios ativos. Entre as atividades mantidas est\u00e3o os grupos das invernadas art\u00edsticas nas faixas et\u00e1rias do pr\u00e9-mirim, mirim e adulta.<\/p>\n\n\n\n<p>Dos eventos que o CTG promove, o patr\u00e3o cita que o principal \u00e9 relacionado a Semana Farroupilha, de 15 a 20 de setembro. Comenta que a programa\u00e7\u00e3o dessa semana contempla jantas com card\u00e1pios t\u00edpicos da culin\u00e1ria ga\u00facha, apresenta\u00e7\u00f5es de dan\u00e7as e rodas de chimarr\u00e3o. No m\u00eas de agosto o patr\u00e3o cita que foi realizado baile com a formatura do grupo de dan\u00e7as com 15 participantes, que iniciaram as aulas em abril.<\/p>\n\n\n\n<p>O CTG Candeeiro do Oeste tamb\u00e9m est\u00e1 envolvido em diversos eventos regionais, como as etapas do Festival Regional da Cultura Ga\u00facha, que este ano ainda ser\u00e3o sediadas pelo CTG de Chapec\u00f3 neste final de semana, dias 23 e 24 de agosto, pelo CTG de Conc\u00f3rdia dias 25 e 26 de outubro e ainda a etapa em Pinhalzinho, dias 29 e 30 de novembro.<\/p>\n\n\n\n<p>O encerramento com as invernadas do CTG est\u00e1 previsto para dezembro. Para 2026, o patr\u00e3o antecipa que j\u00e1 est\u00e1 programado o baile de anivers\u00e1rio do CTG, que \u00e9 no dia 27 de fevereiro, com evento que ser\u00e1 realizado dia 14 de fevereiro, tendo como anima\u00e7\u00e3o do grupo Os Monarcas.<\/p>\n\n\n\n<figure class=\"wp-block-gallery has-nested-images columns-default is-cropped wp-block-gallery-1 is-layout-flex wp-block-gallery-is-layout-flex\">\n<figure class=\"wp-block-image size-large\"><img fetchpriority=\"high\" decoding=\"async\" width=\"1024\" height=\"683\" data-id=\"7417\" src=\"https:\/\/noticiarioregional.com.br\/wp-content\/uploads\/2025\/08\/IMG_9348-1024x683.jpg\" alt=\"\" class=\"wp-image-7417\" srcset=\"https:\/\/noticiarioregional.com.br\/wp-content\/uploads\/2025\/08\/IMG_9348-1024x683.jpg 1024w, https:\/\/noticiarioregional.com.br\/wp-content\/uploads\/2025\/08\/IMG_9348-300x200.jpg 300w, https:\/\/noticiarioregional.com.br\/wp-content\/uploads\/2025\/08\/IMG_9348-768x512.jpg 768w, https:\/\/noticiarioregional.com.br\/wp-content\/uploads\/2025\/08\/IMG_9348-1536x1024.jpg 1536w, https:\/\/noticiarioregional.com.br\/wp-content\/uploads\/2025\/08\/IMG_9348-2048x1365.jpg 2048w, https:\/\/noticiarioregional.com.br\/wp-content\/uploads\/2025\/08\/IMG_9348-150x100.jpg 150w, https:\/\/noticiarioregional.com.br\/wp-content\/uploads\/2025\/08\/IMG_9348-450x300.jpg 450w, https:\/\/noticiarioregional.com.br\/wp-content\/uploads\/2025\/08\/IMG_9348-1200x800.jpg 1200w\" sizes=\"(max-width: 1024px) 100vw, 1024px\" \/><\/figure>\n\n\n\n<figure class=\"wp-block-image size-large\"><img decoding=\"async\" width=\"1024\" height=\"683\" data-id=\"7413\" src=\"https:\/\/noticiarioregional.com.br\/wp-content\/uploads\/2025\/08\/IMG_9352-1024x683.jpg\" alt=\"\" class=\"wp-image-7413\" srcset=\"https:\/\/noticiarioregional.com.br\/wp-content\/uploads\/2025\/08\/IMG_9352-1024x683.jpg 1024w, https:\/\/noticiarioregional.com.br\/wp-content\/uploads\/2025\/08\/IMG_9352-300x200.jpg 300w, https:\/\/noticiarioregional.com.br\/wp-content\/uploads\/2025\/08\/IMG_9352-768x512.jpg 768w, https:\/\/noticiarioregional.com.br\/wp-content\/uploads\/2025\/08\/IMG_9352-1536x1024.jpg 1536w, https:\/\/noticiarioregional.com.br\/wp-content\/uploads\/2025\/08\/IMG_9352-2048x1365.jpg 2048w, https:\/\/noticiarioregional.com.br\/wp-content\/uploads\/2025\/08\/IMG_9352-150x100.jpg 150w, https:\/\/noticiarioregional.com.br\/wp-content\/uploads\/2025\/08\/IMG_9352-450x300.jpg 450w, https:\/\/noticiarioregional.com.br\/wp-content\/uploads\/2025\/08\/IMG_9352-1200x800.jpg 1200w\" sizes=\"(max-width: 1024px) 100vw, 1024px\" \/><\/figure>\n\n\n\n<figure class=\"wp-block-image size-large\"><img decoding=\"async\" width=\"1024\" height=\"683\" data-id=\"7414\" src=\"https:\/\/noticiarioregional.com.br\/wp-content\/uploads\/2025\/08\/IMG_9354-1024x683.jpg\" alt=\"\" class=\"wp-image-7414\" srcset=\"https:\/\/noticiarioregional.com.br\/wp-content\/uploads\/2025\/08\/IMG_9354-1024x683.jpg 1024w, https:\/\/noticiarioregional.com.br\/wp-content\/uploads\/2025\/08\/IMG_9354-300x200.jpg 300w, https:\/\/noticiarioregional.com.br\/wp-content\/uploads\/2025\/08\/IMG_9354-768x512.jpg 768w, https:\/\/noticiarioregional.com.br\/wp-content\/uploads\/2025\/08\/IMG_9354-1536x1024.jpg 1536w, https:\/\/noticiarioregional.com.br\/wp-content\/uploads\/2025\/08\/IMG_9354-2048x1365.jpg 2048w, https:\/\/noticiarioregional.com.br\/wp-content\/uploads\/2025\/08\/IMG_9354-150x100.jpg 150w, https:\/\/noticiarioregional.com.br\/wp-content\/uploads\/2025\/08\/IMG_9354-450x300.jpg 450w, https:\/\/noticiarioregional.com.br\/wp-content\/uploads\/2025\/08\/IMG_9354-1200x800.jpg 1200w\" sizes=\"(max-width: 1024px) 100vw, 1024px\" \/><\/figure>\n\n\n\n<figure class=\"wp-block-image size-large\"><img loading=\"lazy\" decoding=\"async\" width=\"1024\" height=\"683\" data-id=\"7416\" src=\"https:\/\/noticiarioregional.com.br\/wp-content\/uploads\/2025\/08\/IMG_9355-1024x683.jpg\" alt=\"\" class=\"wp-image-7416\" srcset=\"https:\/\/noticiarioregional.com.br\/wp-content\/uploads\/2025\/08\/IMG_9355-1024x683.jpg 1024w, https:\/\/noticiarioregional.com.br\/wp-content\/uploads\/2025\/08\/IMG_9355-300x200.jpg 300w, https:\/\/noticiarioregional.com.br\/wp-content\/uploads\/2025\/08\/IMG_9355-768x512.jpg 768w, https:\/\/noticiarioregional.com.br\/wp-content\/uploads\/2025\/08\/IMG_9355-1536x1024.jpg 1536w, https:\/\/noticiarioregional.com.br\/wp-content\/uploads\/2025\/08\/IMG_9355-2048x1365.jpg 2048w, https:\/\/noticiarioregional.com.br\/wp-content\/uploads\/2025\/08\/IMG_9355-150x100.jpg 150w, https:\/\/noticiarioregional.com.br\/wp-content\/uploads\/2025\/08\/IMG_9355-450x300.jpg 450w, https:\/\/noticiarioregional.com.br\/wp-content\/uploads\/2025\/08\/IMG_9355-1200x800.jpg 1200w\" sizes=\"(max-width: 1024px) 100vw, 1024px\" \/><\/figure>\n\n\n\n<figure class=\"wp-block-image size-large\"><img loading=\"lazy\" decoding=\"async\" width=\"1024\" height=\"683\" data-id=\"7415\" src=\"https:\/\/noticiarioregional.com.br\/wp-content\/uploads\/2025\/08\/IMG_9356-1024x683.jpg\" alt=\"\" class=\"wp-image-7415\" srcset=\"https:\/\/noticiarioregional.com.br\/wp-content\/uploads\/2025\/08\/IMG_9356-1024x683.jpg 1024w, https:\/\/noticiarioregional.com.br\/wp-content\/uploads\/2025\/08\/IMG_9356-300x200.jpg 300w, https:\/\/noticiarioregional.com.br\/wp-content\/uploads\/2025\/08\/IMG_9356-768x512.jpg 768w, https:\/\/noticiarioregional.com.br\/wp-content\/uploads\/2025\/08\/IMG_9356-1536x1024.jpg 1536w, https:\/\/noticiarioregional.com.br\/wp-content\/uploads\/2025\/08\/IMG_9356-2048x1365.jpg 2048w, https:\/\/noticiarioregional.com.br\/wp-content\/uploads\/2025\/08\/IMG_9356-150x100.jpg 150w, https:\/\/noticiarioregional.com.br\/wp-content\/uploads\/2025\/08\/IMG_9356-450x300.jpg 450w, https:\/\/noticiarioregional.com.br\/wp-content\/uploads\/2025\/08\/IMG_9356-1200x800.jpg 1200w\" sizes=\"(max-width: 1024px) 100vw, 1024px\" \/><\/figure>\n<\/figure>\n","protected":false},"excerpt":{"rendered":"<p>Desenhos representam as tradi\u00e7\u00f5es da cultura ga\u00facha Chama aten\u00e7\u00e3o de quem passa no trevo de Descanso, no acesso a Belmonte, SC 496, as novas pinturas que a sede do CTG Candeeiro do Oeste recebeu neste ano. S\u00e3o figuras representativas, com o tema \u201cTradi\u00e7\u00f5es\u201d, de autoria do artista Descansense Neuri Jorge Reolon. A obra foi idealizada<\/p>\n","protected":false},"author":1,"featured_media":7414,"comment_status":"open","ping_status":"open","sticky":false,"template":"","format":"standard","meta":{"footnotes":""},"categories":[41],"tags":[],"class_list":{"0":"post-7412","1":"post","2":"type-post","3":"status-publish","4":"format-standard","5":"has-post-thumbnail","7":"category-noticias"},"_links":{"self":[{"href":"https:\/\/noticiarioregional.com.br\/index.php?rest_route=\/wp\/v2\/posts\/7412","targetHints":{"allow":["GET"]}}],"collection":[{"href":"https:\/\/noticiarioregional.com.br\/index.php?rest_route=\/wp\/v2\/posts"}],"about":[{"href":"https:\/\/noticiarioregional.com.br\/index.php?rest_route=\/wp\/v2\/types\/post"}],"author":[{"embeddable":true,"href":"https:\/\/noticiarioregional.com.br\/index.php?rest_route=\/wp\/v2\/users\/1"}],"replies":[{"embeddable":true,"href":"https:\/\/noticiarioregional.com.br\/index.php?rest_route=%2Fwp%2Fv2%2Fcomments&post=7412"}],"version-history":[{"count":1,"href":"https:\/\/noticiarioregional.com.br\/index.php?rest_route=\/wp\/v2\/posts\/7412\/revisions"}],"predecessor-version":[{"id":7418,"href":"https:\/\/noticiarioregional.com.br\/index.php?rest_route=\/wp\/v2\/posts\/7412\/revisions\/7418"}],"wp:featuredmedia":[{"embeddable":true,"href":"https:\/\/noticiarioregional.com.br\/index.php?rest_route=\/wp\/v2\/media\/7414"}],"wp:attachment":[{"href":"https:\/\/noticiarioregional.com.br\/index.php?rest_route=%2Fwp%2Fv2%2Fmedia&parent=7412"}],"wp:term":[{"taxonomy":"category","embeddable":true,"href":"https:\/\/noticiarioregional.com.br\/index.php?rest_route=%2Fwp%2Fv2%2Fcategories&post=7412"},{"taxonomy":"post_tag","embeddable":true,"href":"https:\/\/noticiarioregional.com.br\/index.php?rest_route=%2Fwp%2Fv2%2Ftags&post=7412"}],"curies":[{"name":"wp","href":"https:\/\/api.w.org\/{rel}","templated":true}]}}