{"id":7441,"date":"2025-08-29T10:37:21","date_gmt":"2025-08-29T13:37:21","guid":{"rendered":"https:\/\/noticiarioregional.com.br\/?p=7441"},"modified":"2025-08-29T10:37:22","modified_gmt":"2025-08-29T13:37:22","slug":"ipora-do-oeste-aposta-na-locacao-de-veiculos-para-renovar-frota-da-saude","status":"publish","type":"post","link":"https:\/\/noticiarioregional.com.br\/?p=7441","title":{"rendered":"Ipor\u00e3 do Oeste aposta na loca\u00e7\u00e3o de ve\u00edculos para renovar frota da Sa\u00fade"},"content":{"rendered":"\n<p><strong>Ipor\u00e3 do Oeste &#8211;<\/strong> A Administra\u00e7\u00e3o Municipal est\u00e1 inovando com a loca\u00e7\u00e3o de ve\u00edculos, uma estrat\u00e9gia que busca melhorar os servi\u00e7os prestados \u00e0 popula\u00e7\u00e3o e, ao mesmo tempo, economizar recursos p\u00fablicos. Por meio da Secretaria Municipal de Sa\u00fade, no dia 12 de agosto, foram recebidos quatro ve\u00edculos locados por meio de licita\u00e7\u00e3o, com o objetivo de ampliar e otimizar o transporte de pacientes e atender \u00e0s demais demandas do setor.<\/p>\n\n\n\n<p>A op\u00e7\u00e3o pela loca\u00e7\u00e3o, em vez da aquisi\u00e7\u00e3o de novos ve\u00edculos, foi adotada por trazer benef\u00edcios financeiros e operacionais. A compra exigiria investimento mais elevado e envolveria despesas adicionais com seguro, taxas, manuten\u00e7\u00e3o e deprecia\u00e7\u00e3o. J\u00e1 no modelo locado, todos esses servi\u00e7os ficam sob responsabilidade da empresa vencedora do processo licitat\u00f3rio, que deve fornecer ve\u00edculos novos ou seminovos.<\/p>\n\n\n\n<p>A empresa tamb\u00e9m \u00e9 respons\u00e1vel por manter a manuten\u00e7\u00e3o em dia, pagar IPVA, realizar revis\u00f5es, fornecer guincho e substituir qualquer ve\u00edculo com problema em at\u00e9 48 horas. Al\u00e9m disso, sempre que um ve\u00edculo atingir mais de dois anos de uso ou ultrapassar 100 mil quil\u00f4metros rodados, dever\u00e1 ser substitu\u00eddo. O munic\u00edpio busca alternativas economicamente vi\u00e1veis para garantir a continuidade e a qualidade dos servi\u00e7os. Essa iniciativa \u00e9 algo novo no munic\u00edpio, embora j\u00e1 seja realidade consolidada em grandes centros.<\/p>\n\n\n\n<p>O prefeito Michel Barth destacou: <em>\u201cA Sa\u00fade \u00e9 um setor que precisa dos ve\u00edculos diariamente. Com a frota envelhecida, n\u00e3o podemos correr o risco de interrup\u00e7\u00e3o no servi\u00e7o. Por isso, optamos pela loca\u00e7\u00e3o de quatro ve\u00edculos de sete lugares, para levar mais pacientes por viagem e otimizar o atendimento\u201d<\/em>.<\/p>\n\n\n\n<p>Os carros locados ser\u00e3o utilizados principalmente para o transporte de pacientes para outros munic\u00edpios e estados \u2014 seja para consultas, exames ou interna\u00e7\u00f5es. A iniciativa est\u00e1 sendo implantada inicialmente na Secretaria de Sa\u00fade e, se apresentar bons resultados, poder\u00e1 ser estendida para atender tamb\u00e9m outras secretarias.<\/p>\n\n\n\n<p>Com a loca\u00e7\u00e3o, a Secretaria da Sa\u00fade se responsabiliza apenas pelo abastecimento, pela designa\u00e7\u00e3o de motoristas e pela plotagem dos ve\u00edculos. A expectativa \u00e9 que a nova frota proporcione mais seguran\u00e7a, conforto e efici\u00eancia nos deslocamentos, garantindo a continuidade dos servi\u00e7os p\u00fablicos e oferecendo ve\u00edculos de qualidade para transportar pacientes que, muitas vezes, j\u00e1 est\u00e3o em momentos delicados de sa\u00fade.<\/p>\n","protected":false},"excerpt":{"rendered":"<p>Ipor\u00e3 do Oeste &#8211; A Administra\u00e7\u00e3o Municipal est\u00e1 inovando com a loca\u00e7\u00e3o de ve\u00edculos, uma estrat\u00e9gia que busca melhorar os servi\u00e7os prestados \u00e0 popula\u00e7\u00e3o e, ao mesmo tempo, economizar recursos p\u00fablicos. Por meio da Secretaria Municipal de Sa\u00fade, no dia 12 de agosto, foram recebidos quatro ve\u00edculos locados por meio de licita\u00e7\u00e3o, com o objetivo<\/p>\n","protected":false},"author":1,"featured_media":7442,"comment_status":"open","ping_status":"open","sticky":false,"template":"","format":"standard","meta":{"footnotes":""},"categories":[41],"tags":[],"class_list":{"0":"post-7441","1":"post","2":"type-post","3":"status-publish","4":"format-standard","5":"has-post-thumbnail","7":"category-noticias"},"_links":{"self":[{"href":"https:\/\/noticiarioregional.com.br\/index.php?rest_route=\/wp\/v2\/posts\/7441","targetHints":{"allow":["GET"]}}],"collection":[{"href":"https:\/\/noticiarioregional.com.br\/index.php?rest_route=\/wp\/v2\/posts"}],"about":[{"href":"https:\/\/noticiarioregional.com.br\/index.php?rest_route=\/wp\/v2\/types\/post"}],"author":[{"embeddable":true,"href":"https:\/\/noticiarioregional.com.br\/index.php?rest_route=\/wp\/v2\/users\/1"}],"replies":[{"embeddable":true,"href":"https:\/\/noticiarioregional.com.br\/index.php?rest_route=%2Fwp%2Fv2%2Fcomments&post=7441"}],"version-history":[{"count":1,"href":"https:\/\/noticiarioregional.com.br\/index.php?rest_route=\/wp\/v2\/posts\/7441\/revisions"}],"predecessor-version":[{"id":7443,"href":"https:\/\/noticiarioregional.com.br\/index.php?rest_route=\/wp\/v2\/posts\/7441\/revisions\/7443"}],"wp:featuredmedia":[{"embeddable":true,"href":"https:\/\/noticiarioregional.com.br\/index.php?rest_route=\/wp\/v2\/media\/7442"}],"wp:attachment":[{"href":"https:\/\/noticiarioregional.com.br\/index.php?rest_route=%2Fwp%2Fv2%2Fmedia&parent=7441"}],"wp:term":[{"taxonomy":"category","embeddable":true,"href":"https:\/\/noticiarioregional.com.br\/index.php?rest_route=%2Fwp%2Fv2%2Fcategories&post=7441"},{"taxonomy":"post_tag","embeddable":true,"href":"https:\/\/noticiarioregional.com.br\/index.php?rest_route=%2Fwp%2Fv2%2Ftags&post=7441"}],"curies":[{"name":"wp","href":"https:\/\/api.w.org\/{rel}","templated":true}]}}