{"id":7444,"date":"2025-08-29T10:40:46","date_gmt":"2025-08-29T13:40:46","guid":{"rendered":"https:\/\/noticiarioregional.com.br\/?p=7444"},"modified":"2025-08-29T10:40:47","modified_gmt":"2025-08-29T13:40:47","slug":"unidade-basica-de-saude-reforca-equipe-com-novos-medicos","status":"publish","type":"post","link":"https:\/\/noticiarioregional.com.br\/?p=7444","title":{"rendered":"Unidade B\u00e1sica de Sa\u00fade refor\u00e7a equipe com novos m\u00e9dicos"},"content":{"rendered":"\n<p>A sa\u00fade de Riqueza acaba de ganhar um importante refor\u00e7o no atendimento b\u00e1sico. Neste m\u00eas de agosto, a Unidade B\u00e1sica de Sa\u00fade passou a contar com dois novos profissionais m\u00e9dicos cl\u00ednicos e um m\u00e9dico ginecologista e obstetra, fortalecendo o quadro de profissionais e oferecendo mais agilidade no acesso \u00e0s consultas.<\/p>\n\n\n\n<p>Com a chegada da m\u00e9dica Bruna Regina Arboit e do m\u00e9dico Rodrigo Cesar Matras, o munic\u00edpio passa a ter cinco m\u00e9dicos cl\u00ednicos atuando diariamente na unidade. J\u00e1 o ginecologista e obstetra Douglas Nunes da Rosa, atender\u00e1 20 horas mensais, em regime quinzenal, priorizando inicialmente consultas voltadas ao acompanhamento pr\u00e9-natal e exames necess\u00e1rios para as gestantes, e em seguida, as consultas ginecol\u00f3gicas. Os atendimentos dos m\u00e9dicos cl\u00ednicos, seguem de segunda a sexta, das 8h \u00e0s 12h e das 13h \u00e0s 17h, contemplando a popula\u00e7\u00e3o em diferentes faixas et\u00e1rias e demandas de sa\u00fade.<\/p>\n\n\n\n<figure class=\"wp-block-image size-large\"><img fetchpriority=\"high\" decoding=\"async\" width=\"1024\" height=\"683\" src=\"https:\/\/noticiarioregional.com.br\/wp-content\/uploads\/2025\/08\/Rodrigo-Cesar-Matras-1024x683.jpg\" alt=\"\" class=\"wp-image-7446\" srcset=\"https:\/\/noticiarioregional.com.br\/wp-content\/uploads\/2025\/08\/Rodrigo-Cesar-Matras-1024x683.jpg 1024w, https:\/\/noticiarioregional.com.br\/wp-content\/uploads\/2025\/08\/Rodrigo-Cesar-Matras-300x200.jpg 300w, https:\/\/noticiarioregional.com.br\/wp-content\/uploads\/2025\/08\/Rodrigo-Cesar-Matras-768x512.jpg 768w, https:\/\/noticiarioregional.com.br\/wp-content\/uploads\/2025\/08\/Rodrigo-Cesar-Matras-1536x1024.jpg 1536w, https:\/\/noticiarioregional.com.br\/wp-content\/uploads\/2025\/08\/Rodrigo-Cesar-Matras-2048x1365.jpg 2048w, https:\/\/noticiarioregional.com.br\/wp-content\/uploads\/2025\/08\/Rodrigo-Cesar-Matras-150x100.jpg 150w, https:\/\/noticiarioregional.com.br\/wp-content\/uploads\/2025\/08\/Rodrigo-Cesar-Matras-450x300.jpg 450w, https:\/\/noticiarioregional.com.br\/wp-content\/uploads\/2025\/08\/Rodrigo-Cesar-Matras-1200x800.jpg 1200w\" sizes=\"(max-width: 1024px) 100vw, 1024px\" \/><figcaption class=\"wp-element-caption\">Rodrigo Cesar Matras<\/figcaption><\/figure>\n\n\n\n<p>De acordo com a secret\u00e1ria de Sa\u00fade, Raquel de Moura, os novos profissionais chegam para somar \u00e0 equipe, trazendo mais agilidade e qualidade no atendimento: \u201c<em>Sabemos da grande demanda por consultas m\u00e9dicas em nosso munic\u00edpio. Com a amplia\u00e7\u00e3o do quadro, vamos reduzir o tempo de espera e oferecer um atendimento mais humanizado. Pacientes em situa\u00e7\u00f5es de urg\u00eancia e emerg\u00eancia sempre ter\u00e3o prioridade, mas o objetivo \u00e9 garantir que todos tenham acesso ao cuidado m\u00e9dico necess\u00e1rio<\/em>\u201d, destaca.<\/p>\n\n\n\n<p>Com a inser\u00e7\u00e3o de um ginecologista e obstetra no quadro de atendimentos da UBS, a expectativa \u00e9 suprir uma demanda importante para as mulheres do munic\u00edpio. \u201c<em>Num primeiro momento, o foco ser\u00e1 garantir a continuidade dos pr\u00e9-natais e a realiza\u00e7\u00e3o dos exames necess\u00e1rios para as gestantes. Na sequ\u00eancia, as consultas ginecol\u00f3gicas estar\u00e3o \u00e0 disposi\u00e7\u00e3o da comunidade feminina, oferecendo um cuidado integral e especializado<\/em>\u201d, explica Raquel.<\/p>\n\n\n\n<p><strong>BOX<\/strong><strong>: Sa\u00fade em a\u00e7\u00e3o<\/strong><\/p>\n\n\n\n<p>Al\u00e9m do refor\u00e7o no quadro m\u00e9dico, a Secretaria de Sa\u00fade j\u00e1 programa novas a\u00e7\u00f5es para ampliar o acesso a especialidades de alta complexidade. No dia 6 de setembro, ser\u00e1 realizado o 2\u00ba Mutir\u00e3o de Consultas de Coluna, em parceria com a equipe da Cl\u00ednica Centro de Coluna do Dr. Rafael Lazzari, de Chapec\u00f3, com atendimentos conduzidos pelo m\u00e9dico Felipi Lazzari.<\/p>\n\n\n\n<p>A iniciativa acontece no s\u00e1bado pela manh\u00e3, diretamente na Unidade B\u00e1sica de Sa\u00fade de Riqueza, evitando que os pacientes precisem se deslocar at\u00e9 Chapec\u00f3. \u201c<em>Essa a\u00e7\u00e3o tem como objetivo trazer especialistas at\u00e9 nossa comunidade, facilitando o acesso \u00e0s consultas, exames e orienta\u00e7\u00f5es m\u00e9dicas. A demanda na \u00e1rea de coluna \u00e9 expressiva em nosso munic\u00edpio, e com esse mutir\u00e3o conseguimos oferecer mais resolutividade e conforto para os pacientes<\/em>\u201d, anuncia a secret\u00e1ria.<\/p>\n","protected":false},"excerpt":{"rendered":"<p>A sa\u00fade de Riqueza acaba de ganhar um importante refor\u00e7o no atendimento b\u00e1sico. Neste m\u00eas de agosto, a Unidade B\u00e1sica de Sa\u00fade passou a contar com dois novos profissionais m\u00e9dicos cl\u00ednicos e um m\u00e9dico ginecologista e obstetra, fortalecendo o quadro de profissionais e oferecendo mais agilidade no acesso \u00e0s consultas. Com a chegada da m\u00e9dica<\/p>\n","protected":false},"author":1,"featured_media":7445,"comment_status":"open","ping_status":"open","sticky":false,"template":"","format":"standard","meta":{"footnotes":""},"categories":[41],"tags":[],"class_list":{"0":"post-7444","1":"post","2":"type-post","3":"status-publish","4":"format-standard","5":"has-post-thumbnail","7":"category-noticias"},"_links":{"self":[{"href":"https:\/\/noticiarioregional.com.br\/index.php?rest_route=\/wp\/v2\/posts\/7444","targetHints":{"allow":["GET"]}}],"collection":[{"href":"https:\/\/noticiarioregional.com.br\/index.php?rest_route=\/wp\/v2\/posts"}],"about":[{"href":"https:\/\/noticiarioregional.com.br\/index.php?rest_route=\/wp\/v2\/types\/post"}],"author":[{"embeddable":true,"href":"https:\/\/noticiarioregional.com.br\/index.php?rest_route=\/wp\/v2\/users\/1"}],"replies":[{"embeddable":true,"href":"https:\/\/noticiarioregional.com.br\/index.php?rest_route=%2Fwp%2Fv2%2Fcomments&post=7444"}],"version-history":[{"count":1,"href":"https:\/\/noticiarioregional.com.br\/index.php?rest_route=\/wp\/v2\/posts\/7444\/revisions"}],"predecessor-version":[{"id":7447,"href":"https:\/\/noticiarioregional.com.br\/index.php?rest_route=\/wp\/v2\/posts\/7444\/revisions\/7447"}],"wp:featuredmedia":[{"embeddable":true,"href":"https:\/\/noticiarioregional.com.br\/index.php?rest_route=\/wp\/v2\/media\/7445"}],"wp:attachment":[{"href":"https:\/\/noticiarioregional.com.br\/index.php?rest_route=%2Fwp%2Fv2%2Fmedia&parent=7444"}],"wp:term":[{"taxonomy":"category","embeddable":true,"href":"https:\/\/noticiarioregional.com.br\/index.php?rest_route=%2Fwp%2Fv2%2Fcategories&post=7444"},{"taxonomy":"post_tag","embeddable":true,"href":"https:\/\/noticiarioregional.com.br\/index.php?rest_route=%2Fwp%2Fv2%2Ftags&post=7444"}],"curies":[{"name":"wp","href":"https:\/\/api.w.org\/{rel}","templated":true}]}}