{"id":7448,"date":"2025-08-30T10:41:02","date_gmt":"2025-08-30T13:41:02","guid":{"rendered":"https:\/\/noticiarioregional.com.br\/?p=7448"},"modified":"2025-08-29T10:42:25","modified_gmt":"2025-08-29T13:42:25","slug":"caibi-da-inicio-ao-projeto-do-contorno-viario","status":"publish","type":"post","link":"https:\/\/noticiarioregional.com.br\/?p=7448","title":{"rendered":"Caibi d\u00e1 in\u00edcio ao Projeto do Contorno Vi\u00e1rio"},"content":{"rendered":"\n<h2 class=\"wp-block-heading has-regular-font-size\">Por Jocel\u00e2yne Bauer<\/h2>\n\n\n\n<p>A Administra\u00e7\u00e3o Municipal de Caibi iniciou, na \u00faltima semana, os primeiros trabalhos que marcam o pontap\u00e9 inicial para a concretiza\u00e7\u00e3o do projeto do Contorno Vi\u00e1rio do munic\u00edpio, uma das obras de maior relev\u00e2ncia para a mobilidade e desenvolvimento local. O an\u00fancio foi feito pelo prefeito \u00c9der Picoli, que destacou a import\u00e2ncia da iniciativa e detalhou os primeiros passos da execu\u00e7\u00e3o.<\/p>\n\n\n\n<p>O projeto prev\u00ea a pavimenta\u00e7\u00e3o em concreto de aproximadamente 7 quil\u00f4metros, dentro do Programa Estrada Boa Rural, do Governo do Estado de Santa Catarina. Segundo o prefeito, neste momento est\u00e1 sendo realizado o alargamento de trechos da estrada que n\u00e3o possu\u00edam a metragem necess\u00e1ria, al\u00e9m do levantamento planialtim\u00e9trico, que ser\u00e1 conclu\u00eddo na pr\u00f3xima semana. \u201c<em>Essa etapa de abertura e adequa\u00e7\u00e3o da via n\u00e3o estava prevista para agora, mas aproveitamos a disponibilidade de pedras e maquin\u00e1rio, al\u00e9m do alinhamento feito com os moradores, para j\u00e1 antecipar parte dos trabalhos<\/em>\u201d, explicou Picoli. O prefeito lembrou que, em alguns pontos, a estrada original n\u00e3o seguia exatamente as divisas das propriedades, o que exigiu realinhamento e demarca\u00e7\u00e3o, trabalho feito em comum acordo com os propriet\u00e1rios rurais.<\/p>\n\n\n\n<p>Outro ponto destacado pelo gestor \u00e9 que uma propriedade localizada no trajeto precisar\u00e1 ser indenizada, j\u00e1 que o tra\u00e7ado da obra passa por uma resid\u00eancia. \u201c<em>Essa casa ter\u00e1 de ser retirada e realocada, e o munic\u00edpio ser\u00e1 respons\u00e1vel pela indeniza\u00e7\u00e3o da fam\u00edlia<\/em>\u201d, ressaltou.<\/p>\n\n\n\n<p>A entrada do contorno vi\u00e1rio ser\u00e1 feita pelo acesso ao bairro Industrial, ligando a \u00e1rea diretamente at\u00e9 a comunidade de Salete, favorecendo o escoamento da produ\u00e7\u00e3o e o tr\u00e1fego de ve\u00edculos pesados. Para viabilizar a obra, tamb\u00e9m ser\u00e1 necess\u00e1ria a obten\u00e7\u00e3o de licen\u00e7as ambientais, j\u00e1 que algumas \u00e1rvores precisar\u00e3o ser removidas.<\/p>\n\n\n\n<p>De acordo com o projeto, o contorno ter\u00e1 base refor\u00e7ada com pedras e receber\u00e1 camadas de brita para garantir a trafegabilidade antes da pavimenta\u00e7\u00e3o definitiva. Na sequ\u00eancia, ser\u00e1 feita a aplica\u00e7\u00e3o de duas camadas de concreto, variando entre 10 e 15 cent\u00edmetros de espessura, o que proporcionar\u00e1 maior durabilidade e menor necessidade de manuten\u00e7\u00e3o futura.<\/p>\n\n\n\n<p>O investimento, recebido pelo Programa Estrada Boa Rural ser\u00e1 de R$ 12 milh\u00f5es, sendo R$ 6 milh\u00f5es repassados pelo Estado e R$ 6 milh\u00f5es como contrapartida do munic\u00edpio. A prefeitura ser\u00e1 respons\u00e1vel pela execu\u00e7\u00e3o da base, utilizando maquin\u00e1rio pr\u00f3prio, horas de servi\u00e7o e recursos j\u00e1 dispon\u00edveis em pedra britada, reduzindo custos e otimizando a execu\u00e7\u00e3o.<\/p>\n\n\n\n<p>Segundo Picoli, a expectativa \u00e9 de que at\u00e9 o final do ano o projeto esteja bem adiantado e com etapas conclu\u00eddas de forma alinhada com as exig\u00eancias do programa estadual. \u201c<em>\u00c9 uma obra de grande impacto, que vai desafogar o tr\u00e2nsito urbano, melhorar o acesso ao parque industrial e garantir mais seguran\u00e7a e agilidade no transporte. Estamos dando um passo importante para o futuro de Caibi<\/em>\u201d, concluiu o prefeito.<\/p>\n","protected":false},"excerpt":{"rendered":"<p>Por Jocel\u00e2yne Bauer A Administra\u00e7\u00e3o Municipal de Caibi iniciou, na \u00faltima semana, os primeiros trabalhos que marcam o pontap\u00e9 inicial para a concretiza\u00e7\u00e3o do projeto do Contorno Vi\u00e1rio do munic\u00edpio, uma das obras de maior relev\u00e2ncia para a mobilidade e desenvolvimento local. O an\u00fancio foi feito pelo prefeito \u00c9der Picoli, que destacou a import\u00e2ncia da<\/p>\n","protected":false},"author":1,"featured_media":7449,"comment_status":"open","ping_status":"open","sticky":false,"template":"","format":"standard","meta":{"footnotes":""},"categories":[41],"tags":[],"class_list":{"0":"post-7448","1":"post","2":"type-post","3":"status-publish","4":"format-standard","5":"has-post-thumbnail","7":"category-noticias"},"_links":{"self":[{"href":"https:\/\/noticiarioregional.com.br\/index.php?rest_route=\/wp\/v2\/posts\/7448","targetHints":{"allow":["GET"]}}],"collection":[{"href":"https:\/\/noticiarioregional.com.br\/index.php?rest_route=\/wp\/v2\/posts"}],"about":[{"href":"https:\/\/noticiarioregional.com.br\/index.php?rest_route=\/wp\/v2\/types\/post"}],"author":[{"embeddable":true,"href":"https:\/\/noticiarioregional.com.br\/index.php?rest_route=\/wp\/v2\/users\/1"}],"replies":[{"embeddable":true,"href":"https:\/\/noticiarioregional.com.br\/index.php?rest_route=%2Fwp%2Fv2%2Fcomments&post=7448"}],"version-history":[{"count":1,"href":"https:\/\/noticiarioregional.com.br\/index.php?rest_route=\/wp\/v2\/posts\/7448\/revisions"}],"predecessor-version":[{"id":7450,"href":"https:\/\/noticiarioregional.com.br\/index.php?rest_route=\/wp\/v2\/posts\/7448\/revisions\/7450"}],"wp:featuredmedia":[{"embeddable":true,"href":"https:\/\/noticiarioregional.com.br\/index.php?rest_route=\/wp\/v2\/media\/7449"}],"wp:attachment":[{"href":"https:\/\/noticiarioregional.com.br\/index.php?rest_route=%2Fwp%2Fv2%2Fmedia&parent=7448"}],"wp:term":[{"taxonomy":"category","embeddable":true,"href":"https:\/\/noticiarioregional.com.br\/index.php?rest_route=%2Fwp%2Fv2%2Fcategories&post=7448"},{"taxonomy":"post_tag","embeddable":true,"href":"https:\/\/noticiarioregional.com.br\/index.php?rest_route=%2Fwp%2Fv2%2Ftags&post=7448"}],"curies":[{"name":"wp","href":"https:\/\/api.w.org\/{rel}","templated":true}]}}