{"id":7451,"date":"2025-08-31T10:42:41","date_gmt":"2025-08-31T13:42:41","guid":{"rendered":"https:\/\/noticiarioregional.com.br\/?p=7451"},"modified":"2025-08-29T10:44:47","modified_gmt":"2025-08-29T13:44:47","slug":"viagem-a-brasilia-tem-avaliacao-positiva-e-trara-novos-investimentos-para-descanso","status":"publish","type":"post","link":"https:\/\/noticiarioregional.com.br\/?p=7451","title":{"rendered":"Viagem a Bras\u00edlia tem avalia\u00e7\u00e3o positiva e trar\u00e1 novos investimentos para Descanso"},"content":{"rendered":"\n<p><strong>Descanso &#8211;<\/strong> O prefeito de Descanso, Juliano Kasper, acompanhado do presidente da C\u00e2mara de Vereadores, Rodrigo Knob, e do assessor de gabinete, Daniel Bonamigo, estiveram em viagem a Bras\u00edlia entre os dias 11 e 15 de agosto, com prop\u00f3sito de buscar recursos e assegurar audi\u00eancias com parlamentares federais para viabilizar investimentos estrat\u00e9gicos no munic\u00edpio.<\/p>\n\n\n\n<p>O primeiro compromisso da comitiva foi reapresentar o grandioso projeto de revitaliza\u00e7\u00e3o do Morro do Cristo no Minist\u00e9rio do Turismo, ap\u00f3s o munic\u00edpio receber oficialmente o certificado de ingresso no Mapa do Turismo Nacional. O grupo tamb\u00e9m visitou o gabinete da deputada Daniela Reihner e assegurou R$ 400 mil destinados \u00e0 revitaliza\u00e7\u00e3o da pra\u00e7a municipal, fortalecendo a infraestrutura local. Al\u00e9m disso, os Senadores Jorge Seif e Espiridi\u00e3o Amin garantiram recursos para investimentos na \u00e1rea da sa\u00fade, ampliando as possibilidades de melhorias no atendimento \u00e0 popula\u00e7\u00e3o. No FNDE, foi discutido sobre a disposi\u00e7\u00e3o de recursos para aplica\u00e7\u00e3o nas obras da nova creche, alinhando-se aos planos de expans\u00e3o da educa\u00e7\u00e3o infantil no munic\u00edpio.<\/p>\n\n\n\n<p>&nbsp;&nbsp;&nbsp;&nbsp;&nbsp;&nbsp;&nbsp;&nbsp;&nbsp;&nbsp;&nbsp; Outro marco da viagem foi o encontro com o deputado Z\u00e9 Trov\u00e3o, que resultou em um importante jantar voltado para grandes investimentos em pavimenta\u00e7\u00e3o asf\u00e1ltica, sinalizando perspectivas de melhoria na malha vi\u00e1ria local.<\/p>\n\n\n\n<p>De acordo com o prefeito, a viagem teve foco na busca por recursos e abrir caminhos para investimentos estrat\u00e9gicos no munic\u00edpio. <em>\u201cSa\u00edmos de Descanso com um compromisso e retornamos imensamente satisfeitos com as novas parcerias que firmamos. A agenda foi bem recebida, as reivindica\u00e7\u00f5es e projetos tiveram escuta atenta, e as conversas j\u00e1 come\u00e7am a se materializar em recursos e parcerias que v\u00e3o aprimorar a qualidade de vida de nossa popula\u00e7\u00e3o. Agrade\u00e7o a todos os parlamentares, equipes t\u00e9cnicas e \u00e0s lideran\u00e7as que nos acompanharam. Continuaremos trabalhando com responsabilidade, transpar\u00eancia e foco no real interesse do nosso munic\u00edpio\u201d, <\/em>esclarece Juliano.<\/p>\n\n\n\n<figure class=\"wp-block-image size-large\"><img fetchpriority=\"high\" decoding=\"async\" width=\"768\" height=\"1024\" src=\"https:\/\/noticiarioregional.com.br\/wp-content\/uploads\/2025\/08\/Comitiva-com-o-deputado-federal-Rafael-Pezenti-768x1024.jpeg\" alt=\"\" class=\"wp-image-7453\" srcset=\"https:\/\/noticiarioregional.com.br\/wp-content\/uploads\/2025\/08\/Comitiva-com-o-deputado-federal-Rafael-Pezenti-768x1024.jpeg 768w, https:\/\/noticiarioregional.com.br\/wp-content\/uploads\/2025\/08\/Comitiva-com-o-deputado-federal-Rafael-Pezenti-225x300.jpeg 225w, https:\/\/noticiarioregional.com.br\/wp-content\/uploads\/2025\/08\/Comitiva-com-o-deputado-federal-Rafael-Pezenti-1152x1536.jpeg 1152w, https:\/\/noticiarioregional.com.br\/wp-content\/uploads\/2025\/08\/Comitiva-com-o-deputado-federal-Rafael-Pezenti-150x200.jpeg 150w, https:\/\/noticiarioregional.com.br\/wp-content\/uploads\/2025\/08\/Comitiva-com-o-deputado-federal-Rafael-Pezenti-450x600.jpeg 450w, https:\/\/noticiarioregional.com.br\/wp-content\/uploads\/2025\/08\/Comitiva-com-o-deputado-federal-Rafael-Pezenti.jpeg 1200w\" sizes=\"(max-width: 768px) 100vw, 768px\" \/><figcaption class=\"wp-element-caption\">Comitiva com o deputado federal Rafael Pezenti<\/figcaption><\/figure>\n","protected":false},"excerpt":{"rendered":"<p>Descanso &#8211; O prefeito de Descanso, Juliano Kasper, acompanhado do presidente da C\u00e2mara de Vereadores, Rodrigo Knob, e do assessor de gabinete, Daniel Bonamigo, estiveram em viagem a Bras\u00edlia entre os dias 11 e 15 de agosto, com prop\u00f3sito de buscar recursos e assegurar audi\u00eancias com parlamentares federais para viabilizar investimentos estrat\u00e9gicos no munic\u00edpio. O<\/p>\n","protected":false},"author":1,"featured_media":7452,"comment_status":"open","ping_status":"open","sticky":false,"template":"","format":"standard","meta":{"footnotes":""},"categories":[41],"tags":[],"class_list":{"0":"post-7451","1":"post","2":"type-post","3":"status-publish","4":"format-standard","5":"has-post-thumbnail","7":"category-noticias"},"_links":{"self":[{"href":"https:\/\/noticiarioregional.com.br\/index.php?rest_route=\/wp\/v2\/posts\/7451","targetHints":{"allow":["GET"]}}],"collection":[{"href":"https:\/\/noticiarioregional.com.br\/index.php?rest_route=\/wp\/v2\/posts"}],"about":[{"href":"https:\/\/noticiarioregional.com.br\/index.php?rest_route=\/wp\/v2\/types\/post"}],"author":[{"embeddable":true,"href":"https:\/\/noticiarioregional.com.br\/index.php?rest_route=\/wp\/v2\/users\/1"}],"replies":[{"embeddable":true,"href":"https:\/\/noticiarioregional.com.br\/index.php?rest_route=%2Fwp%2Fv2%2Fcomments&post=7451"}],"version-history":[{"count":1,"href":"https:\/\/noticiarioregional.com.br\/index.php?rest_route=\/wp\/v2\/posts\/7451\/revisions"}],"predecessor-version":[{"id":7454,"href":"https:\/\/noticiarioregional.com.br\/index.php?rest_route=\/wp\/v2\/posts\/7451\/revisions\/7454"}],"wp:featuredmedia":[{"embeddable":true,"href":"https:\/\/noticiarioregional.com.br\/index.php?rest_route=\/wp\/v2\/media\/7452"}],"wp:attachment":[{"href":"https:\/\/noticiarioregional.com.br\/index.php?rest_route=%2Fwp%2Fv2%2Fmedia&parent=7451"}],"wp:term":[{"taxonomy":"category","embeddable":true,"href":"https:\/\/noticiarioregional.com.br\/index.php?rest_route=%2Fwp%2Fv2%2Fcategories&post=7451"},{"taxonomy":"post_tag","embeddable":true,"href":"https:\/\/noticiarioregional.com.br\/index.php?rest_route=%2Fwp%2Fv2%2Ftags&post=7451"}],"curies":[{"name":"wp","href":"https:\/\/api.w.org\/{rel}","templated":true}]}}