{"id":7478,"date":"2025-09-04T08:29:24","date_gmt":"2025-09-04T11:29:24","guid":{"rendered":"https:\/\/noticiarioregional.com.br\/?p=7478"},"modified":"2025-09-04T08:29:25","modified_gmt":"2025-09-04T11:29:25","slug":"osvaldinho-da-bicicleta-recebe-auxilio-para-construcao-de-sua-nova-moradia","status":"publish","type":"post","link":"https:\/\/noticiarioregional.com.br\/?p=7478","title":{"rendered":"\u201cOsvaldinho da bicicleta\u201d recebe aux\u00edlio para constru\u00e7\u00e3o de sua nova moradia"},"content":{"rendered":"\n<p><em>Resid\u00eancia em que o idoso morava desabou no in\u00edcio do ano<\/em><\/p>\n\n\n\n<p>Em fevereiro deste ano a resid\u00eancia que abrigava Osvaldo Knorts, de 70 anos, desabou em fun\u00e7\u00e3o da condi\u00e7\u00e3o prec\u00e1ria em que a estrutura, toda de madeira, se encontrava. A constru\u00e7\u00e3o estava localizada na linha Cristo Rei, e felizmente o morador n\u00e3o se feriu. Ao tomar conhecimento do ocorrido, a administra\u00e7\u00e3o municipal mobilizou diversos setores para auxiliar o morador.<\/p>\n\n\n\n<p>A diretora do departamento de Assist\u00eancia Social, S\u00f4nia Spaniol Theisen, explica que inicialmente foi feita a confer\u00eancia no local do acontecido, com avalia\u00e7\u00e3o da engenheira civil da prefeitura, Graziela Kerkhoff, e da equipe da Defesa Civil Municipal. Por quest\u00f5es de seguran\u00e7a, Osvaldo foi orientado e convidado a sair do local at\u00e9 que a nova resid\u00eancia fosse reconstru\u00edda, mas o morador se negou e optou por permanecer na casa.<\/p>\n\n\n\n<p>Seguindo o que determina a lei o munic\u00edpio providenciou a licita\u00e7\u00e3o da m\u00e3o de obra para a reforma de uma edifica\u00e7\u00e3o que j\u00e1 existia no local, j\u00e1 que a casa que desabou n\u00e3o tinha mais condi\u00e7\u00f5es de ser aproveitada. Em cerca de um m\u00eas a obra foi conclu\u00edda, e servidores da prefeitura tamb\u00e9m auxiliaram na mudan\u00e7a para o novo local, no dia 25 de mar\u00e7o.<\/p>\n\n\n\n<p>S\u00f4nia ressalta que foram recebidas diversas doa\u00e7\u00f5es de pessoas da comunidade de Cristo Rei, do munic\u00edpio como um todo e de empresas locais, que doaram m\u00f3veis e material de constru\u00e7\u00e3o. O vizinho e amigo, Alicio Kroetz, auxiliou Osvaldo a tirar alguns pertences quando ainda morava na casa que desabou, e depois tamb\u00e9m ajudou na reforma e organiza\u00e7\u00e3o da nova resid\u00eancia. A \u00e1rea onde a nova resid\u00eancia foi edificada \u00e9 cedida por familiares de Osvaldo, que tamb\u00e9m prestaram o aux\u00edlio na instala\u00e7\u00e3o de energia el\u00e9trica.<\/p>\n\n\n\n<p>Em conversa com Osvaldo, que \u00e9 conhecido como \u201cOsvaldinho da bicicleta\u201d, este se mostrou muito feliz e satisfeito com a ajuda que recebeu. <em>\u201cEstou feliz, tudo 100% agora, na minha nova moradia\u201d.<\/em> A diretora complementa que o morador tamb\u00e9m \u00e9 assistido e acompanhado pelo setor de Assist\u00eancia Social nas demandas que apresenta.<\/p>\n\n\n\n<figure class=\"wp-block-gallery has-nested-images columns-default is-cropped wp-block-gallery-1 is-layout-flex wp-block-gallery-is-layout-flex\">\n<figure class=\"wp-block-image size-large\"><img fetchpriority=\"high\" decoding=\"async\" width=\"1024\" height=\"768\" data-id=\"7479\" src=\"https:\/\/noticiarioregional.com.br\/wp-content\/uploads\/2025\/09\/Casa-desabou-em-funcao-da-estrutura-precaria-da-edificacao-1024x768.jpg\" alt=\"\" class=\"wp-image-7479\" srcset=\"https:\/\/noticiarioregional.com.br\/wp-content\/uploads\/2025\/09\/Casa-desabou-em-funcao-da-estrutura-precaria-da-edificacao-1024x768.jpg 1024w, https:\/\/noticiarioregional.com.br\/wp-content\/uploads\/2025\/09\/Casa-desabou-em-funcao-da-estrutura-precaria-da-edificacao-300x225.jpg 300w, https:\/\/noticiarioregional.com.br\/wp-content\/uploads\/2025\/09\/Casa-desabou-em-funcao-da-estrutura-precaria-da-edificacao-768x576.jpg 768w, https:\/\/noticiarioregional.com.br\/wp-content\/uploads\/2025\/09\/Casa-desabou-em-funcao-da-estrutura-precaria-da-edificacao-1536x1152.jpg 1536w, https:\/\/noticiarioregional.com.br\/wp-content\/uploads\/2025\/09\/Casa-desabou-em-funcao-da-estrutura-precaria-da-edificacao-2048x1536.jpg 2048w, https:\/\/noticiarioregional.com.br\/wp-content\/uploads\/2025\/09\/Casa-desabou-em-funcao-da-estrutura-precaria-da-edificacao-150x113.jpg 150w, https:\/\/noticiarioregional.com.br\/wp-content\/uploads\/2025\/09\/Casa-desabou-em-funcao-da-estrutura-precaria-da-edificacao-450x338.jpg 450w, https:\/\/noticiarioregional.com.br\/wp-content\/uploads\/2025\/09\/Casa-desabou-em-funcao-da-estrutura-precaria-da-edificacao-1200x900.jpg 1200w\" sizes=\"(max-width: 1024px) 100vw, 1024px\" \/><\/figure>\n\n\n\n<figure class=\"wp-block-image size-large\"><img decoding=\"async\" width=\"1024\" height=\"683\" data-id=\"7481\" src=\"https:\/\/noticiarioregional.com.br\/wp-content\/uploads\/2025\/09\/Idoso-cultiva-hortalicas-que-divide-com-vizinhos-e-amigos-1024x683.jpg\" alt=\"\" class=\"wp-image-7481\" srcset=\"https:\/\/noticiarioregional.com.br\/wp-content\/uploads\/2025\/09\/Idoso-cultiva-hortalicas-que-divide-com-vizinhos-e-amigos-1024x683.jpg 1024w, https:\/\/noticiarioregional.com.br\/wp-content\/uploads\/2025\/09\/Idoso-cultiva-hortalicas-que-divide-com-vizinhos-e-amigos-300x200.jpg 300w, https:\/\/noticiarioregional.com.br\/wp-content\/uploads\/2025\/09\/Idoso-cultiva-hortalicas-que-divide-com-vizinhos-e-amigos-768x512.jpg 768w, https:\/\/noticiarioregional.com.br\/wp-content\/uploads\/2025\/09\/Idoso-cultiva-hortalicas-que-divide-com-vizinhos-e-amigos-1536x1024.jpg 1536w, https:\/\/noticiarioregional.com.br\/wp-content\/uploads\/2025\/09\/Idoso-cultiva-hortalicas-que-divide-com-vizinhos-e-amigos-2048x1365.jpg 2048w, https:\/\/noticiarioregional.com.br\/wp-content\/uploads\/2025\/09\/Idoso-cultiva-hortalicas-que-divide-com-vizinhos-e-amigos-150x100.jpg 150w, https:\/\/noticiarioregional.com.br\/wp-content\/uploads\/2025\/09\/Idoso-cultiva-hortalicas-que-divide-com-vizinhos-e-amigos-450x300.jpg 450w, https:\/\/noticiarioregional.com.br\/wp-content\/uploads\/2025\/09\/Idoso-cultiva-hortalicas-que-divide-com-vizinhos-e-amigos-1200x800.jpg 1200w\" sizes=\"(max-width: 1024px) 100vw, 1024px\" \/><\/figure>\n\n\n\n<figure class=\"wp-block-image size-large\"><img decoding=\"async\" width=\"1024\" height=\"683\" data-id=\"7480\" src=\"https:\/\/noticiarioregional.com.br\/wp-content\/uploads\/2025\/09\/Osvaldo-relata-estar-feliz-e-grato-em-sua-nova-casa-1024x683.jpg\" alt=\"\" class=\"wp-image-7480\" srcset=\"https:\/\/noticiarioregional.com.br\/wp-content\/uploads\/2025\/09\/Osvaldo-relata-estar-feliz-e-grato-em-sua-nova-casa-1024x683.jpg 1024w, https:\/\/noticiarioregional.com.br\/wp-content\/uploads\/2025\/09\/Osvaldo-relata-estar-feliz-e-grato-em-sua-nova-casa-300x200.jpg 300w, https:\/\/noticiarioregional.com.br\/wp-content\/uploads\/2025\/09\/Osvaldo-relata-estar-feliz-e-grato-em-sua-nova-casa-768x512.jpg 768w, https:\/\/noticiarioregional.com.br\/wp-content\/uploads\/2025\/09\/Osvaldo-relata-estar-feliz-e-grato-em-sua-nova-casa-1536x1024.jpg 1536w, https:\/\/noticiarioregional.com.br\/wp-content\/uploads\/2025\/09\/Osvaldo-relata-estar-feliz-e-grato-em-sua-nova-casa-2048x1365.jpg 2048w, https:\/\/noticiarioregional.com.br\/wp-content\/uploads\/2025\/09\/Osvaldo-relata-estar-feliz-e-grato-em-sua-nova-casa-150x100.jpg 150w, https:\/\/noticiarioregional.com.br\/wp-content\/uploads\/2025\/09\/Osvaldo-relata-estar-feliz-e-grato-em-sua-nova-casa-450x300.jpg 450w, https:\/\/noticiarioregional.com.br\/wp-content\/uploads\/2025\/09\/Osvaldo-relata-estar-feliz-e-grato-em-sua-nova-casa-1200x800.jpg 1200w\" sizes=\"(max-width: 1024px) 100vw, 1024px\" \/><\/figure>\n<\/figure>\n","protected":false},"excerpt":{"rendered":"<p>Resid\u00eancia em que o idoso morava desabou no in\u00edcio do ano Em fevereiro deste ano a resid\u00eancia que abrigava Osvaldo Knorts, de 70 anos, desabou em fun\u00e7\u00e3o da condi\u00e7\u00e3o prec\u00e1ria em que a estrutura, toda de madeira, se encontrava. A constru\u00e7\u00e3o estava localizada na linha Cristo Rei, e felizmente o morador n\u00e3o se feriu. Ao<\/p>\n","protected":false},"author":1,"featured_media":7482,"comment_status":"open","ping_status":"open","sticky":false,"template":"","format":"standard","meta":{"footnotes":""},"categories":[41],"tags":[],"class_list":{"0":"post-7478","1":"post","2":"type-post","3":"status-publish","4":"format-standard","5":"has-post-thumbnail","7":"category-noticias"},"_links":{"self":[{"href":"https:\/\/noticiarioregional.com.br\/index.php?rest_route=\/wp\/v2\/posts\/7478","targetHints":{"allow":["GET"]}}],"collection":[{"href":"https:\/\/noticiarioregional.com.br\/index.php?rest_route=\/wp\/v2\/posts"}],"about":[{"href":"https:\/\/noticiarioregional.com.br\/index.php?rest_route=\/wp\/v2\/types\/post"}],"author":[{"embeddable":true,"href":"https:\/\/noticiarioregional.com.br\/index.php?rest_route=\/wp\/v2\/users\/1"}],"replies":[{"embeddable":true,"href":"https:\/\/noticiarioregional.com.br\/index.php?rest_route=%2Fwp%2Fv2%2Fcomments&post=7478"}],"version-history":[{"count":1,"href":"https:\/\/noticiarioregional.com.br\/index.php?rest_route=\/wp\/v2\/posts\/7478\/revisions"}],"predecessor-version":[{"id":7483,"href":"https:\/\/noticiarioregional.com.br\/index.php?rest_route=\/wp\/v2\/posts\/7478\/revisions\/7483"}],"wp:featuredmedia":[{"embeddable":true,"href":"https:\/\/noticiarioregional.com.br\/index.php?rest_route=\/wp\/v2\/media\/7482"}],"wp:attachment":[{"href":"https:\/\/noticiarioregional.com.br\/index.php?rest_route=%2Fwp%2Fv2%2Fmedia&parent=7478"}],"wp:term":[{"taxonomy":"category","embeddable":true,"href":"https:\/\/noticiarioregional.com.br\/index.php?rest_route=%2Fwp%2Fv2%2Fcategories&post=7478"},{"taxonomy":"post_tag","embeddable":true,"href":"https:\/\/noticiarioregional.com.br\/index.php?rest_route=%2Fwp%2Fv2%2Ftags&post=7478"}],"curies":[{"name":"wp","href":"https:\/\/api.w.org\/{rel}","templated":true}]}}