{"id":7485,"date":"2025-09-04T08:54:55","date_gmt":"2025-09-04T11:54:55","guid":{"rendered":"https:\/\/noticiarioregional.com.br\/?p=7485"},"modified":"2025-09-04T08:54:56","modified_gmt":"2025-09-04T11:54:56","slug":"associacao-coral-de-ipora-do-oeste-promove-evento-comemorativo-aos-36-anos-de-fundacao","status":"publish","type":"post","link":"https:\/\/noticiarioregional.com.br\/?p=7485","title":{"rendered":"Associa\u00e7\u00e3o Coral de Ipor\u00e3 do Oeste promove evento comemorativo aos 36 anos de funda\u00e7\u00e3o"},"content":{"rendered":"\n<p>Neste s\u00e1bado, dia 06 de setembro, tendo como local o pavilh\u00e3o cat\u00f3lico, a Associa\u00e7\u00e3o Coral de Ipor\u00e3 do Oeste realiza uma programa\u00e7\u00e3o especial em comemora\u00e7\u00e3o aos 36 da sua funda\u00e7\u00e3o. O evento inicia \u00e0s 15h com a recep\u00e7\u00e3o dos corais participantes. Logo ap\u00f3s o momento de reflex\u00e3o e ben\u00e7\u00e3o inicia o rod\u00edzio de apresenta\u00e7\u00f5es dos corais e o canto coletivo. \u00c0s 20h ser\u00e1 servida a janta.<\/p>\n\n\n\n<p>Conforme a presidente da Associa\u00e7\u00e3o, Lori Dill, o coral municipal foi criado h\u00e1 36 anos para enraizar a cultura local. Ap\u00f3s alguns anos, com o prop\u00f3sito de manter a arte do canto Coral, bem como ampliar a capta\u00e7\u00e3o de recursos para manter a institui\u00e7\u00e3o, foi criada a Associa\u00e7\u00e3o Coral de Ipor\u00e3 do Oeste.<\/p>\n\n\n\n<p>O maestro do coral \u00e9 Luis Sehn, e no momento s\u00e3o 38 cantores ativos, destes, cinco s\u00e3o s\u00f3cios fundadores, sendo eles Lu\u00eds Sehn, que iniciou como cantor e hoje \u00e9 o maestro, Vilma Breunig, Silv\u00e9rio Ruschel, Eni Ammon e dona Maria Preuss que \u00e9 a cantora mais experiente com 88 anos de vida. O coral se encontra semanalmente para os ensaios.<\/p>\n\n\n\n<p>Lori destaca que mensalmente o coral anima a celebra\u00e7\u00e3o na igreja matriz Nossa Senhora das Merc\u00eas, tamb\u00e9m participa de encontros de integra\u00e7\u00e3o locais e regionais, bem como dos encontros da Liga da Fronteira. &nbsp;O repert\u00f3rio da Associa\u00e7\u00e3o Coral \u00e9 composto por m\u00fasicas sacras, folcl\u00f3ricas, tradicionalistas e populares em diversos Idiomas. \u201c<em>Al\u00e9m de cantar, os coralistas fortalecem o v\u00ednculo de amizade, companheirismo e entretenimento. A programa\u00e7\u00e3o dia 06 ser\u00e1 uma oportunidade para compartilhar nossa paix\u00e3o pelo canto coral, fortalecer la\u00e7os de amizade e celebrar a vida. Esperamos a todos os interessados em participar e prestigiar\u201d, <\/em>convida a presidente da Associa\u00e7\u00e3o Coral.<\/p>\n\n\n","protected":false},"excerpt":{"rendered":"<p>Neste s\u00e1bado, dia 06 de setembro, tendo como local o pavilh\u00e3o cat\u00f3lico, a Associa\u00e7\u00e3o Coral de Ipor\u00e3 do Oeste realiza uma programa\u00e7\u00e3o especial em comemora\u00e7\u00e3o aos 36 da sua funda\u00e7\u00e3o. O evento inicia \u00e0s 15h com a recep\u00e7\u00e3o dos corais participantes. Logo ap\u00f3s o momento de reflex\u00e3o e ben\u00e7\u00e3o inicia o rod\u00edzio de apresenta\u00e7\u00f5es dos<\/p>\n","protected":false},"author":1,"featured_media":7486,"comment_status":"open","ping_status":"open","sticky":false,"template":"","format":"standard","meta":{"footnotes":""},"categories":[41],"tags":[],"class_list":{"0":"post-7485","1":"post","2":"type-post","3":"status-publish","4":"format-standard","5":"has-post-thumbnail","7":"category-noticias"},"_links":{"self":[{"href":"https:\/\/noticiarioregional.com.br\/index.php?rest_route=\/wp\/v2\/posts\/7485","targetHints":{"allow":["GET"]}}],"collection":[{"href":"https:\/\/noticiarioregional.com.br\/index.php?rest_route=\/wp\/v2\/posts"}],"about":[{"href":"https:\/\/noticiarioregional.com.br\/index.php?rest_route=\/wp\/v2\/types\/post"}],"author":[{"embeddable":true,"href":"https:\/\/noticiarioregional.com.br\/index.php?rest_route=\/wp\/v2\/users\/1"}],"replies":[{"embeddable":true,"href":"https:\/\/noticiarioregional.com.br\/index.php?rest_route=%2Fwp%2Fv2%2Fcomments&post=7485"}],"version-history":[{"count":1,"href":"https:\/\/noticiarioregional.com.br\/index.php?rest_route=\/wp\/v2\/posts\/7485\/revisions"}],"predecessor-version":[{"id":7487,"href":"https:\/\/noticiarioregional.com.br\/index.php?rest_route=\/wp\/v2\/posts\/7485\/revisions\/7487"}],"wp:featuredmedia":[{"embeddable":true,"href":"https:\/\/noticiarioregional.com.br\/index.php?rest_route=\/wp\/v2\/media\/7486"}],"wp:attachment":[{"href":"https:\/\/noticiarioregional.com.br\/index.php?rest_route=%2Fwp%2Fv2%2Fmedia&parent=7485"}],"wp:term":[{"taxonomy":"category","embeddable":true,"href":"https:\/\/noticiarioregional.com.br\/index.php?rest_route=%2Fwp%2Fv2%2Fcategories&post=7485"},{"taxonomy":"post_tag","embeddable":true,"href":"https:\/\/noticiarioregional.com.br\/index.php?rest_route=%2Fwp%2Fv2%2Ftags&post=7485"}],"curies":[{"name":"wp","href":"https:\/\/api.w.org\/{rel}","templated":true}]}}