{"id":7492,"date":"2025-09-05T09:00:48","date_gmt":"2025-09-05T12:00:48","guid":{"rendered":"https:\/\/noticiarioregional.com.br\/?p=7492"},"modified":"2025-09-04T09:03:58","modified_gmt":"2025-09-04T12:03:58","slug":"culturas-de-inverno-e-sua-importancia-para-a-produtividade-no-verao","status":"publish","type":"post","link":"https:\/\/noticiarioregional.com.br\/?p=7492","title":{"rendered":"Culturas de inverno e sua import\u00e2ncia para a produtividade no ver\u00e3o"},"content":{"rendered":"\n<p><strong>Coopafasjo e Epagri orientam sobre manejos de cobertura verde para preserva\u00e7\u00e3o do solo e melhora nos resultados da lavoura<\/strong><\/p>\n\n\n\n<p>Na \u00e1rea localizada ao lado da Cooperativa Mista da Agricultura Familiar, Coopafasjo, onde durante o ano \u00e9 feito o cultivo de culturas como o milho, no momento, aproveitando o per\u00edodo de inverno, est\u00e3o plantas de cobertura verde para recupera\u00e7\u00e3o e fortalecimento do solo. Neste espa\u00e7o, a cooperativa, em parceria com a Epagri, realizou recentemente um dia de campo sobre manejos de plantas de cobertura de inverno, pastagens anuais de inverno e preparo do solo para plantio de milho e soja.<\/p>\n\n\n\n<p>O gestor da Coopafasjo, Dirceu Babick, ressalta que o objetivo da cooperativa com a aquisi\u00e7\u00e3o desta \u00e1rea onde foi implantado o campo tecnol\u00f3gico \u00e9 testar as tecnologias oferecidas aos associados, tamb\u00e9m fazer as demonstra\u00e7\u00f5es, trazendo conhecimento e maior clareza aos produtores referente aos manejos que executam. O gestor da Coopafasjo lembra que anteriormente as \u00e1reas de experimento eram realizadas nas lavouras dos produtores, mas avalia que a propriedade n\u00e3o pode mais servir para testes, pois precisa ser assertiva na produ\u00e7\u00e3o. Para isso, avalia importante a parceria com a Epagri, no repasse das orienta\u00e7\u00f5es e a pr\u00e1tica a campo.<\/p>\n\n\n\n<p>O extensionista da Epagri, Marcelo Rohden, destaca que nesta \u00e1rea est\u00e3o cultivadas quatro variedades de cobertura: nabo forrageiro, centeio, aveia e ervilhaca. Marcelo explica as caracter\u00edsticas e os benef\u00edcios que cada planta gera ao solo, e consequentemente a produtividade das culturas. O nabo forrageiro possui r\u00e1pida decomposi\u00e7\u00e3o e da mesma forma libera rapidamente os nutrientes para a cultura, seja milho ou soja. Por ter uma raiz pivotante, que cresce em profundidade, o nabo tem a fun\u00e7\u00e3o de descompactar o solo. Outra planta de cobertura, centeio, possui uma quantidade significativa de biomassa e uma palhada que fica por mais tempo no solo. Essa palhada protege o solo da chuva, da eros\u00e3o e contribui para conservar a umidade. A aveia preta da mesma forma tem alta produ\u00e7\u00e3o de biomassa, e por ser uma gram\u00ednea, possui ra\u00edzes superficiais e mais finas e uma boa palhada para a prote\u00e7\u00e3o do solo por mais tempo. E ainda, presente na \u00e1rea a ervilhaca, uma leguminosa que possui papel importante na fixa\u00e7\u00e3o biol\u00f3gica de nitrog\u00eanio, contribuindo para a qualidade do solo e economia na aduba\u00e7\u00e3o, principalmente a nitrogenada.<\/p>\n\n\n\n<p>Conforme o extensionista, algumas plantas de cobertura t\u00eam desenvolvimento tardio, a exemplo das leguminosas que se desenvolvem melhor em temperaturas mais altas, e por isso, o produtor deve observar com quais plantas far\u00e1 a cobertura verde. O produtor encontra mix de sementes j\u00e1 prontas que especificam o per\u00edodo de cultivo. O gestor da cooperativa destaca que na \u00e1rea onde hoje est\u00e1 sendo feita a cobertura verde ser\u00e1 plantado milho, a partir da metade de setembro.<\/p>\n\n\n\n<p>As quatro variedades, de forma conjunta, trazem como benef\u00edcio principal a cobertura do solo protegendo contra chuvas torrenciais. O extensionista ressalta que um solo desprotegido tem grande perda de fertilidade, e por isso, a cobertura protege a terra da eros\u00e3o e promove a chamada reciclagem de nutrientes, trazendo nutrientes que est\u00e3o no fundo para a camada superficial do solo. Al\u00e9m disso, plantas de cobertura contribuem para fazer o ciclo biol\u00f3gico completo dos nutrientes necess\u00e1rios. Marcelo chama aten\u00e7\u00e3o que em S\u00e3o Jo\u00e3o do Oeste, cerca de 80% das \u00e1reas de milho s\u00e3o destinadas para produ\u00e7\u00e3o de silagem, e a cobertura de inverno \u00e9 importante para garantir a biomassa nas lavouras onde a vegeta\u00e7\u00e3o \u00e9 cortada no per\u00edodo de ver\u00e3o. <em>\u201cSeja para cultura anual ou perene, as culturas de inverno s\u00e3o extremamente importantes para firmar a produtividade no ver\u00e3o\u201d,<\/em> enfatiza Marcelo.<\/p>\n\n\n\n<p>A Epagri realizou na \u00faltima semana a avalia\u00e7\u00e3o da produtividade das plantas de cobertura da \u00e1rea demonstrativa, coletando amostras para an\u00e1lise com o objetivo de identificar a produtividade de palhada e a quantidade de nutrientes. O extensionista Marcelo explica que a produtividade de mat\u00e9ria seca das plantas de cobertura varia conforme as esp\u00e9cies. Na mistura de esp\u00e9cies, ou mix, com maior propor\u00e7\u00e3o de gram\u00edneas, incluindo centeio, a produtividade foi de 7.021 kg de mat\u00e9ria seca\/hectare. No mix com gram\u00edneas, em maior propor\u00e7\u00e3o de nabo e presen\u00e7a de ervilhaca, a produtividade foi de 6.685 kg de mat\u00e9ria seca\/hectare. J\u00e1 no cultivo de nabo solteiro (forrageiro e tuberoso) a produtividade amostrada foi 6.195 kg de mat\u00e9ria seca\/hectare.<\/p>\n\n\n\n<p>Al\u00e9m da produ\u00e7\u00e3o de volumoso que vai proteger o solo e alimentar os microrganismos ben\u00e9ficos as culturas de ver\u00e3o, Marcelo comenta que as plantas de cobertura tem a capacidade de reciclar os nutrientes que ser\u00e3o utilizados pelas culturas comerciais, a exemplo do pot\u00e1ssio, onde uma cobertura vigorosa pode reciclar mais de 100 quilos do nutriente por hectare.<\/p>\n\n\n\n<p>Ainda sobre o momento ideal da derrubada das plantas de cobertura, Marcelo orienta que seja feito quando as plantas estiverem em est\u00e1gio reprodutivo, ou seja, ap\u00f3s a flora\u00e7\u00e3o e na fase de sementes. O extensionista lembra que n\u00e3o \u00e9 necess\u00e1rio terminar com a palhada para plantar, pois sua fun\u00e7\u00e3o \u00e9 justamente proteger o solo.<\/p>\n\n\n\n<figure class=\"wp-block-gallery has-nested-images columns-default is-cropped wp-block-gallery-1 is-layout-flex wp-block-gallery-is-layout-flex\">\n<figure class=\"wp-block-image size-large\"><img fetchpriority=\"high\" decoding=\"async\" width=\"1024\" height=\"683\" data-id=\"7499\" src=\"https:\/\/noticiarioregional.com.br\/wp-content\/uploads\/2025\/09\/IMG_9674-1-1024x683.jpg\" alt=\"\" class=\"wp-image-7499\" srcset=\"https:\/\/noticiarioregional.com.br\/wp-content\/uploads\/2025\/09\/IMG_9674-1-1024x683.jpg 1024w, https:\/\/noticiarioregional.com.br\/wp-content\/uploads\/2025\/09\/IMG_9674-1-300x200.jpg 300w, https:\/\/noticiarioregional.com.br\/wp-content\/uploads\/2025\/09\/IMG_9674-1-768x512.jpg 768w, https:\/\/noticiarioregional.com.br\/wp-content\/uploads\/2025\/09\/IMG_9674-1-1536x1024.jpg 1536w, https:\/\/noticiarioregional.com.br\/wp-content\/uploads\/2025\/09\/IMG_9674-1-2048x1365.jpg 2048w, https:\/\/noticiarioregional.com.br\/wp-content\/uploads\/2025\/09\/IMG_9674-1-150x100.jpg 150w, https:\/\/noticiarioregional.com.br\/wp-content\/uploads\/2025\/09\/IMG_9674-1-450x300.jpg 450w, https:\/\/noticiarioregional.com.br\/wp-content\/uploads\/2025\/09\/IMG_9674-1-1200x800.jpg 1200w\" sizes=\"(max-width: 1024px) 100vw, 1024px\" \/><\/figure>\n\n\n\n<figure class=\"wp-block-image size-large\"><img decoding=\"async\" width=\"1024\" height=\"683\" data-id=\"7498\" src=\"https:\/\/noticiarioregional.com.br\/wp-content\/uploads\/2025\/09\/IMG_9683-1-1024x683.jpg\" alt=\"\" class=\"wp-image-7498\" srcset=\"https:\/\/noticiarioregional.com.br\/wp-content\/uploads\/2025\/09\/IMG_9683-1-1024x683.jpg 1024w, https:\/\/noticiarioregional.com.br\/wp-content\/uploads\/2025\/09\/IMG_9683-1-300x200.jpg 300w, https:\/\/noticiarioregional.com.br\/wp-content\/uploads\/2025\/09\/IMG_9683-1-768x512.jpg 768w, https:\/\/noticiarioregional.com.br\/wp-content\/uploads\/2025\/09\/IMG_9683-1-1536x1024.jpg 1536w, https:\/\/noticiarioregional.com.br\/wp-content\/uploads\/2025\/09\/IMG_9683-1-2048x1365.jpg 2048w, https:\/\/noticiarioregional.com.br\/wp-content\/uploads\/2025\/09\/IMG_9683-1-150x100.jpg 150w, https:\/\/noticiarioregional.com.br\/wp-content\/uploads\/2025\/09\/IMG_9683-1-450x300.jpg 450w, https:\/\/noticiarioregional.com.br\/wp-content\/uploads\/2025\/09\/IMG_9683-1-1200x800.jpg 1200w\" sizes=\"(max-width: 1024px) 100vw, 1024px\" \/><\/figure>\n\n\n\n<figure class=\"wp-block-image size-large\"><img decoding=\"async\" width=\"1024\" height=\"683\" data-id=\"7497\" src=\"https:\/\/noticiarioregional.com.br\/wp-content\/uploads\/2025\/09\/O-gestor-da-cooperativa-e-o-extensionista-da-Epagri-ressaltam-importancia-da-parceria-para-levar-conhecimento-aos-produtores-1-1024x683.jpg\" alt=\"\" class=\"wp-image-7497\" srcset=\"https:\/\/noticiarioregional.com.br\/wp-content\/uploads\/2025\/09\/O-gestor-da-cooperativa-e-o-extensionista-da-Epagri-ressaltam-importancia-da-parceria-para-levar-conhecimento-aos-produtores-1-1024x683.jpg 1024w, https:\/\/noticiarioregional.com.br\/wp-content\/uploads\/2025\/09\/O-gestor-da-cooperativa-e-o-extensionista-da-Epagri-ressaltam-importancia-da-parceria-para-levar-conhecimento-aos-produtores-1-300x200.jpg 300w, https:\/\/noticiarioregional.com.br\/wp-content\/uploads\/2025\/09\/O-gestor-da-cooperativa-e-o-extensionista-da-Epagri-ressaltam-importancia-da-parceria-para-levar-conhecimento-aos-produtores-1-768x512.jpg 768w, https:\/\/noticiarioregional.com.br\/wp-content\/uploads\/2025\/09\/O-gestor-da-cooperativa-e-o-extensionista-da-Epagri-ressaltam-importancia-da-parceria-para-levar-conhecimento-aos-produtores-1-1536x1024.jpg 1536w, https:\/\/noticiarioregional.com.br\/wp-content\/uploads\/2025\/09\/O-gestor-da-cooperativa-e-o-extensionista-da-Epagri-ressaltam-importancia-da-parceria-para-levar-conhecimento-aos-produtores-1-2048x1365.jpg 2048w, https:\/\/noticiarioregional.com.br\/wp-content\/uploads\/2025\/09\/O-gestor-da-cooperativa-e-o-extensionista-da-Epagri-ressaltam-importancia-da-parceria-para-levar-conhecimento-aos-produtores-1-150x100.jpg 150w, https:\/\/noticiarioregional.com.br\/wp-content\/uploads\/2025\/09\/O-gestor-da-cooperativa-e-o-extensionista-da-Epagri-ressaltam-importancia-da-parceria-para-levar-conhecimento-aos-produtores-1-450x300.jpg 450w, https:\/\/noticiarioregional.com.br\/wp-content\/uploads\/2025\/09\/O-gestor-da-cooperativa-e-o-extensionista-da-Epagri-ressaltam-importancia-da-parceria-para-levar-conhecimento-aos-produtores-1-1200x800.jpg 1200w\" sizes=\"(max-width: 1024px) 100vw, 1024px\" \/><\/figure>\n<\/figure>\n","protected":false},"excerpt":{"rendered":"<p>Coopafasjo e Epagri orientam sobre manejos de cobertura verde para preserva\u00e7\u00e3o do solo e melhora nos resultados da lavoura Na \u00e1rea localizada ao lado da Cooperativa Mista da Agricultura Familiar, Coopafasjo, onde durante o ano \u00e9 feito o cultivo de culturas como o milho, no momento, aproveitando o per\u00edodo de inverno, est\u00e3o plantas de cobertura<\/p>\n","protected":false},"author":1,"featured_media":7494,"comment_status":"open","ping_status":"open","sticky":false,"template":"","format":"standard","meta":{"footnotes":""},"categories":[41],"tags":[],"class_list":{"0":"post-7492","1":"post","2":"type-post","3":"status-publish","4":"format-standard","5":"has-post-thumbnail","7":"category-noticias"},"_links":{"self":[{"href":"https:\/\/noticiarioregional.com.br\/index.php?rest_route=\/wp\/v2\/posts\/7492","targetHints":{"allow":["GET"]}}],"collection":[{"href":"https:\/\/noticiarioregional.com.br\/index.php?rest_route=\/wp\/v2\/posts"}],"about":[{"href":"https:\/\/noticiarioregional.com.br\/index.php?rest_route=\/wp\/v2\/types\/post"}],"author":[{"embeddable":true,"href":"https:\/\/noticiarioregional.com.br\/index.php?rest_route=\/wp\/v2\/users\/1"}],"replies":[{"embeddable":true,"href":"https:\/\/noticiarioregional.com.br\/index.php?rest_route=%2Fwp%2Fv2%2Fcomments&post=7492"}],"version-history":[{"count":1,"href":"https:\/\/noticiarioregional.com.br\/index.php?rest_route=\/wp\/v2\/posts\/7492\/revisions"}],"predecessor-version":[{"id":7500,"href":"https:\/\/noticiarioregional.com.br\/index.php?rest_route=\/wp\/v2\/posts\/7492\/revisions\/7500"}],"wp:featuredmedia":[{"embeddable":true,"href":"https:\/\/noticiarioregional.com.br\/index.php?rest_route=\/wp\/v2\/media\/7494"}],"wp:attachment":[{"href":"https:\/\/noticiarioregional.com.br\/index.php?rest_route=%2Fwp%2Fv2%2Fmedia&parent=7492"}],"wp:term":[{"taxonomy":"category","embeddable":true,"href":"https:\/\/noticiarioregional.com.br\/index.php?rest_route=%2Fwp%2Fv2%2Fcategories&post=7492"},{"taxonomy":"post_tag","embeddable":true,"href":"https:\/\/noticiarioregional.com.br\/index.php?rest_route=%2Fwp%2Fv2%2Ftags&post=7492"}],"curies":[{"name":"wp","href":"https:\/\/api.w.org\/{rel}","templated":true}]}}