{"id":7493,"date":"2025-09-04T09:04:51","date_gmt":"2025-09-04T12:04:51","guid":{"rendered":"https:\/\/noticiarioregional.com.br\/?p=7493"},"modified":"2025-09-04T09:04:52","modified_gmt":"2025-09-04T12:04:52","slug":"secretaria-de-saude-de-mondai-com-foco-em-zerar-filas-de-fisioterapia","status":"publish","type":"post","link":"https:\/\/noticiarioregional.com.br\/?p=7493","title":{"rendered":"Secretaria de Sa\u00fade de Monda\u00ed com foco em zerar filas de fisioterapia"},"content":{"rendered":"\n<p><strong>Monda\u00ed &#8211;<\/strong> A Secretaria Municipal de Sa\u00fade de Monda\u00ed est\u00e1 em busca de um marco importante no atendimento \u00e0 popula\u00e7\u00e3o: a elimina\u00e7\u00e3o das filas para os servi\u00e7os de fisioterapia. Entre os dias 1\u00ba de junho e 31 de julho, foram realizadas 1.841 sess\u00f5es, com um investimento total de R$ 65.484,70 por parte da administra\u00e7\u00e3o municipal.<\/p>\n\n\n\n<p>Foram quatro fisioterapeutas credenciados que realizaram os atendimentos e recentemente mais um profissional realizou o credenciamento, totalizando cinco profissionais que est\u00e3o \u00e0 disposi\u00e7\u00e3o para atender a demanda na Unidade B\u00e1sica de Sa\u00fade. O trabalho tem garantido um fluxo cont\u00ednuo de atendimento, evitando ac\u00famulo de pacientes e proporcionando mais agilidade na recupera\u00e7\u00e3o e bem-estar da comunidade.<\/p>\n\n\n\n<p>O secret\u00e1rio municipal de Sa\u00fade, Jullian Ludke, destacou que este resultado \u00e9 fruto de planejamento e prioriza\u00e7\u00e3o da sa\u00fade p\u00fablica. Relata que a fila, anteriormente, contava com pacientes em espera h\u00e1 mais de 11 meses, e atualmente, os pacientes que se encontram na fila, s\u00e3o dos encaminhamentos mais recentes. \u201c<em>A grande diminui\u00e7\u00e3o dessa fila de fisioterapia \u00e9 motivo de orgulho para toda a equipe. Sabemos que esse \u00e9 um servi\u00e7o essencial para a recupera\u00e7\u00e3o de pacientes ap\u00f3s acidentes, cirurgias ou no tratamento de doen\u00e7as cr\u00f4nicas. Manter um volume grande de sess\u00f5es mensais mostra o nosso compromisso com a necessidade da nossa popula\u00e7\u00e3o<\/em>\u201d.<\/p>\n\n\n\n<p>O prefeito Elizandro Mainardi tamb\u00e9m celebra e refor\u00e7ou o empenho da gest\u00e3o em manter os servi\u00e7os de sa\u00fade cada vez mais pr\u00f3ximos dos cidad\u00e3os: \u201c<em>Esse \u00e9 um exemplo claro de que a administra\u00e7\u00e3o municipal est\u00e1 atenta \u00e0s demandas do povo. Investimos recursos importantes para garantir que ningu\u00e9m precise esperar meses por um atendimento de fisioterapia. Sa\u00fade \u00e9 prioridade, e continuaremos ampliando a\u00e7\u00f5es que tragam mais qualidade de vida para os mondaienses<\/em>\u201d.<\/p>\n\n\n\n<p><strong> <\/strong><strong>Outra a\u00e7\u00e3o de destaque<\/strong><\/p>\n\n\n\n<p>A Secretaria Municipal de Sa\u00fade tamb\u00e9m iniciou, neste m\u00eas, a intensifica\u00e7\u00e3o da vacina\u00e7\u00e3o contra o sarampo (triviral), seguindo orienta\u00e7\u00e3o da Secretaria Estadual de Sa\u00fade de Santa Catarina. A medida busca refor\u00e7ar a prote\u00e7\u00e3o da popula\u00e7\u00e3o diante do aumento de casos da doen\u00e7a em pa\u00edses das Am\u00e9ricas e da confirma\u00e7\u00e3o de casos importados no Brasil.<\/p>\n\n\n\n<p>O sarampo \u00e9 uma doen\u00e7a altamente contagiosa, com risco de complica\u00e7\u00f5es graves, como pneumonia, encefalite e at\u00e9 morte. A vacina\u00e7\u00e3o \u00e9 a principal forma de preven\u00e7\u00e3o. Em Monda\u00ed, equipes da sa\u00fade ir\u00e3o se deslocar at\u00e9 ind\u00fastrias, com\u00e9rcios e servi\u00e7os entre agosto e dezembro, para vacinar trabalhadores que ainda n\u00e3o receberam a dose ou n\u00e3o possuem comprova\u00e7\u00e3o.<\/p>\n\n\n\n<p>A Secretaria de Sa\u00fade pede que os trabalhadores colaborem levando a caderneta de vacina\u00e7\u00e3o no dia agendado para a aplica\u00e7\u00e3o.<\/p>\n","protected":false},"excerpt":{"rendered":"<p>Monda\u00ed &#8211; A Secretaria Municipal de Sa\u00fade de Monda\u00ed est\u00e1 em busca de um marco importante no atendimento \u00e0 popula\u00e7\u00e3o: a elimina\u00e7\u00e3o das filas para os servi\u00e7os de fisioterapia. Entre os dias 1\u00ba de junho e 31 de julho, foram realizadas 1.841 sess\u00f5es, com um investimento total de R$ 65.484,70 por parte da administra\u00e7\u00e3o municipal.<\/p>\n","protected":false},"author":1,"featured_media":7501,"comment_status":"open","ping_status":"open","sticky":false,"template":"","format":"standard","meta":{"footnotes":""},"categories":[41],"tags":[],"class_list":{"0":"post-7493","1":"post","2":"type-post","3":"status-publish","4":"format-standard","5":"has-post-thumbnail","7":"category-noticias"},"_links":{"self":[{"href":"https:\/\/noticiarioregional.com.br\/index.php?rest_route=\/wp\/v2\/posts\/7493","targetHints":{"allow":["GET"]}}],"collection":[{"href":"https:\/\/noticiarioregional.com.br\/index.php?rest_route=\/wp\/v2\/posts"}],"about":[{"href":"https:\/\/noticiarioregional.com.br\/index.php?rest_route=\/wp\/v2\/types\/post"}],"author":[{"embeddable":true,"href":"https:\/\/noticiarioregional.com.br\/index.php?rest_route=\/wp\/v2\/users\/1"}],"replies":[{"embeddable":true,"href":"https:\/\/noticiarioregional.com.br\/index.php?rest_route=%2Fwp%2Fv2%2Fcomments&post=7493"}],"version-history":[{"count":1,"href":"https:\/\/noticiarioregional.com.br\/index.php?rest_route=\/wp\/v2\/posts\/7493\/revisions"}],"predecessor-version":[{"id":7502,"href":"https:\/\/noticiarioregional.com.br\/index.php?rest_route=\/wp\/v2\/posts\/7493\/revisions\/7502"}],"wp:featuredmedia":[{"embeddable":true,"href":"https:\/\/noticiarioregional.com.br\/index.php?rest_route=\/wp\/v2\/media\/7501"}],"wp:attachment":[{"href":"https:\/\/noticiarioregional.com.br\/index.php?rest_route=%2Fwp%2Fv2%2Fmedia&parent=7493"}],"wp:term":[{"taxonomy":"category","embeddable":true,"href":"https:\/\/noticiarioregional.com.br\/index.php?rest_route=%2Fwp%2Fv2%2Fcategories&post=7493"},{"taxonomy":"post_tag","embeddable":true,"href":"https:\/\/noticiarioregional.com.br\/index.php?rest_route=%2Fwp%2Fv2%2Ftags&post=7493"}],"curies":[{"name":"wp","href":"https:\/\/api.w.org\/{rel}","templated":true}]}}