{"id":7503,"date":"2025-09-04T09:07:05","date_gmt":"2025-09-04T12:07:05","guid":{"rendered":"https:\/\/noticiarioregional.com.br\/?p=7503"},"modified":"2025-09-04T09:07:07","modified_gmt":"2025-09-04T12:07:07","slug":"inicio-do-plantio-do-fumo-traz-expectativas-e-incertezas-para-a-safra","status":"publish","type":"post","link":"https:\/\/noticiarioregional.com.br\/?p=7503","title":{"rendered":"In\u00edcio do plantio do fumo traz expectativas e incertezas para a safra"},"content":{"rendered":"\n<p><strong>Riqueza &#8211;<\/strong> No dia 25 de julho iniciou-se oficialmente o plantio do fumo na propriedade do jovem produtor Giovani Stein, de 28 anos, residente na comunidade de Linha Tr\u00eas Forquilhas. Nesta safra, Stein aposta em 70 mil p\u00e9s de fumo, distribu\u00eddos em aproximadamente quatro hectares, contemplando as variedades Comunista, Burlei e Comum.<\/p>\n\n\n\n<p>O ciclo do fumo, segundo o produtor, leva em torno de 70 a 80 dias at\u00e9 o desponte, seguido de mais 40 dias at\u00e9 a colheita final, completando em m\u00e9dia 100 dias de desenvolvimento na lavoura. Apesar da experi\u00eancia acumulada na fam\u00edlia, que j\u00e1 cultiva fumo h\u00e1 anos, Giovani destaca que as expectativas para a safra 2025 ainda s\u00e3o cercadas de d\u00favidas. <em>\u201cNa verdade, os instrutores n\u00e3o dizem nada. Vai depender de tudo da safra. Se vai produzir bem em todas as regi\u00f5es, acho que mant\u00e9m. Mas se tiver quebra, perdas ou algum problema, j\u00e1 muda\u201d<\/em>, avalia.<\/p>\n\n\n\n<p>Giovani tamb\u00e9m avalia os impactos das geadas registradas recentemente no Rio Grande do Sul e Paran\u00e1, que atingiram \u00e1reas onde parte das lavouras j\u00e1 estava implantadas. Segundo ele, esses eventos clim\u00e1ticos devem reduzir a oferta geral de fumo no mercado. <em>\u201cEu acredito que vai dar uma perda por causa dessas geadas. No Rio Grande j\u00e1 perdeu bastante. Vai produzir, mas menos. Ent\u00e3o, \u00e9 menos fumo no mercado, e vai ter que valorizar\u201d<\/em>, afirmou.<\/p>\n\n\n\n<p>A expectativa de colheita \u00e9 de cerca de 170 arrobas por hectare, considerando uma m\u00e9dia de 10 arrobas para cada mil p\u00e9s de fumo. Apesar disso, Stein reconhece que a grande quantidade plantada pode dificultar a manuten\u00e7\u00e3o do manejo no tempo ideal. <em>\u201cSe fosse plantar 15, 20 ou 30 mil p\u00e9s, poderia colher 12 ou 13 arrobas por mil. Mas quando \u00e9 muito, \u00e0s vezes n\u00e3o d\u00e1 pra atender na hora certa. Ent\u00e3o, se colher 10 por mil, est\u00e1 bom\u201d<\/em>, avaliou.<\/p>\n\n\n\n<p>Quanto aos custos de produ\u00e7\u00e3o, Giovani destaca que os insumos permaneceram est\u00e1veis em rela\u00e7\u00e3o \u00e0s safras anteriores. <em>\u201cNa verdade, o custo est\u00e1 igual, j\u00e1 uns tr\u00eas anos. Teve um aumento nos adubos, depois caiu um pouco, mas est\u00e1 mais ou menos a mesma coisa\u201d<\/em>, explicou.<\/p>\n\n\n\n<p>Sobre o pre\u00e7o, o produtor lembra que a cota\u00e7\u00e3o do fumo teve oscila\u00e7\u00f5es na \u00faltima safra, mas se manteve atrativa para o agricultor. <em>\u201cAno passado o pre\u00e7o estava bom. Se ficar em 250, estaria \u00f3timo. A expectativa \u00e9 que, pelo menos, ultrapasse os 200 esse ano\u201d<\/em>, disse.<\/p>\n\n\n\n<p>O manejo da lavoura segue em andamento. Stein relata que j\u00e1 iniciou a aplica\u00e7\u00e3o de ureia e que ainda dever\u00e1 repetir o procedimento mais duas vezes, al\u00e9m de realizar outros tratamentos contra pragas. <em>\u201cOs bichinhos a gente vai ter que ver como \u00e9 que v\u00e3o morder. Fiz tratamento h\u00e1 uns 15 dias, mas j\u00e1 come\u00e7a a vir de novo\u201d<\/em>, relatou.<\/p>\n\n\n\n<p>O fator clim\u00e1tico tamb\u00e9m preocupa o produtor. O fumo, segundo ele, exige calor e estabilidade para se desenvolver bem. <em>\u201cEle gosta de calor. Esses dias estava parado, porque esfriou bastante e a terra ficou gelada. Agora est\u00e1 esquentando, mas de noite ainda \u00e9 frio. Acredito que esses sejam os \u00faltimos frios que estamos enfrentando\u201d<\/em>, completou.<\/p>\n\n\n\n<p>O trabalho de Giovani com o fumo faz parte da sucess\u00e3o familiar. O pai j\u00e1 cultivava a planta e, ap\u00f3s um per\u00edodo de pausa, a fam\u00edlia retomou a atividade. Hoje, a m\u00e3o de obra na propriedade \u00e9 essencialmente familiar, sendo de Giovani e sua companheira Ta\u00eds Buss, seus pais e seu irm\u00e3o.<\/p>\n","protected":false},"excerpt":{"rendered":"<p>Riqueza &#8211; No dia 25 de julho iniciou-se oficialmente o plantio do fumo na propriedade do jovem produtor Giovani Stein, de 28 anos, residente na comunidade de Linha Tr\u00eas Forquilhas. Nesta safra, Stein aposta em 70 mil p\u00e9s de fumo, distribu\u00eddos em aproximadamente quatro hectares, contemplando as variedades Comunista, Burlei e Comum. O ciclo do<\/p>\n","protected":false},"author":1,"featured_media":7504,"comment_status":"open","ping_status":"open","sticky":false,"template":"","format":"standard","meta":{"footnotes":""},"categories":[41],"tags":[],"class_list":{"0":"post-7503","1":"post","2":"type-post","3":"status-publish","4":"format-standard","5":"has-post-thumbnail","7":"category-noticias"},"_links":{"self":[{"href":"https:\/\/noticiarioregional.com.br\/index.php?rest_route=\/wp\/v2\/posts\/7503","targetHints":{"allow":["GET"]}}],"collection":[{"href":"https:\/\/noticiarioregional.com.br\/index.php?rest_route=\/wp\/v2\/posts"}],"about":[{"href":"https:\/\/noticiarioregional.com.br\/index.php?rest_route=\/wp\/v2\/types\/post"}],"author":[{"embeddable":true,"href":"https:\/\/noticiarioregional.com.br\/index.php?rest_route=\/wp\/v2\/users\/1"}],"replies":[{"embeddable":true,"href":"https:\/\/noticiarioregional.com.br\/index.php?rest_route=%2Fwp%2Fv2%2Fcomments&post=7503"}],"version-history":[{"count":1,"href":"https:\/\/noticiarioregional.com.br\/index.php?rest_route=\/wp\/v2\/posts\/7503\/revisions"}],"predecessor-version":[{"id":7505,"href":"https:\/\/noticiarioregional.com.br\/index.php?rest_route=\/wp\/v2\/posts\/7503\/revisions\/7505"}],"wp:featuredmedia":[{"embeddable":true,"href":"https:\/\/noticiarioregional.com.br\/index.php?rest_route=\/wp\/v2\/media\/7504"}],"wp:attachment":[{"href":"https:\/\/noticiarioregional.com.br\/index.php?rest_route=%2Fwp%2Fv2%2Fmedia&parent=7503"}],"wp:term":[{"taxonomy":"category","embeddable":true,"href":"https:\/\/noticiarioregional.com.br\/index.php?rest_route=%2Fwp%2Fv2%2Fcategories&post=7503"},{"taxonomy":"post_tag","embeddable":true,"href":"https:\/\/noticiarioregional.com.br\/index.php?rest_route=%2Fwp%2Fv2%2Ftags&post=7503"}],"curies":[{"name":"wp","href":"https:\/\/api.w.org\/{rel}","templated":true}]}}