{"id":7506,"date":"2025-09-05T13:08:00","date_gmt":"2025-09-05T16:08:00","guid":{"rendered":"https:\/\/noticiarioregional.com.br\/?p=7506"},"modified":"2025-09-04T09:09:51","modified_gmt":"2025-09-04T12:09:51","slug":"sicredi-raizes-conta-com-nova-gerente-na-agencia-de-mondai","status":"publish","type":"post","link":"https:\/\/noticiarioregional.com.br\/?p=7506","title":{"rendered":"Sicredi Ra\u00edzes conta com nova gerente na ag\u00eancia de Monda\u00ed"},"content":{"rendered":"\n<p><strong>Monda\u00ed &#8211;<\/strong> A ag\u00eancia do Sicredi Ra\u00edzes conta, desde a \u00faltima sexta-feira, dia 8 de agosto, com uma nova gestora \u00e0 frente de sua equipe. Aline Beatriz Dresch, de 29 anos, natural de Campo Novo &#8211; RS, assumiu oficialmente a fun\u00e7\u00e3o de gerente, trazendo consigo uma trajet\u00f3ria s\u00f3lida dentro da institui\u00e7\u00e3o financeira cooperativa.<\/p>\n\n\n\n<p>Com mais de 11 anos de atua\u00e7\u00e3o no Sicredi, Aline iniciou sua carreira em sua cidade natal, Campo Novo, e desde ent\u00e3o passou por diferentes ag\u00eancias, acumulando experi\u00eancia e responsabilidades. Ap\u00f3s atuar em Campo Novo, trabalhou em Palmeira das Miss\u00f5es e, posteriormente, em S\u00e3o Jos\u00e9 das Miss\u00f5es, onde assumiu pela primeira vez o cargo de gerente. Em seguida, esteve \u00e0 frente da ag\u00eancia de S\u00e3o Jo\u00e3o do Oeste, onde permaneceu por um ano e oito meses, at\u00e9 receber o convite para comandar a unidade de Monda\u00ed.<\/p>\n\n\n\n<p>Apesar da mudan\u00e7a recente, a nova gerente destaca que o momento \u00e9 de entusiasmo. \u201c<em>Estou bem feliz com a mudan\u00e7a. Sempre que assumimos um novo desafio d\u00e1 aquele friozinho na barriga, mas a expectativa \u00e9 muito boa. Monda\u00ed tem um potencial excelente, tanto no agro quanto nas ind\u00fastrias, al\u00e9m da pessoa f\u00edsica. Minha meta \u00e9 dar sequ\u00eancia ao trabalho que j\u00e1 vinha sendo feito, com dedica\u00e7\u00e3o e proximidade aos associados<\/em>\u201d, ressalta.<\/p>\n\n\n\n<p>Atualmente, a ag\u00eancia de Monda\u00ed conta com uma equipe de 10 colaboradores, incluindo a nova gerente, e atende 3.408 associados. Para Aline, o compromisso com a transpar\u00eancia e o relacionamento pr\u00f3ximo s\u00e3o pontos centrais de sua atua\u00e7\u00e3o. \u201c<em>O Sicredi tem como miss\u00e3o o compromisso com o associado e com a comunidade, sempre visando o desenvolvimento local. Isso \u00e9 algo que vamos seguir fazendo: trabalhar com transpar\u00eancia e estar pr\u00f3ximos das pessoas, dentro e fora da ag\u00eancia<\/em>\u201d, refor\u00e7a.<\/p>\n\n\n\n<p>Enquanto a cooperativa organiza a sucess\u00e3o de gest\u00e3o em S\u00e3o Jo\u00e3o do Oeste, Aline seguir\u00e1 administrando temporariamente as duas ag\u00eancias. A rotina ser\u00e1 dividida entre os munic\u00edpios: dois dias da semana em S\u00e3o Jo\u00e3o do Oeste e tr\u00eas dias em Monda\u00ed.<\/p>\n","protected":false},"excerpt":{"rendered":"<p>Monda\u00ed &#8211; A ag\u00eancia do Sicredi Ra\u00edzes conta, desde a \u00faltima sexta-feira, dia 8 de agosto, com uma nova gestora \u00e0 frente de sua equipe. Aline Beatriz Dresch, de 29 anos, natural de Campo Novo &#8211; RS, assumiu oficialmente a fun\u00e7\u00e3o de gerente, trazendo consigo uma trajet\u00f3ria s\u00f3lida dentro da institui\u00e7\u00e3o financeira cooperativa. Com mais<\/p>\n","protected":false},"author":1,"featured_media":7507,"comment_status":"open","ping_status":"open","sticky":false,"template":"","format":"standard","meta":{"footnotes":""},"categories":[41],"tags":[],"class_list":{"0":"post-7506","1":"post","2":"type-post","3":"status-publish","4":"format-standard","5":"has-post-thumbnail","7":"category-noticias"},"_links":{"self":[{"href":"https:\/\/noticiarioregional.com.br\/index.php?rest_route=\/wp\/v2\/posts\/7506","targetHints":{"allow":["GET"]}}],"collection":[{"href":"https:\/\/noticiarioregional.com.br\/index.php?rest_route=\/wp\/v2\/posts"}],"about":[{"href":"https:\/\/noticiarioregional.com.br\/index.php?rest_route=\/wp\/v2\/types\/post"}],"author":[{"embeddable":true,"href":"https:\/\/noticiarioregional.com.br\/index.php?rest_route=\/wp\/v2\/users\/1"}],"replies":[{"embeddable":true,"href":"https:\/\/noticiarioregional.com.br\/index.php?rest_route=%2Fwp%2Fv2%2Fcomments&post=7506"}],"version-history":[{"count":1,"href":"https:\/\/noticiarioregional.com.br\/index.php?rest_route=\/wp\/v2\/posts\/7506\/revisions"}],"predecessor-version":[{"id":7508,"href":"https:\/\/noticiarioregional.com.br\/index.php?rest_route=\/wp\/v2\/posts\/7506\/revisions\/7508"}],"wp:featuredmedia":[{"embeddable":true,"href":"https:\/\/noticiarioregional.com.br\/index.php?rest_route=\/wp\/v2\/media\/7507"}],"wp:attachment":[{"href":"https:\/\/noticiarioregional.com.br\/index.php?rest_route=%2Fwp%2Fv2%2Fmedia&parent=7506"}],"wp:term":[{"taxonomy":"category","embeddable":true,"href":"https:\/\/noticiarioregional.com.br\/index.php?rest_route=%2Fwp%2Fv2%2Fcategories&post=7506"},{"taxonomy":"post_tag","embeddable":true,"href":"https:\/\/noticiarioregional.com.br\/index.php?rest_route=%2Fwp%2Fv2%2Ftags&post=7506"}],"curies":[{"name":"wp","href":"https:\/\/api.w.org\/{rel}","templated":true}]}}