{"id":7533,"date":"2025-09-05T09:26:37","date_gmt":"2025-09-05T12:26:37","guid":{"rendered":"https:\/\/noticiarioregional.com.br\/?p=7533"},"modified":"2025-09-05T09:26:38","modified_gmt":"2025-09-05T12:26:38","slug":"programa-lixo-zero-mondai-busca-solucoes-inovadoras-para-residuos","status":"publish","type":"post","link":"https:\/\/noticiarioregional.com.br\/?p=7533","title":{"rendered":"Programa Lixo Zero: Monda\u00ed busca solu\u00e7\u00f5es inovadoras para res\u00edduos"},"content":{"rendered":"\n<p>O prefeito, Elizandro Mainardi, acompanhado do engenheiro agr\u00f4nomo, Paulo Anhaia, participou junto a prefeitos dos 34 munic\u00edpios consorciados do CONDER, de uma visita t\u00e9cnica a S\u00e3o Bento do Sul e ao CIMVI, em Timb\u00f3, cujo objetivo, foi conhecer de perto solu\u00e7\u00f5es inovadoras para a gest\u00e3o de res\u00edduos s\u00f3lidos urbanos, a partir da produ\u00e7\u00e3o de biog\u00e1s, biofertilizantes e termopl\u00e1sticos.<\/p>\n\n\n\n<p>Durante a visita a comitiva conferiu de perto projetos com o uso de paredes feitas com materiais recicl\u00e1veis com isolante t\u00e9rmico, e a aplica\u00e7\u00e3o de pavers produzidos a partir do lixo domiciliar.<\/p>\n\n\n\n<p>Em conversa com Jos\u00e9 Francisco Mora, gerente do Cons\u00f3rcio Intermunicipal de Desenvolvimento Regional (CONDER), foi ressaltado que est\u00e1 em andamento um projeto avaliado em aproximadamente R$ 62 milh\u00f5es, inserido no Programa <em>Lixo Zero<\/em>. A proposta prev\u00ea a implanta\u00e7\u00e3o de uma usina de res\u00edduos s\u00f3lidos em S\u00e3o Miguel do Oeste, capaz de processar 100% do lixo dom\u00e9stico n\u00e3o recicl\u00e1vel. O material ser\u00e1 transformado em derivados pl\u00e1sticos, como tubos e pavers, enquanto a fra\u00e7\u00e3o org\u00e2nica ser\u00e1 destinada \u00e0 produ\u00e7\u00e3o de biog\u00e1s, a partir da parte l\u00edquida, e de adubo, com o aproveitamento dos res\u00edduos s\u00f3lidos. <em>\u201c\u00c9 um projeto que est\u00e1 sendo desenvolvido h\u00e1 cerca de um ano pelo CONDER, e agora est\u00e1 na fase final de estudos, da avalia\u00e7\u00e3o quanto a forma mais vi\u00e1vel de sua implanta\u00e7\u00e3o, seja com recursos p\u00fablicos, atrav\u00e9s de parcerias p\u00fablico\/privadas\u201d, <\/em>pontou.&nbsp;<\/p>\n\n\n\n<p>Para Anhaia, a experi\u00eancia foi muito al\u00e9m de conhecer tecnologias: trata-se de abrir horizontes para que Monda\u00ed e os munic\u00edpios da regi\u00e3o possam transformar um problema cr\u00f4nico em oportunidade de desenvolvimento.<em> \u201cExperi\u00eancias como essas inspiram novas pr\u00e1ticas e mostram que, com uni\u00e3o e troca de conhecimento entre munic\u00edpios, \u00e9 poss\u00edvel gerar mudan\u00e7as positivas que impactam diretamente a vida das pessoas e o cuidado com o planeta\u201d,<\/em> disse Anhaia.<\/p>\n\n\n\n<p>&nbsp;&nbsp;&nbsp;&nbsp;&nbsp;&nbsp;&nbsp;&nbsp;&nbsp;&nbsp;&nbsp; O prefeito Elizandro Mainardi disse ser evidente o resultado das a\u00e7\u00f5es voltadas ao meio ambiente e acredita que a usina vai exercer um papel fundamental no Extremo Oeste. <em>\u201cQuando investimos em inova\u00e7\u00e3o na gest\u00e3o de res\u00edduos, estamos cuidando do presente e garantindo um futuro mais sustent\u00e1vel. Queremos trazer para Monda\u00ed e regi\u00e3o ideias que melhorem a qualidade de vida, preservem o meio ambiente e valorizem o futuro das pr\u00f3ximas gera\u00e7\u00f5es\u201d,<\/em> destacou.<\/p>\n","protected":false},"excerpt":{"rendered":"<p>O prefeito, Elizandro Mainardi, acompanhado do engenheiro agr\u00f4nomo, Paulo Anhaia, participou junto a prefeitos dos 34 munic\u00edpios consorciados do CONDER, de uma visita t\u00e9cnica a S\u00e3o Bento do Sul e ao CIMVI, em Timb\u00f3, cujo objetivo, foi conhecer de perto solu\u00e7\u00f5es inovadoras para a gest\u00e3o de res\u00edduos s\u00f3lidos urbanos, a partir da produ\u00e7\u00e3o de biog\u00e1s,<\/p>\n","protected":false},"author":1,"featured_media":7534,"comment_status":"open","ping_status":"open","sticky":false,"template":"","format":"standard","meta":{"footnotes":""},"categories":[41],"tags":[],"class_list":{"0":"post-7533","1":"post","2":"type-post","3":"status-publish","4":"format-standard","5":"has-post-thumbnail","7":"category-noticias"},"_links":{"self":[{"href":"https:\/\/noticiarioregional.com.br\/index.php?rest_route=\/wp\/v2\/posts\/7533","targetHints":{"allow":["GET"]}}],"collection":[{"href":"https:\/\/noticiarioregional.com.br\/index.php?rest_route=\/wp\/v2\/posts"}],"about":[{"href":"https:\/\/noticiarioregional.com.br\/index.php?rest_route=\/wp\/v2\/types\/post"}],"author":[{"embeddable":true,"href":"https:\/\/noticiarioregional.com.br\/index.php?rest_route=\/wp\/v2\/users\/1"}],"replies":[{"embeddable":true,"href":"https:\/\/noticiarioregional.com.br\/index.php?rest_route=%2Fwp%2Fv2%2Fcomments&post=7533"}],"version-history":[{"count":1,"href":"https:\/\/noticiarioregional.com.br\/index.php?rest_route=\/wp\/v2\/posts\/7533\/revisions"}],"predecessor-version":[{"id":7535,"href":"https:\/\/noticiarioregional.com.br\/index.php?rest_route=\/wp\/v2\/posts\/7533\/revisions\/7535"}],"wp:featuredmedia":[{"embeddable":true,"href":"https:\/\/noticiarioregional.com.br\/index.php?rest_route=\/wp\/v2\/media\/7534"}],"wp:attachment":[{"href":"https:\/\/noticiarioregional.com.br\/index.php?rest_route=%2Fwp%2Fv2%2Fmedia&parent=7533"}],"wp:term":[{"taxonomy":"category","embeddable":true,"href":"https:\/\/noticiarioregional.com.br\/index.php?rest_route=%2Fwp%2Fv2%2Fcategories&post=7533"},{"taxonomy":"post_tag","embeddable":true,"href":"https:\/\/noticiarioregional.com.br\/index.php?rest_route=%2Fwp%2Fv2%2Ftags&post=7533"}],"curies":[{"name":"wp","href":"https:\/\/api.w.org\/{rel}","templated":true}]}}