{"id":7536,"date":"2025-09-05T09:33:55","date_gmt":"2025-09-05T12:33:55","guid":{"rendered":"https:\/\/noticiarioregional.com.br\/?p=7536"},"modified":"2025-09-05T09:33:57","modified_gmt":"2025-09-05T12:33:57","slug":"municipio-inicia-preparacao-da-rua-25-de-julho-para-posterior-pavimentacao","status":"publish","type":"post","link":"https:\/\/noticiarioregional.com.br\/?p=7536","title":{"rendered":"Munic\u00edpio inicia prepara\u00e7\u00e3o da Rua 25 de Julho para posterior pavimenta\u00e7\u00e3o"},"content":{"rendered":"\n<p><strong>Riqueza &#8211;<\/strong> A Administra\u00e7\u00e3o Municipal deu in\u00edcio a uma das obras mais aguardadas pela comunidade: a pavimenta\u00e7\u00e3o asf\u00e1ltica da Rua 25 de Julho. Nesta semana, come\u00e7aram os trabalhos preparat\u00f3rios, com a limpeza das laterais e a retirada das antigas cal\u00e7adas, necess\u00e1rias para a instala\u00e7\u00e3o da nova rede de abastecimento de \u00e1gua. O servi\u00e7o est\u00e1 sendo executado pela Companhia Catarinense de \u00c1guas e Saneamento e contempla toda a extens\u00e3o da via que ser\u00e1 pavimentada, em ambos os lados.<\/p>\n\n\n\n<p>O investimento total na obra \u00e9 de aproximadamente R$ 775 mil, sendo R$ 350 mil oriundos do Governo do Estado de Santa Catarina, R$ 200 mil da Uni\u00e3o, al\u00e9m de R$ 225 mil de contrapartida do munic\u00edpio. A pavimenta\u00e7\u00e3o abranger\u00e1 514,75 metros de extens\u00e3o e ser\u00e1 executada pela empresa Gaia Rodovias, vencedora do processo licitat\u00f3rio. A obra sofreu atraso devido a ajustes no projeto, j\u00e1 que foi identificada a necessidade de refor\u00e7ar a base da via antes da aplica\u00e7\u00e3o do asfalto, garantindo assim maior durabilidade e qualidade na pavimenta\u00e7\u00e3o. A assinatura da ordem de servi\u00e7o deve ocorrer nos pr\u00f3ximos dias. A partir dela, a empresa ter\u00e1 quatro meses para concluir os trabalhos, que ir\u00e3o transformar a mobilidade urbana e a qualidade de vida dos moradores locais.<\/p>\n\n\n\n<p>De acordo com a Administra\u00e7\u00e3o Municipal, neste momento, a atua\u00e7\u00e3o est\u00e1 concentrada nas etapas de responsabilidade do munic\u00edpio, como os ajustes de infraestrutura para que a pavimenta\u00e7\u00e3o seja feita de forma adequada e duradoura. \u201c<em>O in\u00edcio desta obra \u00e9 um marco importante para Riqueza. A Rua 25 de Julho \u00e9 uma via estrat\u00e9gica para o munic\u00edpio, utilizada diariamente por moradores. Sabemos o quanto a comunidade aguardava por esse investimento e, por isso, buscamos unir esfor\u00e7os junto ao Estado e \u00e0 Uni\u00e3o para garantir os recursos necess\u00e1rios. Agora, estamos dando os primeiros passos para que em breve possamos entregar uma rua totalmente revitalizada, com mais seguran\u00e7a, mobilidade e valoriza\u00e7\u00e3o para todos que aqui vivem e circulam<\/em>\u201d, disse o vice-prefeito Liandro Jaezinski.<\/p>\n","protected":false},"excerpt":{"rendered":"<p>Riqueza &#8211; A Administra\u00e7\u00e3o Municipal deu in\u00edcio a uma das obras mais aguardadas pela comunidade: a pavimenta\u00e7\u00e3o asf\u00e1ltica da Rua 25 de Julho. Nesta semana, come\u00e7aram os trabalhos preparat\u00f3rios, com a limpeza das laterais e a retirada das antigas cal\u00e7adas, necess\u00e1rias para a instala\u00e7\u00e3o da nova rede de abastecimento de \u00e1gua. O servi\u00e7o est\u00e1 sendo<\/p>\n","protected":false},"author":1,"featured_media":7537,"comment_status":"open","ping_status":"open","sticky":false,"template":"","format":"standard","meta":{"footnotes":""},"categories":[41],"tags":[],"class_list":{"0":"post-7536","1":"post","2":"type-post","3":"status-publish","4":"format-standard","5":"has-post-thumbnail","7":"category-noticias"},"_links":{"self":[{"href":"https:\/\/noticiarioregional.com.br\/index.php?rest_route=\/wp\/v2\/posts\/7536","targetHints":{"allow":["GET"]}}],"collection":[{"href":"https:\/\/noticiarioregional.com.br\/index.php?rest_route=\/wp\/v2\/posts"}],"about":[{"href":"https:\/\/noticiarioregional.com.br\/index.php?rest_route=\/wp\/v2\/types\/post"}],"author":[{"embeddable":true,"href":"https:\/\/noticiarioregional.com.br\/index.php?rest_route=\/wp\/v2\/users\/1"}],"replies":[{"embeddable":true,"href":"https:\/\/noticiarioregional.com.br\/index.php?rest_route=%2Fwp%2Fv2%2Fcomments&post=7536"}],"version-history":[{"count":1,"href":"https:\/\/noticiarioregional.com.br\/index.php?rest_route=\/wp\/v2\/posts\/7536\/revisions"}],"predecessor-version":[{"id":7538,"href":"https:\/\/noticiarioregional.com.br\/index.php?rest_route=\/wp\/v2\/posts\/7536\/revisions\/7538"}],"wp:featuredmedia":[{"embeddable":true,"href":"https:\/\/noticiarioregional.com.br\/index.php?rest_route=\/wp\/v2\/media\/7537"}],"wp:attachment":[{"href":"https:\/\/noticiarioregional.com.br\/index.php?rest_route=%2Fwp%2Fv2%2Fmedia&parent=7536"}],"wp:term":[{"taxonomy":"category","embeddable":true,"href":"https:\/\/noticiarioregional.com.br\/index.php?rest_route=%2Fwp%2Fv2%2Fcategories&post=7536"},{"taxonomy":"post_tag","embeddable":true,"href":"https:\/\/noticiarioregional.com.br\/index.php?rest_route=%2Fwp%2Fv2%2Ftags&post=7536"}],"curies":[{"name":"wp","href":"https:\/\/api.w.org\/{rel}","templated":true}]}}