{"id":7539,"date":"2025-09-05T09:35:44","date_gmt":"2025-09-05T12:35:44","guid":{"rendered":"https:\/\/noticiarioregional.com.br\/?p=7539"},"modified":"2025-09-05T09:35:45","modified_gmt":"2025-09-05T12:35:45","slug":"descanso-recebe-caminhao-cacamba-novo-para-atender-a-demanda-da-secretaria-de-transportes","status":"publish","type":"post","link":"https:\/\/noticiarioregional.com.br\/?p=7539","title":{"rendered":"Descanso recebe caminh\u00e3o ca\u00e7amba novo para atender \u00e0 demanda da Secretaria de Transportes"},"content":{"rendered":"\n<p>Descanso &#8211; Na manh\u00e3 de segunda-feira, 25, a Secretaria de Transportes de Descanso recebeu um caminh\u00e3o ca\u00e7amba novo, adquirido por meio de conv\u00eanio com a Secretaria do Estado da Infraestrutura e Mobilidade, com uma contrapartida do munic\u00edpio. O investimento totalizou 605.900,00 reais, visando suprir as demandas do setor.<\/p>\n\n\n\n<p>Durante a entrega t\u00e9cnica, o prefeito, Juliano Kasper, celebrou mais esta conquista do atual governo. \u201cEste ve\u00edculo foi recebido em menos de uma semana ap\u00f3s a solicita\u00e7\u00e3o junto ao Estado. Essa parceria entre munic\u00edpio e Estado demonstra efici\u00eancia na gest\u00e3o e a import\u00e2ncia de estar atento \u00e0s a\u00e7\u00f5es r\u00e1pidas para melhorar e estruturar os setores da municipalidade\u201d, enfatiza Kasper.<\/p>\n\n\n\n<p>O ve\u00edculo chega para fortalecer as atividades de recupera\u00e7\u00e3o, manuten\u00e7\u00e3o e conserva\u00e7\u00e3o da malha vi\u00e1ria do interior do munic\u00edpio, contribuindo para a melhoria do fluxo de tr\u00e1fego e a seguran\u00e7a no deslocamento di\u00e1rio da popula\u00e7\u00e3o.<\/p>\n\n\n\n<p>Para o secret\u00e1rio, Neimar Signor, o ve\u00edculo ser\u00e1 um grande aliado da frota j\u00e1 existente. \u201cEstamos comprometidos e dedicados na recupera\u00e7\u00e3o e&nbsp; manuten\u00e7\u00e3o das estradas do nosso interior, bem como aos acessos \u00e0s propriedades agr\u00edcolas, ao alargamento das ruas e \u00e0 limpeza de valas, para garantir uma trafegabilidade com seguran\u00e7a para todos os produtores, moradores e, tamb\u00e9m, para o escoamento da produ\u00e7\u00e3o agr\u00edcola\u201d, finaliza.<\/p>\n\n\n\n<figure class=\"wp-block-image size-large\"><img fetchpriority=\"high\" decoding=\"async\" width=\"1024\" height=\"768\" src=\"https:\/\/noticiarioregional.com.br\/wp-content\/uploads\/2025\/09\/Caminhao-truck-cacamba-tracado-1024x768.jpeg\" alt=\"\" class=\"wp-image-7541\" srcset=\"https:\/\/noticiarioregional.com.br\/wp-content\/uploads\/2025\/09\/Caminhao-truck-cacamba-tracado-1024x768.jpeg 1024w, https:\/\/noticiarioregional.com.br\/wp-content\/uploads\/2025\/09\/Caminhao-truck-cacamba-tracado-300x225.jpeg 300w, https:\/\/noticiarioregional.com.br\/wp-content\/uploads\/2025\/09\/Caminhao-truck-cacamba-tracado-768x576.jpeg 768w, https:\/\/noticiarioregional.com.br\/wp-content\/uploads\/2025\/09\/Caminhao-truck-cacamba-tracado-1536x1152.jpeg 1536w, https:\/\/noticiarioregional.com.br\/wp-content\/uploads\/2025\/09\/Caminhao-truck-cacamba-tracado-150x113.jpeg 150w, https:\/\/noticiarioregional.com.br\/wp-content\/uploads\/2025\/09\/Caminhao-truck-cacamba-tracado-450x338.jpeg 450w, https:\/\/noticiarioregional.com.br\/wp-content\/uploads\/2025\/09\/Caminhao-truck-cacamba-tracado-1200x900.jpeg 1200w, https:\/\/noticiarioregional.com.br\/wp-content\/uploads\/2025\/09\/Caminhao-truck-cacamba-tracado.jpeg 1600w\" sizes=\"(max-width: 1024px) 100vw, 1024px\" \/><\/figure>\n","protected":false},"excerpt":{"rendered":"<p>Descanso &#8211; Na manh\u00e3 de segunda-feira, 25, a Secretaria de Transportes de Descanso recebeu um caminh\u00e3o ca\u00e7amba novo, adquirido por meio de conv\u00eanio com a Secretaria do Estado da Infraestrutura e Mobilidade, com uma contrapartida do munic\u00edpio. O investimento totalizou 605.900,00 reais, visando suprir as demandas do setor. Durante a entrega t\u00e9cnica, o prefeito, Juliano<\/p>\n","protected":false},"author":1,"featured_media":7540,"comment_status":"open","ping_status":"open","sticky":false,"template":"","format":"standard","meta":{"footnotes":""},"categories":[41],"tags":[],"class_list":{"0":"post-7539","1":"post","2":"type-post","3":"status-publish","4":"format-standard","5":"has-post-thumbnail","7":"category-noticias"},"_links":{"self":[{"href":"https:\/\/noticiarioregional.com.br\/index.php?rest_route=\/wp\/v2\/posts\/7539","targetHints":{"allow":["GET"]}}],"collection":[{"href":"https:\/\/noticiarioregional.com.br\/index.php?rest_route=\/wp\/v2\/posts"}],"about":[{"href":"https:\/\/noticiarioregional.com.br\/index.php?rest_route=\/wp\/v2\/types\/post"}],"author":[{"embeddable":true,"href":"https:\/\/noticiarioregional.com.br\/index.php?rest_route=\/wp\/v2\/users\/1"}],"replies":[{"embeddable":true,"href":"https:\/\/noticiarioregional.com.br\/index.php?rest_route=%2Fwp%2Fv2%2Fcomments&post=7539"}],"version-history":[{"count":1,"href":"https:\/\/noticiarioregional.com.br\/index.php?rest_route=\/wp\/v2\/posts\/7539\/revisions"}],"predecessor-version":[{"id":7542,"href":"https:\/\/noticiarioregional.com.br\/index.php?rest_route=\/wp\/v2\/posts\/7539\/revisions\/7542"}],"wp:featuredmedia":[{"embeddable":true,"href":"https:\/\/noticiarioregional.com.br\/index.php?rest_route=\/wp\/v2\/media\/7540"}],"wp:attachment":[{"href":"https:\/\/noticiarioregional.com.br\/index.php?rest_route=%2Fwp%2Fv2%2Fmedia&parent=7539"}],"wp:term":[{"taxonomy":"category","embeddable":true,"href":"https:\/\/noticiarioregional.com.br\/index.php?rest_route=%2Fwp%2Fv2%2Fcategories&post=7539"},{"taxonomy":"post_tag","embeddable":true,"href":"https:\/\/noticiarioregional.com.br\/index.php?rest_route=%2Fwp%2Fv2%2Ftags&post=7539"}],"curies":[{"name":"wp","href":"https:\/\/api.w.org\/{rel}","templated":true}]}}