{"id":7543,"date":"2025-09-05T09:49:14","date_gmt":"2025-09-05T12:49:14","guid":{"rendered":"https:\/\/noticiarioregional.com.br\/?p=7543"},"modified":"2025-09-05T09:49:41","modified_gmt":"2025-09-05T12:49:41","slug":"stf-define-prazo-minimo-de-120-dias-para-convocacao-de-suplentes","status":"publish","type":"post","link":"https:\/\/noticiarioregional.com.br\/?p=7543","title":{"rendered":"STF define prazo m\u00ednimo de 120 dias para convoca\u00e7\u00e3o de suplentes"},"content":{"rendered":"\n<h2 class=\"wp-block-heading has-regular-font-size\">Por Jocel\u00e2yne Bauer<\/h2>\n\n\n\n<p>As C\u00e2maras de Vereadores de Santa Catarina, assim como de todo o pa\u00eds, precisar\u00e3o rever suas normas internas a respeito da convoca\u00e7\u00e3o de suplentes em casos de afastamento tempor\u00e1rio de parlamentares. O Supremo Tribunal Federal consolidou entendimento de que apenas em licen\u00e7as superiores a 120 dias \u00e9 poss\u00edvel chamar suplente para assumir a vaga, em cumprimento ao que determina a Constitui\u00e7\u00e3o Federal.<\/p>\n\n\n\n<p>A decis\u00e3o atinge diretamente munic\u00edpios que ainda mant\u00eam em suas Leis Org\u00e2nicas ou Regimentos Internos prazos inferiores \u2013 muitas vezes de 30 ou 60 dias \u2013 pr\u00e1tica agora considerada inconstitucional. Caso um suplente seja convocado em prazo inferior ao estabelecido pela Constitui\u00e7\u00e3o, pode haver responsabiliza\u00e7\u00e3o civil e administrativa, al\u00e9m da nulidade de delibera\u00e7\u00f5es legislativas aprovadas com sua participa\u00e7\u00e3o. H\u00e1 tamb\u00e9m risco de preju\u00edzo ao er\u00e1rio, pelo pagamento indevido de subs\u00eddios a suplentes.<\/p>\n\n\n\n<p>&nbsp;&nbsp;&nbsp;&nbsp;&nbsp;&nbsp;&nbsp;&nbsp;&nbsp;&nbsp;&nbsp; <strong>Em conversa com a presidente da C\u00e2mara de Vereadores de Caibi, Edimara Terezinha Conte Portes <em>(foto detalhe)<\/em><\/strong>, declarou que a C\u00e2mara Municipal de Caibi ainda n\u00e3o se posicionou oficialmente a respeito, mas que est\u00e3o acompanhando o desenrolar dos fatos e, no momento oportuno, ir\u00e1 deliberar sobre o tema e definir qual dire\u00e7\u00e3o seguir\u00e1.<\/p>\n\n\n\n<p>&nbsp;&nbsp;&nbsp;&nbsp;&nbsp;&nbsp;&nbsp;&nbsp;&nbsp;&nbsp;&nbsp; <strong>Em Riqueza, em contato com o presidente Junior Steffen <em>(foto detalhe)<\/em><\/strong>, relatou que at\u00e9 o momento, nenhum vereador solicitou afastamento, mas que ser\u00e1 seguido o que determina a lei federal, inclusive, os vereadores est\u00e3o cientes da decis\u00e3o do STF.<\/p>\n","protected":false},"excerpt":{"rendered":"<p>Por Jocel\u00e2yne Bauer As C\u00e2maras de Vereadores de Santa Catarina, assim como de todo o pa\u00eds, precisar\u00e3o rever suas normas internas a respeito da convoca\u00e7\u00e3o de suplentes em casos de afastamento tempor\u00e1rio de parlamentares. O Supremo Tribunal Federal consolidou entendimento de que apenas em licen\u00e7as superiores a 120 dias \u00e9 poss\u00edvel chamar suplente para assumir<\/p>\n","protected":false},"author":1,"featured_media":7544,"comment_status":"open","ping_status":"open","sticky":false,"template":"","format":"standard","meta":{"footnotes":""},"categories":[41,1],"tags":[],"class_list":{"0":"post-7543","1":"post","2":"type-post","3":"status-publish","4":"format-standard","5":"has-post-thumbnail","7":"category-noticias","8":"category-sem-categoria"},"_links":{"self":[{"href":"https:\/\/noticiarioregional.com.br\/index.php?rest_route=\/wp\/v2\/posts\/7543","targetHints":{"allow":["GET"]}}],"collection":[{"href":"https:\/\/noticiarioregional.com.br\/index.php?rest_route=\/wp\/v2\/posts"}],"about":[{"href":"https:\/\/noticiarioregional.com.br\/index.php?rest_route=\/wp\/v2\/types\/post"}],"author":[{"embeddable":true,"href":"https:\/\/noticiarioregional.com.br\/index.php?rest_route=\/wp\/v2\/users\/1"}],"replies":[{"embeddable":true,"href":"https:\/\/noticiarioregional.com.br\/index.php?rest_route=%2Fwp%2Fv2%2Fcomments&post=7543"}],"version-history":[{"count":1,"href":"https:\/\/noticiarioregional.com.br\/index.php?rest_route=\/wp\/v2\/posts\/7543\/revisions"}],"predecessor-version":[{"id":7545,"href":"https:\/\/noticiarioregional.com.br\/index.php?rest_route=\/wp\/v2\/posts\/7543\/revisions\/7545"}],"wp:featuredmedia":[{"embeddable":true,"href":"https:\/\/noticiarioregional.com.br\/index.php?rest_route=\/wp\/v2\/media\/7544"}],"wp:attachment":[{"href":"https:\/\/noticiarioregional.com.br\/index.php?rest_route=%2Fwp%2Fv2%2Fmedia&parent=7543"}],"wp:term":[{"taxonomy":"category","embeddable":true,"href":"https:\/\/noticiarioregional.com.br\/index.php?rest_route=%2Fwp%2Fv2%2Fcategories&post=7543"},{"taxonomy":"post_tag","embeddable":true,"href":"https:\/\/noticiarioregional.com.br\/index.php?rest_route=%2Fwp%2Fv2%2Ftags&post=7543"}],"curies":[{"name":"wp","href":"https:\/\/api.w.org\/{rel}","templated":true}]}}