{"id":7549,"date":"2025-09-05T09:56:00","date_gmt":"2025-09-05T12:56:00","guid":{"rendered":"https:\/\/noticiarioregional.com.br\/?p=7549"},"modified":"2025-09-05T09:56:20","modified_gmt":"2025-09-05T12:56:20","slug":"cresol-evolucao-reinaugura-centro-administrativo-em-dionisio-cerqueira","status":"publish","type":"post","link":"https:\/\/noticiarioregional.com.br\/?p=7549","title":{"rendered":"Cresol Evolu\u00e7\u00e3o reinaugura Centro Administrativo em Dion\u00edsio Cerqueira"},"content":{"rendered":"\n<p>Na noite de sexta-feira, 22, a Cresol Evolu\u00e7\u00e3o realizou a reinaugura\u00e7\u00e3o do seu Centro Administrativo em Dion\u00edsio Cerqueira\/SC. O espa\u00e7o concentra \u00e1reas estrat\u00e9gicas e operacionais que d\u00e3o suporte ao trabalho das ag\u00eancias, garantindo mais agilidade, efici\u00eancia e qualidade no atendimento \u00e0s necessidades dos associados. Atualmente, mais de 40 colaboradores atuam no local.<\/p>\n\n\n\n<p>O evento reuniu mais de 170 pessoas, entre lideran\u00e7as cooperativistas, autoridades pol\u00edticas, representantes de entidades, empresas parceiras e colaboradores. Estiveram presentes, entre outros: Geovane Giebelmeier, presidente da Cresol Evolu\u00e7\u00e3o; Jair Spinelli, vice-presidente da Cresol Evolu\u00e7\u00e3o; Anderson Smerdel, Diretor Superintendente da Cresol Evolu\u00e7\u00e3o; Jonas Ansolin, Diretor Comercial; F\u00e1bio Sangaletti, Diretor de Opera\u00e7\u00f5es; Ant\u00f4nio Carlos Soares, Superintendente da Cresol Central Brasil; al\u00e9m de representantes do poder p\u00fablico municipal, sindicatos, associa\u00e7\u00f5es, for\u00e7as de seguran\u00e7a e lideran\u00e7as religiosas.<\/p>\n\n\n\n<p>O Presidente da Cresol Evolu\u00e7\u00e3o, Geovane Giebelmeier, ressaltou o legado da cooperativa e sua contribui\u00e7\u00e3o para a regi\u00e3o ao longo de quase tr\u00eas d\u00e9cadas: \u201cA Cresol Evolu\u00e7\u00e3o completou 27 anos de hist\u00f3ria em 2025. S\u00e3o quase tr\u00eas d\u00e9cadas de trabalho junto \u00e0s comunidades, mostrando que o cooperativismo \u00e9, sim, capaz de transformar realidades e gerar desenvolvimento. Este Centro Administrativo \u00e9 mais um passo para refor\u00e7ar nossa presen\u00e7a e nossa miss\u00e3o de estar ao lado de quem produz e faz a economia girar.\u201d<\/p>\n\n\n\n<p>A reinaugura\u00e7\u00e3o marca um momento simb\u00f3lico para a Cresol Evolu\u00e7\u00e3o, refor\u00e7ando o compromisso da cooperativa com a comunidade e consolidando sua atua\u00e7\u00e3o regional, com base nos princ\u00edpios do cooperativismo, da solidariedade e do desenvolvimento sustent\u00e1vel.<\/p>\n\n\n\n<p>Sobre a Cresol Evolu\u00e7\u00e3o<\/p>\n\n\n\n<p>A Cresol Evolu\u00e7\u00e3o \u00e9 uma cooperativa de cr\u00e9dito com 27 anos de hist\u00f3ria, que atua no fortalecimento econ\u00f4mico e social da regi\u00e3o por meio de solu\u00e7\u00f5es financeiras cooperativas. Atualmente, possui ag\u00eancias em Dion\u00edsio Cerqueira (incluindo a Sala de Neg\u00f3cios do empreendimento comercial Bonno), Guaruj\u00e1 do Sul, Princesa, Anchieta, Palma Sola, Guaraciaba, Descanso, Ipor\u00e3 do Oeste, Monda\u00ed, S\u00e3o Jo\u00e3o do Oeste, al\u00e9m da Conecta \u2013 ag\u00eancia digital.<\/p>\n","protected":false},"excerpt":{"rendered":"<p>Na noite de sexta-feira, 22, a Cresol Evolu\u00e7\u00e3o realizou a reinaugura\u00e7\u00e3o do seu Centro Administrativo em Dion\u00edsio Cerqueira\/SC. O espa\u00e7o concentra \u00e1reas estrat\u00e9gicas e operacionais que d\u00e3o suporte ao trabalho das ag\u00eancias, garantindo mais agilidade, efici\u00eancia e qualidade no atendimento \u00e0s necessidades dos associados. Atualmente, mais de 40 colaboradores atuam no local. O evento reuniu<\/p>\n","protected":false},"author":1,"featured_media":7550,"comment_status":"open","ping_status":"open","sticky":false,"template":"","format":"standard","meta":{"footnotes":""},"categories":[41],"tags":[],"class_list":{"0":"post-7549","1":"post","2":"type-post","3":"status-publish","4":"format-standard","5":"has-post-thumbnail","7":"category-noticias"},"_links":{"self":[{"href":"https:\/\/noticiarioregional.com.br\/index.php?rest_route=\/wp\/v2\/posts\/7549","targetHints":{"allow":["GET"]}}],"collection":[{"href":"https:\/\/noticiarioregional.com.br\/index.php?rest_route=\/wp\/v2\/posts"}],"about":[{"href":"https:\/\/noticiarioregional.com.br\/index.php?rest_route=\/wp\/v2\/types\/post"}],"author":[{"embeddable":true,"href":"https:\/\/noticiarioregional.com.br\/index.php?rest_route=\/wp\/v2\/users\/1"}],"replies":[{"embeddable":true,"href":"https:\/\/noticiarioregional.com.br\/index.php?rest_route=%2Fwp%2Fv2%2Fcomments&post=7549"}],"version-history":[{"count":1,"href":"https:\/\/noticiarioregional.com.br\/index.php?rest_route=\/wp\/v2\/posts\/7549\/revisions"}],"predecessor-version":[{"id":7551,"href":"https:\/\/noticiarioregional.com.br\/index.php?rest_route=\/wp\/v2\/posts\/7549\/revisions\/7551"}],"wp:featuredmedia":[{"embeddable":true,"href":"https:\/\/noticiarioregional.com.br\/index.php?rest_route=\/wp\/v2\/media\/7550"}],"wp:attachment":[{"href":"https:\/\/noticiarioregional.com.br\/index.php?rest_route=%2Fwp%2Fv2%2Fmedia&parent=7549"}],"wp:term":[{"taxonomy":"category","embeddable":true,"href":"https:\/\/noticiarioregional.com.br\/index.php?rest_route=%2Fwp%2Fv2%2Fcategories&post=7549"},{"taxonomy":"post_tag","embeddable":true,"href":"https:\/\/noticiarioregional.com.br\/index.php?rest_route=%2Fwp%2Fv2%2Ftags&post=7549"}],"curies":[{"name":"wp","href":"https:\/\/api.w.org\/{rel}","templated":true}]}}