{"id":7567,"date":"2025-09-05T10:05:53","date_gmt":"2025-09-05T13:05:53","guid":{"rendered":"https:\/\/noticiarioregional.com.br\/?p=7567"},"modified":"2025-09-05T10:05:54","modified_gmt":"2025-09-05T13:05:54","slug":"cem-anos-de-fe-coragem-e-tradicao-dona-eduvirges-slavieiro-secco-celebra-centenario-de-vida","status":"publish","type":"post","link":"https:\/\/noticiarioregional.com.br\/?p=7567","title":{"rendered":"Cem anos de f\u00e9, coragem e tradi\u00e7\u00e3o: Dona Eduvirges Slavieiro Secco celebra centen\u00e1rio de vida"},"content":{"rendered":"\n<figure class=\"wp-block-gallery has-nested-images columns-default is-cropped wp-block-gallery-1 is-layout-flex wp-block-gallery-is-layout-flex\">\n<figure class=\"wp-block-image size-large\"><img fetchpriority=\"high\" decoding=\"async\" width=\"751\" height=\"1024\" data-id=\"7569\" src=\"https:\/\/noticiarioregional.com.br\/wp-content\/uploads\/2025\/09\/NR-43_page-0001-11-751x1024.jpg\" alt=\"\" class=\"wp-image-7569\" srcset=\"https:\/\/noticiarioregional.com.br\/wp-content\/uploads\/2025\/09\/NR-43_page-0001-11-751x1024.jpg 751w, https:\/\/noticiarioregional.com.br\/wp-content\/uploads\/2025\/09\/NR-43_page-0001-11-220x300.jpg 220w, https:\/\/noticiarioregional.com.br\/wp-content\/uploads\/2025\/09\/NR-43_page-0001-11-768x1047.jpg 768w, https:\/\/noticiarioregional.com.br\/wp-content\/uploads\/2025\/09\/NR-43_page-0001-11-1127x1536.jpg 1127w, https:\/\/noticiarioregional.com.br\/wp-content\/uploads\/2025\/09\/NR-43_page-0001-11-1502x2048.jpg 1502w, https:\/\/noticiarioregional.com.br\/wp-content\/uploads\/2025\/09\/NR-43_page-0001-11-150x204.jpg 150w, https:\/\/noticiarioregional.com.br\/wp-content\/uploads\/2025\/09\/NR-43_page-0001-11-450x613.jpg 450w, https:\/\/noticiarioregional.com.br\/wp-content\/uploads\/2025\/09\/NR-43_page-0001-11-1200x1636.jpg 1200w, https:\/\/noticiarioregional.com.br\/wp-content\/uploads\/2025\/09\/NR-43_page-0001-11.jpg 1625w\" sizes=\"(max-width: 751px) 100vw, 751px\" \/><\/figure>\n<\/figure>\n","protected":false},"excerpt":{"rendered":"","protected":false},"author":1,"featured_media":7568,"comment_status":"open","ping_status":"open","sticky":false,"template":"","format":"standard","meta":{"footnotes":""},"categories":[48],"tags":[],"class_list":{"0":"post-7567","1":"post","2":"type-post","3":"status-publish","4":"format-standard","5":"has-post-thumbnail","7":"category-a-vida-como-ela-e"},"_links":{"self":[{"href":"https:\/\/noticiarioregional.com.br\/index.php?rest_route=\/wp\/v2\/posts\/7567","targetHints":{"allow":["GET"]}}],"collection":[{"href":"https:\/\/noticiarioregional.com.br\/index.php?rest_route=\/wp\/v2\/posts"}],"about":[{"href":"https:\/\/noticiarioregional.com.br\/index.php?rest_route=\/wp\/v2\/types\/post"}],"author":[{"embeddable":true,"href":"https:\/\/noticiarioregional.com.br\/index.php?rest_route=\/wp\/v2\/users\/1"}],"replies":[{"embeddable":true,"href":"https:\/\/noticiarioregional.com.br\/index.php?rest_route=%2Fwp%2Fv2%2Fcomments&post=7567"}],"version-history":[{"count":1,"href":"https:\/\/noticiarioregional.com.br\/index.php?rest_route=\/wp\/v2\/posts\/7567\/revisions"}],"predecessor-version":[{"id":7570,"href":"https:\/\/noticiarioregional.com.br\/index.php?rest_route=\/wp\/v2\/posts\/7567\/revisions\/7570"}],"wp:featuredmedia":[{"embeddable":true,"href":"https:\/\/noticiarioregional.com.br\/index.php?rest_route=\/wp\/v2\/media\/7568"}],"wp:attachment":[{"href":"https:\/\/noticiarioregional.com.br\/index.php?rest_route=%2Fwp%2Fv2%2Fmedia&parent=7567"}],"wp:term":[{"taxonomy":"category","embeddable":true,"href":"https:\/\/noticiarioregional.com.br\/index.php?rest_route=%2Fwp%2Fv2%2Fcategories&post=7567"},{"taxonomy":"post_tag","embeddable":true,"href":"https:\/\/noticiarioregional.com.br\/index.php?rest_route=%2Fwp%2Fv2%2Ftags&post=7567"}],"curies":[{"name":"wp","href":"https:\/\/api.w.org\/{rel}","templated":true}]}}